{"id":102983,"date":"2021-08-15T20:36:16","date_gmt":"2021-08-15T18:36:16","guid":{"rendered":"https:\/\/www.claret.org\/ir-josep-jo-estrada-cmf\/"},"modified":"2021-08-15T20:36:16","modified_gmt":"2021-08-15T18:36:16","slug":"ir-josep-jo-estrada-cmf","status":"publish","type":"post","link":"https:\/\/www.claret.org\/pt-pt\/ir-josep-jo-estrada-cmf\/","title":{"rendered":"Ir. JOSEP JO ESTRADA, CMF"},"content":{"rendered":"<p><span style=\"font-family: 'times new roman', times, serif; font-size: 14pt;\">Faleceu no dia 15 de agosto de 2021, em Barcelona, Espanha, v\u00edtima do Covid-10.<\/span><\/p>\n<p><span style=\"font-family: 'times new roman', times, serif; font-size: 14pt;\">Tinha 89 anos.<\/span><\/p>\n<p><span style=\"font-family: 'times new roman', times, serif; font-size: 14pt;\">Pertencia \u00e0 Prov\u00edncia de Sanctus Paulus.<\/span><\/p>\n<p><span style=\"font-family: 'times new roman', times, serif; font-size: 14pt;\">Descanse na Paz do Senhor!<\/span><\/p>\n","protected":false},"excerpt":{"rendered":"<p>Faleceu no dia 15 de agosto de 2021, em Barcelona, Espanha, v\u00edtima do Covid-10. Tinha 89 anos. Pertencia \u00e0 Prov\u00edncia de Sanctus Paulus. Descanse na Paz do Senhor!<\/p>\n","protected":false},"author":3,"featured_media":102666,"comment_status":"closed","ping_status":"closed","sticky":false,"template":"","format":"standard","meta":{"_et_pb_use_builder":"","_et_pb_old_content":"","_et_gb_content_width":"","footnotes":""},"categories":[562],"tags":[],"class_list":["post-102983","post","type-post","status-publish","format-standard","has-post-thumbnail","hentry","category-falecido"],"jetpack_featured_media_url":"https:\/\/i0.wp.com\/www.claret.org\/wp-content\/uploads\/2021\/08\/Josep-Jo-Estrada.jpg?fit=263%2C376&ssl=1","jetpack_sharing_enabled":true,"jetpack_shortlink":"https:\/\/wp.me\/pdaBmi-qN1","jetpack_likes_enabled":true,"_links":{"self":[{"href":"https:\/\/www.claret.org\/pt-pt\/wp-json\/wp\/v2\/posts\/102983","targetHints":{"allow":["GET"]}}],"collection":[{"href":"https:\/\/www.claret.org\/pt-pt\/wp-json\/wp\/v2\/posts"}],"about":[{"href":"https:\/\/www.claret.org\/pt-pt\/wp-json\/wp\/v2\/types\/post"}],"author":[{"embeddable":true,"href":"https:\/\/www.claret.org\/pt-pt\/wp-json\/wp\/v2\/users\/3"}],"replies":[{"embeddable":true,"href":"https:\/\/www.claret.org\/pt-pt\/wp-json\/wp\/v2\/comments?post=102983"}],"version-history":[{"count":0,"href":"https:\/\/www.claret.org\/pt-pt\/wp-json\/wp\/v2\/posts\/102983\/revisions"}],"wp:featuredmedia":[{"embeddable":true,"href":"https:\/\/www.claret.org\/pt-pt\/wp-json\/wp\/v2\/media\/102666"}],"wp:attachment":[{"href":"https:\/\/www.claret.org\/pt-pt\/wp-json\/wp\/v2\/media?parent=102983"}],"wp:term":[{"taxonomy":"category","embeddable":true,"href":"https:\/\/www.claret.org\/pt-pt\/wp-json\/wp\/v2\/categories?post=102983"},{"taxonomy":"post_tag","embeddable":true,"href":"https:\/\/www.claret.org\/pt-pt\/wp-json\/wp\/v2\/tags?post=102983"}],"curies":[{"name":"wp","href":"https:\/\/api.w.org\/{rel}","templated":true}]}}