{"id":103690,"date":"2021-08-26T08:30:51","date_gmt":"2021-08-26T06:30:51","guid":{"rendered":"https:\/\/www.claret.org\/?p=103690"},"modified":"2021-08-26T08:30:51","modified_gmt":"2021-08-26T06:30:51","slug":"xxvi-capitulo-geral-governar-e-tambem-comunicar-25-de-agosto-de-2021","status":"publish","type":"post","link":"https:\/\/www.claret.org\/pt-pt\/xxvi-capitulo-geral-governar-e-tambem-comunicar-25-de-agosto-de-2021\/","title":{"rendered":"XXVI Cap\u00edtulo Geral. Governar \u00e9 tamb\u00e9m comunicar (25 de agosto de 2021)"},"content":{"rendered":"<p><span style=\"font-family: verdana, geneva, sans-serif; font-size: 14pt;\"><strong>Nemi, It\u00e1lia. 25 de agosto de 2021<\/strong>. Dez dias se passaram desde o in\u00edcio de nosso Cap\u00edtulo Geral. A caminhada continua e continuamos compartilhando o que consideramos mais relevante sobre a vida atual e a miss\u00e3o de nossa Congrega\u00e7\u00e3o. Se ontem nos detivemos em todo o trabalho desenvolvido em torno das quest\u00f5es de justi\u00e7a, paz e integridade da cria\u00e7\u00e3o, hoje dedicamos o nosso tempo ao governo e \u00e0s comunica\u00e7\u00f5es.<\/span><\/p>\n<p><span style=\"font-family: verdana, geneva, sans-serif; font-size: 14pt;\">O dia come\u00e7a, como de costume, em torno da mesa dupla do P\u00e3o e da Palavra. Os irm\u00e3os da Prov\u00edncia da Am\u00e9rica Central animam a liturgia, primeiro relembrando o anivers\u00e1rio da funda\u00e7\u00e3o das Mission\u00e1rias Claretianas e parabenizando sua atual Superiora Geral, Jolanta Kafka, que continua acompanhando nossa assembleia como facilitadora. O Evangelho nos convida a conjugar o an\u00fancio da Boa Nova com a den\u00fancia das estruturas injustas que impedem o florescimento do Reino de Deus entre n\u00f3s. Em sintonia com este chamado evang\u00e9lico, o resto do dia abordamos a dimens\u00e3o comunicativa do nosso governo e da nossa miss\u00e3o.<\/span><\/p>\n<p><span style=\"font-family: verdana, geneva, sans-serif; font-size: 14pt;\">Governar \u00e9 tamb\u00e9m comunicar, a boa comunica\u00e7\u00e3o resulta no bem do governo e, em geral, da miss\u00e3o: repetiram-nos v\u00e1rias vezes ao longo das diferentes interven\u00e7\u00f5es que moldaram o nosso trabalho. Este trabalho foi orientado por, por um lado, pelos claretianos membros do rec\u00e9m-criado escrit\u00f3rio de comunica\u00e7\u00e3o da C\u00faria geral, Ir. Mario Kevin Armijo, Pe. Joseph Ikemefuna e o di\u00e1cono Edgar Salgado; de outro, o Pe. Henry Omonisaye, elemento de liga\u00e7\u00e3o do referido Escrit\u00f3rio com todo o Governo Geral; da mesma forma, o Pe. Jos\u00e9 Enrique Garc\u00eda Rizo, cmf, aluno da Faculdade de Comunica\u00e7\u00e3o Social Institucional da Pontif\u00edcia Universidade da Santa Cruz (Roma), e, finalmente, dois especialistas na \u00e1rea, o Professor Pe. Jos\u00e9 Mar\u00eda La Porte, a professor da referida universidade, e o salesiano Pe. Javier Valiente, atual vice-diretor do programa semanal El D\u00eda del Se\u00f1or da Televis\u00e3o Espanhola. Por meio de pequenas confer\u00eancias, oficinas e compartilhamento de boas pr\u00e1ticas (incluindo as contribui\u00e7\u00f5es das prov\u00edncias do Brasil e dos EUA-Canad\u00e1 e o trabalho conjunto da juventude e da Fam\u00edlia Claretiana de MICLA com o apoio do Pe. Julio Daniel Arv\u00e1ez, cmf, do prov\u00edncia da Am\u00e9rica Central), todos eles mostraram como \u00e9 o mundo em que vivemos e como canalizar o nosso desejo de comunicar nele e com ele da melhor forma poss\u00edvel, tornando a nossa identidade evangelizadora transparente a todos os n\u00edveis.<\/span><\/p>\n<p><span style=\"font-family: verdana, geneva, sans-serif; font-size: 14pt;\">Neste contexto, o Pe. Carlos S\u00e1nchez Miranda, cmf, apresentou aos capitulares o filme Claret, visto na noite anterior, destacando quais s\u00e3o os objetivos desta iniciativa, como tem sido realizada e quais seriam as chaves a partir das quais interpretar bem o resultado final. Tanto o diretor do longa-metragem, Pablo Moreno, quanto os claretianos que acompanharam o projeto destacam que, embora rigoroso, o filme n\u00e3o foi concebido como um document\u00e1rio hist\u00f3rico, mas antes como uma forma de apresentar a figura de Santo Ant\u00f4nio Maria. Claret hoje, com uma perspectiva simb\u00f3lica, art\u00edstica e universal, para que o nosso fundador seja conhecido e provoque interpela\u00e7\u00f5es em todo o mundo nesta altura do s\u00e9culo XXI.<\/span><\/p>\n<p><span style=\"font-family: verdana, geneva, sans-serif; font-size: 14pt;\">Tudo o que foi pensado, trabalhado e discutido durante o dia se transformou em canto e ora\u00e7\u00e3o ao anoitecer. Inspirados por alguns n\u00fameros da enc\u00edclica Fratelli tutti e unidos \u00e0 mulher que proclama pelos s\u00e9culos a grandeza do Senhor, a bendita comunicadora do nome de Jesus, colocamos a nossa voz ao servi\u00e7o do Senhor. Queremos que seu an\u00fancio ressoe em todos os povos da terra, para que todos juntos possamos um dia nos alegrar em Deus, nosso Salvador.<\/span><\/p>\n<p>&nbsp;<\/p>\n<p>&nbsp;<\/p>\n<p><span style=\"font-family: verdana, geneva, sans-serif; font-size: 14pt;\">[envira-gallery id=&#8221;103627&#8243;]<\/span><\/p>\n","protected":false},"excerpt":{"rendered":"<p>Nemi, It\u00e1lia. 25 de agosto de 2021. Dez dias se passaram desde o in\u00edcio de nosso Cap\u00edtulo Geral. A caminhada continua e continuamos compartilhando o que consideramos mais relevante sobre a vida atual e a miss\u00e3o de nossa Congrega\u00e7\u00e3o. Se ontem nos detivemos em todo o trabalho desenvolvido em torno das quest\u00f5es de justi\u00e7a, paz [&hellip;]<\/p>\n","protected":false},"author":1,"featured_media":103674,"comment_status":"closed","ping_status":"closed","sticky":false,"template":"","format":"standard","meta":{"_et_pb_use_builder":"","_et_pb_old_content":"","_et_gb_content_width":"","footnotes":""},"categories":[516,1099,606,2520],"tags":[],"class_list":["post-103690","post","type-post","status-publish","format-standard","has-post-thumbnail","hentry","category-capitulos-gerais","category-congregacao","category-painel-dos-avisos","category-xxvi-capitulo-geral"],"jetpack_featured_media_url":"https:\/\/i0.wp.com\/www.claret.org\/wp-content\/uploads\/2021\/08\/Cover-7.png?fit=700%2C400&ssl=1","jetpack_sharing_enabled":true,"jetpack_shortlink":"https:\/\/wp.me\/pdaBmi-qYq","jetpack_likes_enabled":true,"_links":{"self":[{"href":"https:\/\/www.claret.org\/pt-pt\/wp-json\/wp\/v2\/posts\/103690","targetHints":{"allow":["GET"]}}],"collection":[{"href":"https:\/\/www.claret.org\/pt-pt\/wp-json\/wp\/v2\/posts"}],"about":[{"href":"https:\/\/www.claret.org\/pt-pt\/wp-json\/wp\/v2\/types\/post"}],"author":[{"embeddable":true,"href":"https:\/\/www.claret.org\/pt-pt\/wp-json\/wp\/v2\/users\/1"}],"replies":[{"embeddable":true,"href":"https:\/\/www.claret.org\/pt-pt\/wp-json\/wp\/v2\/comments?post=103690"}],"version-history":[{"count":0,"href":"https:\/\/www.claret.org\/pt-pt\/wp-json\/wp\/v2\/posts\/103690\/revisions"}],"wp:featuredmedia":[{"embeddable":true,"href":"https:\/\/www.claret.org\/pt-pt\/wp-json\/wp\/v2\/media\/103674"}],"wp:attachment":[{"href":"https:\/\/www.claret.org\/pt-pt\/wp-json\/wp\/v2\/media?parent=103690"}],"wp:term":[{"taxonomy":"category","embeddable":true,"href":"https:\/\/www.claret.org\/pt-pt\/wp-json\/wp\/v2\/categories?post=103690"},{"taxonomy":"post_tag","embeddable":true,"href":"https:\/\/www.claret.org\/pt-pt\/wp-json\/wp\/v2\/tags?post=103690"}],"curies":[{"name":"wp","href":"https:\/\/api.w.org\/{rel}","templated":true}]}}