{"id":104904,"date":"2021-09-10T08:36:54","date_gmt":"2021-09-10T06:36:54","guid":{"rendered":"https:\/\/www.claret.org\/xxvi-capitulo-geral-adoradores-e-testemunhas-alegres-na-barca-da-igreja-9-de-setembro-de-2021\/"},"modified":"2021-09-10T08:36:54","modified_gmt":"2021-09-10T06:36:54","slug":"xxvi-capitulo-geral-adoradores-e-testemunhas-alegres-na-barca-da-igreja-9-de-setembro-de-2021","status":"publish","type":"post","link":"https:\/\/www.claret.org\/pt-pt\/xxvi-capitulo-geral-adoradores-e-testemunhas-alegres-na-barca-da-igreja-9-de-setembro-de-2021\/","title":{"rendered":"XXVI Cap\u00edtulo Geral. Adoradores e testemunhas alegres na barca da Igreja (9 de setembro de 2021)"},"content":{"rendered":"<p><span style=\"font-size: 14pt;\"><strong>Nemi, It\u00e1lia. 9 de setembro de 2021.<\/strong> Faltam poucos dias para o Cap\u00edtulo terminar, mas nossa comunidade n\u00e3o perde o vigor de trabalhar juntos e nem a alegria que vem de Deus. Foi o que anunciou o hino de abertura da Eucaristia, animada pelos nossos irm\u00e3os da Col\u00f4mbia-Venezuela: feliz pela manh\u00e3, que nos fala de Ti. E foi o que pudemos experimentar ao longo do dia. Hoje foi verdadeiramente um tempo de alegria no Senhor, que nos acolheu no seu barco para estar com ele e chamar os outros ao servi\u00e7o do seu Reino.<\/span><\/p>\n<p><span style=\"font-size: 14pt;\">Com os olhos fixos na Bas\u00edlica de S\u00e3o Pedro do Vaticano, onde nos esperava a audi\u00eancia do Papa Francisco, fizemos uma primeira parada antes de deixar Nemi no \u00e1trio da igreja S\u00e3o Jo\u00e3o Batista do Centro Ad Gentes para tirar a foto oficial do grupo deste XXVI Cap\u00edtulo Geral. Chegados a Roma, como tantos peregrinos de todo o mundo, percorremos a Via della Conciliazione (Avenida da Concilia\u00e7\u00e3o) at\u00e9 a Pra\u00e7a de S\u00e3o Pedro. Uma vez l\u00e1 &#8211; o primeiro para alguns de n\u00f3s &#8211; atravessamos a famosa Porta de Bronze e o ensolarado P\u00e1tio de S\u00e3o D\u00e2maso para entrar no Pal\u00e1cio Apost\u00f3lico. L\u00e1 encontramos nosso irm\u00e3o Card. Aquilino Bocos Merino, CMF e alguns outros claretianos das comunidades de Roma.<\/span><\/p>\n<p><span style=\"font-size: 14pt;\">A espl\u00eandida Sala Clementina se abriu para n\u00f3s: tudo nela &#8211; a cor dos afrescos, o brilho dos m\u00e1rmores, o jogo de luz, a conversa fraterna &#8211; criava a atmosfera das grandes ocasi\u00f5es.<\/span><\/p>\n<p>&nbsp;<\/p>\n<p><span style=\"font-size: 14pt;\">Ap\u00f3s uma espera paciente, com pontualidade cuidadosa, o Papa Francisco entrou na sala ao meio-dia. Em seguida houve uma breve sauda\u00e7\u00e3o do Card. Bocos e do Pe. Mathew Vattamattam, CMF, que dirigiu um agradecimento ao Santo Padre pela sua proximidade e encorajamento, recordando o grande bem que a sua mensagem nos fez no Cap\u00edtulo Geral anterior, caminho de transforma\u00e7\u00e3o percorrido pela Congrega\u00e7\u00e3o durante este sex\u00eanio, a perspectiva sinodal e apreciativa a partir da qual quisemos enfocar este Cap\u00edtulo e os desafios que agora se abrem na ordem das ra\u00edzes e da aud\u00e1cia. De imediato, foi o pr\u00f3prio Papa que fez uso da palavra para nos dirigir o discurso t\u00e3o esperado. Come\u00e7ou por felicitar e encorajar o novo Superior Geral e os seus Conselheiros pela tarefa confiada, reservando tamb\u00e9m uma carinhosa men\u00e7\u00e3o \u00e0 nossa irm\u00e3 Jolanta Kafka, RMI, que descreveu como uma mulher que, al\u00e9m de falar v\u00e1rias l\u00ednguas, procura dominar a linguagem de Deus. Depois, convidou-nos de diversas formas a tecer uma vida de profunda rela\u00e7\u00e3o com o Senhor para nos tornarmos audazes mission\u00e1rios do Evangelho, que n\u00e3o se deixam abater pelo envelhecimento do corpo ou da alma. \u00abDevem estar enraizados em Jesus\u00bb, disse-nos, atrav\u00e9s de \u00abuma vida de ora\u00e7\u00e3o e contempla\u00e7\u00e3o que os leve a dizer como J\u00f3: &#8216;Eu s\u00f3 te conhecia de ouvir falar, mas agora os meus olhos te viram&#8217;\u00bb. Porque s\u00f3 uma vida de intimidade e adora\u00e7\u00e3o nos permite &#8220;falar, como amigos, face a face com o Senhor, e contemplar o Espelho, que \u00e9 Cristo, para vos tornardes espelho para os outros&#8221;. Somente sendo adoradores podemos nos tornar testemunhas. Francisco tamb\u00e9m aludiu ao in\u00edcio da Defini\u00e7\u00e3o do Mission\u00e1rio, de Santo Ant\u00f4nio Maria Claret, e citou alguns trechos de nossas Constitui\u00e7\u00f5es. Especificamente, chamou-nos a deixar-nos queimar pelo amor divino para incendiar no desejo de Deus aqueles que se encontram conosco, sendo assim homens de esperan\u00e7a que, sem medo das suas fragilidades, nos deixemos ver neles a for\u00e7a que vem do alto: \u00abQue lindo \u00e9 quando uma consagrada, um consagrado, se sente fragilizado, porque sente a necessidade de pedir ajuda. N\u00e3o tenhais medo disso. Temei, sim, cair na \u201cesquizofrenia\u201d espiritual e no mundanismo espiritual\u00bb, continuou o Santo Padre. Por \u00faltimo, ele nos deu tr\u00eas conselhos para cumprir a a\u00e7\u00e3o mission\u00e1ria no estilo de Jesus: proximidade, compaix\u00e3o e ternura. Foram as que Deus sempre teve com o povo de Israel e s\u00e3o as que devem guiar todas as pessoas consagradas em sua miss\u00e3o. Na mesma linha e exibindo a sua sabedoria e espontaneidade, Francisco concluiu com um elogio ao bom humor: \u00abN\u00e3o percam o sentido de humor, por favor; riem em comunidade, fa\u00e7am piadas. O senso de humor \u00e9 uma gra\u00e7a de alegria e a alegria \u00e9 uma dimens\u00e3o de santidade.<\/span><\/p>\n<p><span style=\"font-size: 14pt;\">As densas palavras do Papa foram seguidas de um cordial aperto de m\u00e3o para cada um de n\u00f3s que tivemos a alegria de estar com ele. Atrav\u00e9s de n\u00f3s, o seu impulso e calor chegam a toda a Congrega\u00e7\u00e3o e a todos os que peregrinam e nos acompanham nos caminhos do Evangelho. Os ecos dessa alegria se fizeram sentir entre n\u00f3s, ao saborearmos uma simples refei\u00e7\u00e3o ao ar livre no jardim da C\u00faria geral, cujos membros nos acolheram com afetuosa fraternidade. Desde a comunidade capitular, com enorme gratid\u00e3o, pedimos ao Senhor que tudo o que hoje recebemos se traduza em frutos de boas obras, que conceda ao Papa Francisco tudo o que ele desejou para n\u00f3s e que os Filhos do Imaculado Cora\u00e7\u00e3o de Maria possam continuar remando alegremente no barco da Igreja.<\/span><\/p>\n<p>&nbsp;<\/p>\n<p>&nbsp;<\/p>\n<p><span style=\"font-size: 14pt;\">[envira-gallery id=&#8221;104865&#8243;]<\/span><\/p>\n","protected":false},"excerpt":{"rendered":"<p>Nemi, It\u00e1lia. 9 de setembro de 2021. Faltam poucos dias para o Cap\u00edtulo terminar, mas nossa comunidade n\u00e3o perde o vigor de trabalhar juntos e nem a alegria que vem de Deus. Foi o que anunciou o hino de abertura da Eucaristia, animada pelos nossos irm\u00e3os da Col\u00f4mbia-Venezuela: feliz pela manh\u00e3, que nos fala de [&hellip;]<\/p>\n","protected":false},"author":1,"featured_media":104888,"comment_status":"closed","ping_status":"closed","sticky":false,"template":"","format":"standard","meta":{"_et_pb_use_builder":"","_et_pb_old_content":"","_et_gb_content_width":"","footnotes":""},"categories":[516,1099,606,2520],"tags":[],"class_list":["post-104904","post","type-post","status-publish","format-standard","has-post-thumbnail","hentry","category-capitulos-gerais","category-congregacao","category-painel-dos-avisos","category-xxvi-capitulo-geral"],"jetpack_featured_media_url":"https:\/\/i0.wp.com\/www.claret.org\/wp-content\/uploads\/2021\/09\/Cover-8.png?fit=700%2C400&ssl=1","jetpack_sharing_enabled":true,"jetpack_shortlink":"https:\/\/wp.me\/pdaBmi-ri0","jetpack_likes_enabled":true,"_links":{"self":[{"href":"https:\/\/www.claret.org\/pt-pt\/wp-json\/wp\/v2\/posts\/104904","targetHints":{"allow":["GET"]}}],"collection":[{"href":"https:\/\/www.claret.org\/pt-pt\/wp-json\/wp\/v2\/posts"}],"about":[{"href":"https:\/\/www.claret.org\/pt-pt\/wp-json\/wp\/v2\/types\/post"}],"author":[{"embeddable":true,"href":"https:\/\/www.claret.org\/pt-pt\/wp-json\/wp\/v2\/users\/1"}],"replies":[{"embeddable":true,"href":"https:\/\/www.claret.org\/pt-pt\/wp-json\/wp\/v2\/comments?post=104904"}],"version-history":[{"count":0,"href":"https:\/\/www.claret.org\/pt-pt\/wp-json\/wp\/v2\/posts\/104904\/revisions"}],"wp:featuredmedia":[{"embeddable":true,"href":"https:\/\/www.claret.org\/pt-pt\/wp-json\/wp\/v2\/media\/104888"}],"wp:attachment":[{"href":"https:\/\/www.claret.org\/pt-pt\/wp-json\/wp\/v2\/media?parent=104904"}],"wp:term":[{"taxonomy":"category","embeddable":true,"href":"https:\/\/www.claret.org\/pt-pt\/wp-json\/wp\/v2\/categories?post=104904"},{"taxonomy":"post_tag","embeddable":true,"href":"https:\/\/www.claret.org\/pt-pt\/wp-json\/wp\/v2\/tags?post=104904"}],"curies":[{"name":"wp","href":"https:\/\/api.w.org\/{rel}","templated":true}]}}