{"id":105439,"date":"2021-09-17T10:21:21","date_gmt":"2021-09-17T08:21:21","guid":{"rendered":"https:\/\/www.claret.org\/profissoes-religiosas-na-provincia-de-east-nigeria\/"},"modified":"2021-09-17T10:21:21","modified_gmt":"2021-09-17T08:21:21","slug":"profissoes-religiosas-na-provincia-de-east-nigeria","status":"publish","type":"post","link":"https:\/\/www.claret.org\/pt-pt\/profissoes-religiosas-na-provincia-de-east-nigeria\/","title":{"rendered":"Profiss\u00f5es Religiosas na Prov\u00edncia de East Nigeria"},"content":{"rendered":"<p><span style=\"font-family: 'courier new', courier, monospace; font-size: 14pt;\"><strong>New Owerri, Estado de Imo, Nig\u00e9ria<\/strong>. Em 11 de setembro de 2021, sete novi\u00e7os, Achukwu Anthony, Gofung John, Nnabuihe Justus, Nwakuba Stanislaus, Obasi Valentine, Seidu Bright e Ugwumba Jonathan fizeram seus primeiros votos, enquanto Okereke Kelechi e Onuegbu Venatius, CMFF fizeram suas profiss\u00f5es perp\u00e9tuas na Congrega\u00e7\u00e3o. O evento aconteceu na Igreja de Santo Ant\u00f4nio Maria Claret, \u00c1rea &#8216;A&#8217; de New Owerri, Estado de Imo.<\/span><\/p>\n<p><span style=\"font-family: 'courier new', courier, monospace; font-size: 14pt;\">Na celebra\u00e7\u00e3o eucar\u00edstica, presidida pelo Vig\u00e1rio Provincial, Pe. Perpetus Igwe, CMF, os padres Kenneth Oguejiofor e Anthony Azinta, CMFF, foram as testemunhas oficiais, enquanto o Pe. Jude Anyanwu, CMF, mestre de novi\u00e7os, foi quem compartilhou a homilia. Estiveram presentes cerca de vinte sacerdotes, um bom grupo de religiosos, leigos claretianos, familiares e amigos dos professos.<\/span><\/p>\n<p><span style=\"font-family: 'courier new', courier, monospace; font-size: 14pt;\">Explicando o significado dos votos em sua homilia, o Pe. Jude Anyanwu, citando o Papa Em\u00e9rito Bento XVI (Joseph Ratzinger), disse: &#8220;O Eros se imp\u00f5e a voc\u00eas &#8230; \u00e9 ganancioso e ego\u00edsta, mas somos chamados ao \u00c1gape que transforma, nos universaliza e nos abre para a humanidade. Nos abre para o fogo do amor de Deus\u201d. Al\u00e9m disso, exortou os professos a imitar Abra\u00e3o, cuja f\u00e9 era como um GPS que o conduzia \u00e0 terra prometida, assim tamb\u00e9m, o amor de Cristo que nos move (2Cor 5,14) nos coloca \u00e0 disposi\u00e7\u00e3o para a miss\u00e3o; nos ajuda a reunir nossos recursos na comunidade e em um esp\u00edrito de pobreza; e nos abre para dizer &#8220;sim&#8221; em obedi\u00eancia ao chamado de Deus e, em \u00faltima inst\u00e2ncia, nos leva \u00e0 eternidade: a terra prometida.<\/span><\/p>\n<p><span style=\"font-family: 'courier new', courier, monospace; font-size: 14pt;\">Depois da solene celebra\u00e7\u00e3o da Santa Missa, os estudantes acolheram os convidados com uma grande demonstra\u00e7\u00e3o cultural em uma breve recep\u00e7\u00e3o organizada pela prov\u00edncia.<\/span><\/p>\n<p>&nbsp;<\/p>\n<p>&nbsp;<\/p>\n<p><span style=\"font-family: 'courier new', courier, monospace; font-size: 14pt;\">[envira-gallery id=&#8221;105218&#8243;]<\/span><\/p>\n","protected":false},"excerpt":{"rendered":"<p>New Owerri, Estado de Imo, Nig\u00e9ria. Em 11 de setembro de 2021, sete novi\u00e7os, Achukwu Anthony, Gofung John, Nnabuihe Justus, Nwakuba Stanislaus, Obasi Valentine, Seidu Bright e Ugwumba Jonathan fizeram seus primeiros votos, enquanto Okereke Kelechi e Onuegbu Venatius, CMFF fizeram suas profiss\u00f5es perp\u00e9tuas na Congrega\u00e7\u00e3o. O evento aconteceu na Igreja de Santo Ant\u00f4nio Maria [&hellip;]<\/p>\n","protected":false},"author":1,"featured_media":105215,"comment_status":"closed","ping_status":"closed","sticky":false,"template":"","format":"standard","meta":{"_et_pb_use_builder":"","_et_pb_old_content":"","_et_gb_content_width":"","footnotes":""},"categories":[143,579],"tags":[],"class_list":["post-105439","post","type-post","status-publish","format-standard","has-post-thumbnail","hentry","category-east-nigeria-pt-pt","category-profissoes"],"jetpack_featured_media_url":"https:\/\/i0.wp.com\/www.claret.org\/wp-content\/uploads\/2021\/09\/Portada-web-2021-First-and-Perpetual-Professions-of-East-Nigeria-Province.png?fit=700%2C400&ssl=1","jetpack_sharing_enabled":true,"jetpack_shortlink":"https:\/\/wp.me\/pdaBmi-rqD","jetpack_likes_enabled":true,"_links":{"self":[{"href":"https:\/\/www.claret.org\/pt-pt\/wp-json\/wp\/v2\/posts\/105439","targetHints":{"allow":["GET"]}}],"collection":[{"href":"https:\/\/www.claret.org\/pt-pt\/wp-json\/wp\/v2\/posts"}],"about":[{"href":"https:\/\/www.claret.org\/pt-pt\/wp-json\/wp\/v2\/types\/post"}],"author":[{"embeddable":true,"href":"https:\/\/www.claret.org\/pt-pt\/wp-json\/wp\/v2\/users\/1"}],"replies":[{"embeddable":true,"href":"https:\/\/www.claret.org\/pt-pt\/wp-json\/wp\/v2\/comments?post=105439"}],"version-history":[{"count":0,"href":"https:\/\/www.claret.org\/pt-pt\/wp-json\/wp\/v2\/posts\/105439\/revisions"}],"wp:featuredmedia":[{"embeddable":true,"href":"https:\/\/www.claret.org\/pt-pt\/wp-json\/wp\/v2\/media\/105215"}],"wp:attachment":[{"href":"https:\/\/www.claret.org\/pt-pt\/wp-json\/wp\/v2\/media?parent=105439"}],"wp:term":[{"taxonomy":"category","embeddable":true,"href":"https:\/\/www.claret.org\/pt-pt\/wp-json\/wp\/v2\/categories?post=105439"},{"taxonomy":"post_tag","embeddable":true,"href":"https:\/\/www.claret.org\/pt-pt\/wp-json\/wp\/v2\/tags?post=105439"}],"curies":[{"name":"wp","href":"https:\/\/api.w.org\/{rel}","templated":true}]}}