{"id":105556,"date":"2021-09-18T01:00:03","date_gmt":"2021-09-17T23:00:03","guid":{"rendered":"https:\/\/www.claret.org\/profissoes-religiosas-na-delegacao-independente-de-sao-carlos-lwanga\/"},"modified":"2021-09-18T01:00:03","modified_gmt":"2021-09-17T23:00:03","slug":"profissoes-religiosas-na-delegacao-independente-de-sao-carlos-lwanga","status":"publish","type":"post","link":"https:\/\/www.claret.org\/pt-pt\/profissoes-religiosas-na-delegacao-independente-de-sao-carlos-lwanga\/","title":{"rendered":"Profiss\u00f5es religiosas na Delega\u00e7\u00e3o Independente de S\u00e3o Carlos Lwanga"},"content":{"rendered":"<p><span style=\"font-family: tahoma, arial, helvetica, sans-serif; font-size: 14pt;\"><strong>Kibiko, Qu\u00eania<\/strong>. Na festa da natividade de Maria, nossa M\u00e3e, dia 8 de setembro de 2021, S\u00e3o Carlos Lwanga teve mais motivos para se alegrar. Onze novi\u00e7os fizeram a primeira profiss\u00e3o de votos. Entre os onze que emitiram os primeiros votos est\u00e3o seis da Delega\u00e7\u00e3o de S\u00e3o Carlos Lwanga, dois da Delega\u00e7\u00e3o Independente M\u00e3e da \u00c1frica, um da Prov\u00edncia de F\u00e1tima e dois da Prov\u00edncia do Brasil. Al\u00e9m disso, um estudante da Delega\u00e7\u00e3o Independente de S\u00e3o Carlos Lwanga tamb\u00e9m fez sua profiss\u00e3o perp\u00e9tua. O evento aconteceu na par\u00f3quia de Santa Ana, da diocese de Kibiko &#8211; Ngong, no Qu\u00eania. A celebra\u00e7\u00e3o foi presidida pelo Pe. Madu, Athanasius CMF, Vig\u00e1rio da Delega\u00e7\u00e3o. Estiveram presentes tamb\u00e9m v\u00e1rios claretianos que atuam no Qu\u00eania. Alguns paroquianos tamb\u00e9m participaram da celebra\u00e7\u00e3o.<\/span><\/p>\n<p>&nbsp;<\/p>\n<p>&nbsp;<\/p>\n<p><span style=\"font-family: tahoma, arial, helvetica, sans-serif; font-size: 14pt;\">[envira-gallery id=&#8221;105442&#8243;]<\/span><\/p>\n","protected":false},"excerpt":{"rendered":"<p>Kibiko, Qu\u00eania. Na festa da natividade de Maria, nossa M\u00e3e, dia 8 de setembro de 2021, S\u00e3o Carlos Lwanga teve mais motivos para se alegrar. Onze novi\u00e7os fizeram a primeira profiss\u00e3o de votos. Entre os onze que emitiram os primeiros votos est\u00e3o seis da Delega\u00e7\u00e3o de S\u00e3o Carlos Lwanga, dois da Delega\u00e7\u00e3o Independente M\u00e3e da [&hellip;]<\/p>\n","protected":false},"author":1,"featured_media":105461,"comment_status":"closed","ping_status":"closed","sticky":false,"template":"","format":"standard","meta":{"_et_pb_use_builder":"","_et_pb_old_content":"","_et_gb_content_width":"","footnotes":""},"categories":[365,315,130,579,186],"tags":[],"class_list":["post-105556","post","type-post","status-publish","format-standard","has-post-thumbnail","hentry","category-brasil-pt-pt","category-fatima-pt-pt","category-mae-da-africa-pt-pt","category-profissoes","category-st-charles-lwanga-pt-pt"],"jetpack_featured_media_url":"https:\/\/i0.wp.com\/www.claret.org\/wp-content\/uploads\/2021\/09\/Portada-web-Religious-Professions-in-St.-Charles-Lwanga-Independent-Delegation-08092021.png?fit=700%2C400&ssl=1","jetpack_sharing_enabled":true,"jetpack_shortlink":"https:\/\/wp.me\/pdaBmi-rsw","jetpack_likes_enabled":true,"_links":{"self":[{"href":"https:\/\/www.claret.org\/pt-pt\/wp-json\/wp\/v2\/posts\/105556","targetHints":{"allow":["GET"]}}],"collection":[{"href":"https:\/\/www.claret.org\/pt-pt\/wp-json\/wp\/v2\/posts"}],"about":[{"href":"https:\/\/www.claret.org\/pt-pt\/wp-json\/wp\/v2\/types\/post"}],"author":[{"embeddable":true,"href":"https:\/\/www.claret.org\/pt-pt\/wp-json\/wp\/v2\/users\/1"}],"replies":[{"embeddable":true,"href":"https:\/\/www.claret.org\/pt-pt\/wp-json\/wp\/v2\/comments?post=105556"}],"version-history":[{"count":0,"href":"https:\/\/www.claret.org\/pt-pt\/wp-json\/wp\/v2\/posts\/105556\/revisions"}],"wp:featuredmedia":[{"embeddable":true,"href":"https:\/\/www.claret.org\/pt-pt\/wp-json\/wp\/v2\/media\/105461"}],"wp:attachment":[{"href":"https:\/\/www.claret.org\/pt-pt\/wp-json\/wp\/v2\/media?parent=105556"}],"wp:term":[{"taxonomy":"category","embeddable":true,"href":"https:\/\/www.claret.org\/pt-pt\/wp-json\/wp\/v2\/categories?post=105556"},{"taxonomy":"post_tag","embeddable":true,"href":"https:\/\/www.claret.org\/pt-pt\/wp-json\/wp\/v2\/tags?post=105556"}],"curies":[{"name":"wp","href":"https:\/\/api.w.org\/{rel}","templated":true}]}}