{"id":107820,"date":"2021-11-04T10:46:53","date_gmt":"2021-11-04T09:46:53","guid":{"rendered":"https:\/\/www.claret.org\/inauguracao-do-museu-biblico-claretiano-mubic\/"},"modified":"2021-11-04T10:46:53","modified_gmt":"2021-11-04T09:46:53","slug":"inauguracao-do-museu-biblico-claretiano-mubic","status":"publish","type":"post","link":"https:\/\/www.claret.org\/pt-pt\/inauguracao-do-museu-biblico-claretiano-mubic\/","title":{"rendered":"Inaugura\u00e7\u00e3o do Museu B\u00edblico Claretiano (MUB\u00cdC)"},"content":{"rendered":"<p><span style=\"font-family: arial, helvetica, sans-serif; font-size: 14pt;\"><strong>Medell\u00edn, Col\u00f4mbia.<\/strong> No dia 28 de outubro foi inaugurado o Museu B\u00edblico Claretiano (MUBIC) em Medell\u00edn, Col\u00f4mbia. Trata-se de um percurso pedag\u00f3gico b\u00edblico iniciado e promovido pelo estudioso b\u00edblico claretiano Pe. Gonzalo Mar\u00eda de La Torre, cmf.<\/span><\/p>\n<p><span style=\"font-family: arial, helvetica, sans-serif; font-size: 14pt;\">A inaugura\u00e7\u00e3o do museu \u00e9 o cume de um projeto h\u00e1 muito aguardado, com o objetivo de dotar a Mostra B\u00edblica, que j\u00e1 estava em funcionamento h\u00e1 v\u00e1rios anos, com uma plataforma virtual. Al\u00e9m disso, ele pode ser acessado de qualquer lugar do mundo para expandir o conhecimento da Palavra de Deus.<\/span><\/p>\n<p><span style=\"font-family: arial, helvetica, sans-serif; font-size: 14pt;\">Para saber mais sobre o museu e seu dia de inaugura\u00e7\u00e3o, voc\u00ea pode acessar o seguinte v\u00eddeo:<\/span><\/p>\n<p><span style=\"font-family: arial, helvetica, sans-serif; font-size: 14pt;\"> <a href=\"https:\/\/www.youtube.com\/watch?v=b-ME6I6QoCo%5b\/embedyt\" rel=\"nofollow noopener\" target=\"_blank\">https:\/\/www.youtube.com\/watch?v=b-ME6I6QoCo[\/embedyt<\/a>]<\/span><\/p>\n<p><span style=\"font-family: arial, helvetica, sans-serif; font-size: 14pt;\">Para visitar o Museu B\u00edblico Claretiano (MUBIC), clique aqui:<\/span><\/p>\n<p><span style=\"font-family: arial, helvetica, sans-serif; font-size: 14pt;\">https:\/\/museobiblico.uniclaretiana.edu.co\/<\/span><\/p>\n<p>&nbsp;<\/p>\n<p><span style=\"font-family: arial, helvetica, sans-serif; font-size: 14pt;\">[envira-gallery id=&#8221;107759&#8243;]<\/span><\/p>\n","protected":false},"excerpt":{"rendered":"<p>Medell\u00edn, Col\u00f4mbia. No dia 28 de outubro foi inaugurado o Museu B\u00edblico Claretiano (MUBIC) em Medell\u00edn, Col\u00f4mbia. Trata-se de um percurso pedag\u00f3gico b\u00edblico iniciado e promovido pelo estudioso b\u00edblico claretiano Pe. Gonzalo Mar\u00eda de La Torre, cmf. A inaugura\u00e7\u00e3o do museu \u00e9 o cume de um projeto h\u00e1 muito aguardado, com o objetivo de dotar [&hellip;]<\/p>\n","protected":false},"author":1,"featured_media":107821,"comment_status":"closed","ping_status":"closed","sticky":false,"template":"","format":"standard","meta":{"_et_pb_use_builder":"","_et_pb_old_content":"","_et_gb_content_width":"","footnotes":""},"categories":[410,373,1099,354,413],"tags":[],"class_list":["post-107820","post","type-post","status-publish","format-standard","has-post-thumbnail","hentry","category-apostolado-pt-pt","category-colombia-venezuela-pt-pt","category-congregacao","category-micla-pt-pt","category-pastoral-biblica-pt-pt"],"jetpack_featured_media_url":"https:\/\/i0.wp.com\/www.claret.org\/wp-content\/uploads\/2021\/11\/inaugura-o-do-museu-b-blico-claretiano-mub-c.jpg?fit=1280%2C720&ssl=1","jetpack_sharing_enabled":true,"jetpack_shortlink":"https:\/\/wp.me\/pdaBmi-s32","jetpack_likes_enabled":true,"_links":{"self":[{"href":"https:\/\/www.claret.org\/pt-pt\/wp-json\/wp\/v2\/posts\/107820","targetHints":{"allow":["GET"]}}],"collection":[{"href":"https:\/\/www.claret.org\/pt-pt\/wp-json\/wp\/v2\/posts"}],"about":[{"href":"https:\/\/www.claret.org\/pt-pt\/wp-json\/wp\/v2\/types\/post"}],"author":[{"embeddable":true,"href":"https:\/\/www.claret.org\/pt-pt\/wp-json\/wp\/v2\/users\/1"}],"replies":[{"embeddable":true,"href":"https:\/\/www.claret.org\/pt-pt\/wp-json\/wp\/v2\/comments?post=107820"}],"version-history":[{"count":0,"href":"https:\/\/www.claret.org\/pt-pt\/wp-json\/wp\/v2\/posts\/107820\/revisions"}],"wp:featuredmedia":[{"embeddable":true,"href":"https:\/\/www.claret.org\/pt-pt\/wp-json\/wp\/v2\/media\/107821"}],"wp:attachment":[{"href":"https:\/\/www.claret.org\/pt-pt\/wp-json\/wp\/v2\/media?parent=107820"}],"wp:term":[{"taxonomy":"category","embeddable":true,"href":"https:\/\/www.claret.org\/pt-pt\/wp-json\/wp\/v2\/categories?post=107820"},{"taxonomy":"post_tag","embeddable":true,"href":"https:\/\/www.claret.org\/pt-pt\/wp-json\/wp\/v2\/tags?post=107820"}],"curies":[{"name":"wp","href":"https:\/\/api.w.org\/{rel}","templated":true}]}}