{"id":108090,"date":"2021-11-15T11:40:45","date_gmt":"2021-11-15T10:40:45","guid":{"rendered":"https:\/\/www.claret.org\/onde-os-fios-se-cruzam-da-familia-a-familiaridade-claretiana\/"},"modified":"2021-11-15T17:47:44","modified_gmt":"2021-11-15T16:47:44","slug":"onde-os-fios-se-cruzam-da-familia-a-familiaridade-claretiana","status":"publish","type":"post","link":"https:\/\/www.claret.org\/pt-pt\/onde-os-fios-se-cruzam-da-familia-a-familiaridade-claretiana\/","title":{"rendered":"\u201cOnde os fios se cruzam. Da fam\u00edlia \u00e0 familiaridade claretiana\u201d"},"content":{"rendered":"<p><span style=\"font-size: 14pt;\"><strong>Roma, It\u00e1lia.<\/strong> No s\u00e1bado, 13 de novembro, \u00e0s 14h00 de Madri, cerca de duzentas pessoas de diversos continentes e membros da fam\u00edlia claretiana se encontraram em um encontro formativo virtual. A convocat\u00f3ria faz parte da prepara\u00e7\u00e3o imediata para o encontro das lideran\u00e7as dos oito grupos da fam\u00edlia e seus representantes e que acontecer\u00e1 em Roma, de 3 a 8 de dezembro de 2021.<\/span><\/p>\n<p><span style=\"font-size: 14pt;\">O animador do encontro foi o Pe. Adri\u00e1n de Prado Postigo, CMF. O ponto de partida foram algumas considera\u00e7\u00f5es que Santo Ant\u00f4nio Maria Claret y Clar\u00e1, o homem e o santo, fizera sobre o modo de fazer fios e a alegoria da tecelagem. Depois, o Pe. Adri\u00e1n fez-nos visitar locais associados a uma f\u00e1brica de tape\u00e7arias para ver o que a\u00ed se trabalha, desde a casa da fam\u00edlia ao mercado, passando pela oficina de cart\u00e3o e pela f\u00e1brica de tape\u00e7aria real. A alegoria ajudou a unir espa\u00e7os e tarefas com verbos fundamentais e chaves de nosso carisma, combinando presente, passado e futuro com duas fontes de inspira\u00e7\u00e3o: a de Santo Ant\u00f4nio Maria Claret y Clar\u00e1, de um lado, e a do Papa Francisco, de outro.<\/span><\/p>\n<p><span style=\"font-size: 14pt;\">Reconhecer-nos como parte de uma fam\u00edlia \u00e9 sempre positivo. No entanto, o enredo do encontro, nas suas diferentes etapas, prop\u00f5e uma tarefa ainda pendente: a de viver a familiaridade caracter\u00edstica de quem se reconhece como filhas e filhos, herdeiros do mesmo fundador e pai.<\/span><\/p>\n<p>&nbsp;<\/p>\n<p>&nbsp;<\/p>\n<p><span style=\"font-size: 14pt;\">[envira-gallery id=&#8221;108056&#8243;]<\/span><\/p>\n","protected":false},"excerpt":{"rendered":"<p>Roma, It\u00e1lia. No s\u00e1bado, 13 de novembro, \u00e0s 14h00 de Madri, cerca de duzentas pessoas de diversos continentes e membros da fam\u00edlia claretiana se encontraram em um encontro formativo virtual. A convocat\u00f3ria faz parte da prepara\u00e7\u00e3o imediata para o encontro das lideran\u00e7as dos oito grupos da fam\u00edlia e seus representantes e que acontecer\u00e1 em Roma, [&hellip;]<\/p>\n","protected":false},"author":1,"featured_media":108055,"comment_status":"closed","ping_status":"closed","sticky":false,"template":"","format":"standard","meta":{"_et_pb_use_builder":"","_et_pb_old_content":"","_et_gb_content_width":"","footnotes":""},"categories":[529,501,1706],"tags":[],"class_list":["post-108090","post","type-post","status-publish","format-standard","has-post-thumbnail","hentry","category-familia-claretiana-pt-pt","category-formacao","category-san-antonio-maria-claret-pt-pt"],"jetpack_featured_media_url":"https:\/\/i0.wp.com\/www.claret.org\/wp-content\/uploads\/2021\/11\/Portada-web-familiaridad-claretiana-15112021.png?fit=700%2C400&ssl=1","jetpack_sharing_enabled":true,"jetpack_shortlink":"https:\/\/wp.me\/pdaBmi-s7o","jetpack_likes_enabled":true,"_links":{"self":[{"href":"https:\/\/www.claret.org\/pt-pt\/wp-json\/wp\/v2\/posts\/108090","targetHints":{"allow":["GET"]}}],"collection":[{"href":"https:\/\/www.claret.org\/pt-pt\/wp-json\/wp\/v2\/posts"}],"about":[{"href":"https:\/\/www.claret.org\/pt-pt\/wp-json\/wp\/v2\/types\/post"}],"author":[{"embeddable":true,"href":"https:\/\/www.claret.org\/pt-pt\/wp-json\/wp\/v2\/users\/1"}],"replies":[{"embeddable":true,"href":"https:\/\/www.claret.org\/pt-pt\/wp-json\/wp\/v2\/comments?post=108090"}],"version-history":[{"count":0,"href":"https:\/\/www.claret.org\/pt-pt\/wp-json\/wp\/v2\/posts\/108090\/revisions"}],"wp:featuredmedia":[{"embeddable":true,"href":"https:\/\/www.claret.org\/pt-pt\/wp-json\/wp\/v2\/media\/108055"}],"wp:attachment":[{"href":"https:\/\/www.claret.org\/pt-pt\/wp-json\/wp\/v2\/media?parent=108090"}],"wp:term":[{"taxonomy":"category","embeddable":true,"href":"https:\/\/www.claret.org\/pt-pt\/wp-json\/wp\/v2\/categories?post=108090"},{"taxonomy":"post_tag","embeddable":true,"href":"https:\/\/www.claret.org\/pt-pt\/wp-json\/wp\/v2\/tags?post=108090"}],"curies":[{"name":"wp","href":"https:\/\/api.w.org\/{rel}","templated":true}]}}