{"id":108852,"date":"2021-12-07T11:23:18","date_gmt":"2021-12-07T10:23:18","guid":{"rendered":"https:\/\/www.claret.org\/10o-encontro-mundial-da-familia-claretiana-dia-3\/"},"modified":"2021-12-07T11:23:18","modified_gmt":"2021-12-07T10:23:18","slug":"10o-encontro-mundial-da-familia-claretiana-dia-3","status":"publish","type":"post","link":"https:\/\/www.claret.org\/pt-pt\/10o-encontro-mundial-da-familia-claretiana-dia-3\/","title":{"rendered":"10\u00ba Encontro Mundial da Fam\u00edlia Claretiana \u2013 Dia 3"},"content":{"rendered":"<p><span style=\"font-size: 14pt;\"><strong>O TEAR DA FAM\u00cdLIA CLARETIANA<\/strong><\/span><\/p>\n<p><span style=\"font-size: 14pt;\">6 de dezembro de 2021<\/span><\/p>\n<p><span style=\"font-size: 14pt;\">O encontro da fam\u00edlia claretiana continua e hoje visitamos os lugares claretianos da Cidade Eterna, ou seja, os lugares onde Claret, Xifr\u00e9 e a comunidade claretiana primitiva &#8211; CMFF e RMI &#8211; estiveram em Roma e lugares emblem\u00e1ticos. Acompanhados do Pe. Vicente Sanz CMF caminhamos desde o Coliseu at\u00e9 a Bas\u00edlica de S\u00e3o Pedro para encerrar o dia celebrando a Eucaristia no museu-capela Claret da C\u00faria Geral CMF compartilhando um jantar com a comunidade.<\/span><\/p>\n<p><span style=\"font-size: 14pt;\">Entre as coisas mais significativas que vivemos, visitamos os aposentos onde viveu e morreu Santo In\u00e1cio e a Capela dos Nobres onde o Pe. Xifr\u00e9 foi ordenado em fevereiro de 1840. Almo\u00e7amos na comunidade da Via dei Banchi Vecchi e, j\u00e1 pela tarde, tivemos a oportunidade de ter em m\u00e3os a Autobiografia original e a chamada \u201ccarta das l\u00e1grimas\u201d do Pe. Claret. No jantar tamb\u00e9m comemoramos o anivers\u00e1rio de Dania MCM e Olivier CMF.<\/span><\/p>\n<p><span style=\"font-size: 14pt;\">Agradecemos a Deus pela recep\u00e7\u00e3o fraterna e festiva que desfrutamos juntos.<\/span><\/p>\n<p>&nbsp;<\/p>\n<p><span style=\"font-size: 14pt;\">[envira-gallery id=&#8221;108765&#8243;]<\/span><\/p>\n","protected":false},"excerpt":{"rendered":"<p>O TEAR DA FAM\u00cdLIA CLARETIANA 6 de dezembro de 2021 O encontro da fam\u00edlia claretiana continua e hoje visitamos os lugares claretianos da Cidade Eterna, ou seja, os lugares onde Claret, Xifr\u00e9 e a comunidade claretiana primitiva &#8211; CMFF e RMI &#8211; estiveram em Roma e lugares emblem\u00e1ticos. Acompanhados do Pe. Vicente Sanz CMF caminhamos [&hellip;]<\/p>\n","protected":false},"author":183,"featured_media":108849,"comment_status":"closed","ping_status":"closed","sticky":false,"template":"","format":"standard","meta":{"_et_pb_use_builder":"","_et_pb_old_content":"","_et_gb_content_width":"","footnotes":""},"categories":[1099,529,569,170,1706],"tags":[],"class_list":["post-108852","post","type-post","status-publish","format-standard","has-post-thumbnail","hentry","category-congregacao","category-familia-claretiana-pt-pt","category-fundadores-pt-pt","category-padre-xifre-pt-pt","category-san-antonio-maria-claret-pt-pt"],"jetpack_featured_media_url":"https:\/\/i0.wp.com\/www.claret.org\/wp-content\/uploads\/2021\/12\/6Dic10-2-Day-3-1.png?fit=2048%2C950&ssl=1","jetpack_sharing_enabled":true,"jetpack_shortlink":"https:\/\/wp.me\/pdaBmi-sjG","jetpack_likes_enabled":true,"_links":{"self":[{"href":"https:\/\/www.claret.org\/pt-pt\/wp-json\/wp\/v2\/posts\/108852","targetHints":{"allow":["GET"]}}],"collection":[{"href":"https:\/\/www.claret.org\/pt-pt\/wp-json\/wp\/v2\/posts"}],"about":[{"href":"https:\/\/www.claret.org\/pt-pt\/wp-json\/wp\/v2\/types\/post"}],"author":[{"embeddable":true,"href":"https:\/\/www.claret.org\/pt-pt\/wp-json\/wp\/v2\/users\/183"}],"replies":[{"embeddable":true,"href":"https:\/\/www.claret.org\/pt-pt\/wp-json\/wp\/v2\/comments?post=108852"}],"version-history":[{"count":0,"href":"https:\/\/www.claret.org\/pt-pt\/wp-json\/wp\/v2\/posts\/108852\/revisions"}],"wp:featuredmedia":[{"embeddable":true,"href":"https:\/\/www.claret.org\/pt-pt\/wp-json\/wp\/v2\/media\/108849"}],"wp:attachment":[{"href":"https:\/\/www.claret.org\/pt-pt\/wp-json\/wp\/v2\/media?parent=108852"}],"wp:term":[{"taxonomy":"category","embeddable":true,"href":"https:\/\/www.claret.org\/pt-pt\/wp-json\/wp\/v2\/categories?post=108852"},{"taxonomy":"post_tag","embeddable":true,"href":"https:\/\/www.claret.org\/pt-pt\/wp-json\/wp\/v2\/tags?post=108852"}],"curies":[{"name":"wp","href":"https:\/\/api.w.org\/{rel}","templated":true}]}}