{"id":109741,"date":"2021-12-15T19:27:25","date_gmt":"2021-12-15T18:27:25","guid":{"rendered":"https:\/\/www.claret.org\/provincia-da-colombia-e-venezuela\/"},"modified":"2021-12-20T12:32:52","modified_gmt":"2021-12-20T11:32:52","slug":"provincia-da-colombia-e-venezuela","status":"publish","type":"post","link":"https:\/\/www.claret.org\/pt-pt\/provincia-da-colombia-e-venezuela\/","title":{"rendered":"PROV\u00cdNCIA DA COL\u00d4MBIA E VENEZUELA"},"content":{"rendered":"<p style=\"text-align: justify;\"><strong>III CAP\u00cdTULO PROVINCIAL<\/strong><\/p>\n<p style=\"text-align: justify;\">A Prov\u00edncia de Col\u00f4mbia e Venezuela realizou o seu terceiro Cap\u00edtulo Provincial, no dia 12 de Dezembro, na casa de reuni\u00f5es de Villa Claret em Medell\u00edn, Col\u00f4mbia. Participaram do mesmo 51 claretianos e esteve com a presen\u00e7a do Padre Mathew Vattamattam, cmf, Superior Geral como presidente do Cap\u00edtulo e do Padre Gonzalo Fern\u00e1ndez, cmf, como facilitador do tema capitular. Estiveram tamb\u00e9m presentes como convidados 10 leigos que fazem parte da miss\u00e3o, tanto na Col\u00f4mbia como em Venezuela. Tendo analizado, na fase de Descoberta, tudo o que foi feito a n\u00edvel da Prov\u00edncia e que est\u00e1 resumido na mem\u00f3ria do Governo Provincial, passou-se \u00e0 fase do aprofundamento do sonho de Deus sobre o Organismo para os pr\u00f3ximos anos de miss\u00e3o. A esta fase, seguiu-se o momento da conversa\u00e7\u00e3o que facilitou a partilha dos sonhos desenhados para os pr\u00f3ximos anos, depois de uma revis\u00e3o do que se fez at\u00e9 agora.<\/p>\n<p style=\"text-align: justify;\">Foi assim que, para continuar com a fase da elei\u00e7\u00e3o, aos dias 15 de Dezembro, coloc\u00e1mo-nos a disposi\u00e7\u00e3o do Espirito que nos sugerisse qual discernimento fosse oportuno.<\/p>\n<p>&nbsp;<\/p>\n<p><img data-recalc-dims=\"1\" loading=\"lazy\" decoding=\"async\" data-attachment-id=\"109593\" data-permalink=\"https:\/\/www.claret.org\/pt-pt\/provincia-da-colombia-e-venezuela\/memoria-de-gobierno-2\/\" data-orig-file=\"https:\/\/i0.wp.com\/www.claret.org\/wp-content\/uploads\/2021\/12\/Memoria-de-Gobierno.jpeg?fit=1280%2C853&amp;ssl=1\" data-orig-size=\"1280,853\" data-comments-opened=\"0\" data-image-meta=\"{&quot;aperture&quot;:&quot;0&quot;,&quot;credit&quot;:&quot;&quot;,&quot;camera&quot;:&quot;&quot;,&quot;caption&quot;:&quot;&quot;,&quot;created_timestamp&quot;:&quot;0&quot;,&quot;copyright&quot;:&quot;&quot;,&quot;focal_length&quot;:&quot;0&quot;,&quot;iso&quot;:&quot;0&quot;,&quot;shutter_speed&quot;:&quot;0&quot;,&quot;title&quot;:&quot;&quot;,&quot;orientation&quot;:&quot;0&quot;}\" data-image-title=\"Memoria de Gobierno\" data-image-description=\"\" data-image-caption=\"\" data-large-file=\"https:\/\/i0.wp.com\/www.claret.org\/wp-content\/uploads\/2021\/12\/Memoria-de-Gobierno.jpeg?fit=1024%2C682&amp;ssl=1\" class=\"alignnone  wp-image-109593\" src=\"https:\/\/i0.wp.com\/www.claret.org\/wp-content\/uploads\/2021\/12\/Memoria-de-Gobierno.jpeg?resize=675%2C450&#038;ssl=1\" alt=\"\" width=\"675\" height=\"450\" title=\"\" srcset=\"https:\/\/i0.wp.com\/www.claret.org\/wp-content\/uploads\/2021\/12\/Memoria-de-Gobierno.jpeg?resize=300%2C200&amp;ssl=1 300w, https:\/\/i0.wp.com\/www.claret.org\/wp-content\/uploads\/2021\/12\/Memoria-de-Gobierno.jpeg?resize=1024%2C682&amp;ssl=1 1024w, https:\/\/i0.wp.com\/www.claret.org\/wp-content\/uploads\/2021\/12\/Memoria-de-Gobierno.jpeg?resize=768%2C512&amp;ssl=1 768w, https:\/\/i0.wp.com\/www.claret.org\/wp-content\/uploads\/2021\/12\/Memoria-de-Gobierno.jpeg?resize=1080%2C720&amp;ssl=1 1080w, https:\/\/i0.wp.com\/www.claret.org\/wp-content\/uploads\/2021\/12\/Memoria-de-Gobierno.jpeg?w=1280&amp;ssl=1 1280w\" sizes=\"(max-width: 675px) 100vw, 675px\" \/>  <img data-recalc-dims=\"1\" loading=\"lazy\" decoding=\"async\" data-attachment-id=\"109587\" data-permalink=\"https:\/\/www.claret.org\/pt-pt\/provincia-da-colombia-e-venezuela\/aula-capitular-2\/\" data-orig-file=\"https:\/\/i0.wp.com\/www.claret.org\/wp-content\/uploads\/2021\/12\/Aula-Capitular.jpeg?fit=1280%2C853&amp;ssl=1\" data-orig-size=\"1280,853\" data-comments-opened=\"0\" data-image-meta=\"{&quot;aperture&quot;:&quot;0&quot;,&quot;credit&quot;:&quot;&quot;,&quot;camera&quot;:&quot;&quot;,&quot;caption&quot;:&quot;&quot;,&quot;created_timestamp&quot;:&quot;0&quot;,&quot;copyright&quot;:&quot;&quot;,&quot;focal_length&quot;:&quot;0&quot;,&quot;iso&quot;:&quot;0&quot;,&quot;shutter_speed&quot;:&quot;0&quot;,&quot;title&quot;:&quot;&quot;,&quot;orientation&quot;:&quot;0&quot;}\" data-image-title=\"Aula Capitular\" data-image-description=\"\" data-image-caption=\"\" data-large-file=\"https:\/\/i0.wp.com\/www.claret.org\/wp-content\/uploads\/2021\/12\/Aula-Capitular.jpeg?fit=1024%2C682&amp;ssl=1\" class=\"alignnone  wp-image-109587\" src=\"https:\/\/i0.wp.com\/www.claret.org\/wp-content\/uploads\/2021\/12\/Aula-Capitular.jpeg?resize=677%2C451&#038;ssl=1\" alt=\"\" width=\"677\" height=\"451\" title=\"\" srcset=\"https:\/\/i0.wp.com\/www.claret.org\/wp-content\/uploads\/2021\/12\/Aula-Capitular.jpeg?resize=300%2C200&amp;ssl=1 300w, https:\/\/i0.wp.com\/www.claret.org\/wp-content\/uploads\/2021\/12\/Aula-Capitular.jpeg?resize=1024%2C682&amp;ssl=1 1024w, https:\/\/i0.wp.com\/www.claret.org\/wp-content\/uploads\/2021\/12\/Aula-Capitular.jpeg?resize=768%2C512&amp;ssl=1 768w, https:\/\/i0.wp.com\/www.claret.org\/wp-content\/uploads\/2021\/12\/Aula-Capitular.jpeg?resize=1080%2C720&amp;ssl=1 1080w, https:\/\/i0.wp.com\/www.claret.org\/wp-content\/uploads\/2021\/12\/Aula-Capitular.jpeg?w=1280&amp;ssl=1 1280w\" sizes=\"(max-width: 677px) 100vw, 677px\" \/><\/p>\n<p style=\"text-align: justify;\">\n","protected":false},"excerpt":{"rendered":"<p>III CAP\u00cdTULO PROVINCIAL A Prov\u00edncia de Col\u00f4mbia e Venezuela realizou o seu terceiro Cap\u00edtulo Provincial, no dia 12 de Dezembro, na casa de reuni\u00f5es de Villa Claret em Medell\u00edn, Col\u00f4mbia. Participaram do mesmo 51 claretianos e esteve com a presen\u00e7a do Padre Mathew Vattamattam, cmf, Superior Geral como presidente do Cap\u00edtulo e do Padre Gonzalo [&hellip;]<\/p>\n","protected":false},"author":183,"featured_media":109629,"comment_status":"closed","ping_status":"closed","sticky":false,"template":"","format":"standard","meta":{"_et_pb_use_builder":"","_et_pb_old_content":"","_et_gb_content_width":"","footnotes":""},"categories":[373,1099,354],"tags":[],"class_list":["post-109741","post","type-post","status-publish","format-standard","has-post-thumbnail","hentry","category-colombia-venezuela-pt-pt","category-congregacao","category-micla-pt-pt"],"jetpack_featured_media_url":"https:\/\/i0.wp.com\/www.claret.org\/wp-content\/uploads\/2021\/12\/Presidente-Capitular-4.png?fit=970%2C535&ssl=1","jetpack_sharing_enabled":true,"jetpack_shortlink":"https:\/\/wp.me\/pdaBmi-sy1","jetpack_likes_enabled":true,"_links":{"self":[{"href":"https:\/\/www.claret.org\/pt-pt\/wp-json\/wp\/v2\/posts\/109741","targetHints":{"allow":["GET"]}}],"collection":[{"href":"https:\/\/www.claret.org\/pt-pt\/wp-json\/wp\/v2\/posts"}],"about":[{"href":"https:\/\/www.claret.org\/pt-pt\/wp-json\/wp\/v2\/types\/post"}],"author":[{"embeddable":true,"href":"https:\/\/www.claret.org\/pt-pt\/wp-json\/wp\/v2\/users\/183"}],"replies":[{"embeddable":true,"href":"https:\/\/www.claret.org\/pt-pt\/wp-json\/wp\/v2\/comments?post=109741"}],"version-history":[{"count":0,"href":"https:\/\/www.claret.org\/pt-pt\/wp-json\/wp\/v2\/posts\/109741\/revisions"}],"wp:featuredmedia":[{"embeddable":true,"href":"https:\/\/www.claret.org\/pt-pt\/wp-json\/wp\/v2\/media\/109629"}],"wp:attachment":[{"href":"https:\/\/www.claret.org\/pt-pt\/wp-json\/wp\/v2\/media?parent=109741"}],"wp:term":[{"taxonomy":"category","embeddable":true,"href":"https:\/\/www.claret.org\/pt-pt\/wp-json\/wp\/v2\/categories?post=109741"},{"taxonomy":"post_tag","embeddable":true,"href":"https:\/\/www.claret.org\/pt-pt\/wp-json\/wp\/v2\/tags?post=109741"}],"curies":[{"name":"wp","href":"https:\/\/api.w.org\/{rel}","templated":true}]}}