{"id":109798,"date":"2021-12-11T18:06:58","date_gmt":"2021-12-11T17:06:58","guid":{"rendered":"https:\/\/www.claret.org\/provincia-de-colombia-oriental-e-equador\/"},"modified":"2021-12-11T18:06:58","modified_gmt":"2021-12-11T17:06:58","slug":"provincia-de-colombia-oriental-e-equador","status":"publish","type":"post","link":"https:\/\/www.claret.org\/pt-pt\/provincia-de-colombia-oriental-e-equador\/","title":{"rendered":"PROV\u00cdNCIA DE COL\u00d4MBIA ORIENTAL E EQUADOR"},"content":{"rendered":"<p><strong>XVI CAP\u00cdTULO PROVINCIAL<\/strong><\/p>\n<p><strong> <\/strong><\/p>\n<p><strong>Dia 10 de dezembro<\/strong><\/p>\n<p><strong>ENCERRAMENTO DA FASE DO DESCOBRIR<\/strong><\/p>\n<p>&nbsp;<\/p>\n<p>Come\u00e7amos a manh\u00e3 com a agrad\u00e1vel visita do Superior Geral, Pe. Mathew cmf e Pe. Gonzalo Fern\u00e1ndez, cmf, que participaram do momento de ora\u00e7\u00e3o. O clima fraterno desenvolvido ao longo do dia, permitiu-nos avan\u00e7ar com precis\u00e3o na concretiza\u00e7\u00e3o dos objetivos propostos para a fase do Descobrir, os diferentes grupos que realizaram as conversas em torno dos processos de transforma\u00e7\u00e3o, permitiram-nos reconhecer as sementes da vida, o joio e os esclarecimentos que cada uma das prefeituras e o governo deviam prever para a fase em quest\u00e3o, a riqueza da prov\u00edncia foi evidente e a clareza das respostas \u00e0s inquieta\u00e7\u00f5es dos capitulares facilitou o avan\u00e7o e a conclus\u00e3o dessa fase.<\/p>\n<p>Em seguida, o Pe. Geral saudou todos os membros do Cap\u00edtulo Provincial, lembrou-nos da exorta\u00e7\u00e3o Querida Congrega\u00e7\u00e3o, agradeceu \u00e0 Prov\u00edncia pelas contribui\u00e7\u00f5es que fazemos \u00e0 Congrega\u00e7\u00e3o. Ele comentou o que funcionou na reuni\u00e3o dos Superiores Gerais, nos lembrou que estamos em um tempo de mudan\u00e7a, a sociedade est\u00e1 secularizada, estamos em tempos de grandes mudan\u00e7as. Exige-se que a Igreja seja mais cred\u00edvel no meio das grandes dificuldades que teve. \u00c9 um momento em que somos convidados a ser ousados, cr\u00edveis, devemos viver enraizados em Cristo, s\u00f3 assim poderemos viver a convers\u00e3o sinodal. Temos que sentir a prov\u00edncia como nossa, temos que ter um olhar apreciativo, atrav\u00e9s de conversas produtivas. A forma\u00e7\u00e3o de lideran\u00e7as \u00e9 importante, nossa contribui\u00e7\u00e3o \u00e9 a evangeliza\u00e7\u00e3o a partir da vida religiosa, da\u00ed portanto, os nossos respectivos institutos.<\/p>\n<p>O Padre Geral fez men\u00e7\u00e3o ao encontro da fam\u00edlia claretiana, s\u00e3o 8 ramos que comp\u00f5em este espa\u00e7o, o trabalho que podemos fazer juntos \u00e9 importante. Ele nos convidou a cuidar das voca\u00e7\u00f5es, come\u00e7ando pela nossa e ajudando os outros para que respondam com gratid\u00e3o ao chamado de Deus. Devemos transcender e trabalhar juntos. Ele mencionou os processos de transforma\u00e7\u00e3o que temos como congrega\u00e7\u00e3o. Devemos cuidar da miss\u00e3o universal, da disponibilidade que professamos &#8211; somos volunt\u00e1rios -, \u00e9 o envio mission\u00e1rio que recebemos com a consagra\u00e7\u00e3o, somos chamados e enviados.<\/p>\n<p>O Padre Geral d\u00e1 os parab\u00e9ns pelo trabalho de miss\u00e3o compartilhada realizado na prov\u00edncia; ele nos lembrou a import\u00e2ncia da forma\u00e7\u00e3o inicial e permanente. Devemos ser respons\u00e1veis \u200b\u200be correspons\u00e1veis \u200b\u200bcom nossa voca\u00e7\u00e3o, a dignidade da pessoa \u00e9 muito importante, portanto, devemos ser transparentes em nossas a\u00e7\u00f5es, \u00e9 necess\u00e1rio, sempre criar ambientes saud\u00e1veis \u200b\u200be seguros. Temos um grande patrim\u00f4nio carism\u00e1tico, muitos claretianos entregues em diferentes periferias, temos muitas sementes de vida, que nos ajudar\u00e3o a superar ervas daninhas, doen\u00e7as e assim co-criar o futuro com o Esp\u00edrito Santo.<\/p>\n<p>&nbsp;<\/p>\n<p>ABERTURA DA FASE DOS SONHOS<\/p>\n<p>A introdu\u00e7\u00e3o \u00e0 fase foi feita pelo Pe. Enrique Aponte, cmf, que \u00e0 luz do canto sonhador de Claret e do texto b\u00edblico de S\u00e3o Mateus 1, 19-21, come\u00e7ou por nos dizer que na hist\u00f3ria da salva\u00e7\u00e3o Deus aproveitou os sonhos para se revelar. Neles ele mostrou sua vontade e os seres humanos puderam intuir qual era o seu projeto.<\/p>\n<p>Nesta segunda fase, somos convidados a perceber o que poderia ser o sonho de Deus para a Prov\u00edncia hoje, os capitulares procurar\u00e3o vislumbrar esse futuro: qual Prov\u00edncia gostar\u00edamos de encontrar no final deste per\u00edodo, quando ser\u00e1 o pr\u00f3ximo Cap\u00edtulo Provincial? Tudo o que foi descoberto na fase anterior ajudar\u00e1 a definir o sonho.<\/p>\n<p>Trata-se de fixar nosso olhar nas sementes de vida detectadas. Que prov\u00edncia poderia nascer delas? Por que n\u00e3o imaginar um futuro em que todas essas for\u00e7as possam se harmonizar apoiando a gra\u00e7a em um projeto comum? As intui\u00e7\u00f5es de cada um devem ser compartilhadas e discutidas. Todos os capitulares temos tempo para responder a estas perguntas: que caracter\u00edsticas teria aquela Prov\u00edncia com que sonhamos? Cada grupo, ent\u00e3o, formula o que acredita ser o sonho de Deus para a Prov\u00edncia.<\/p>\n<p>&nbsp;<\/p>\n<p>Este trabalho foi enriquecido com a explica\u00e7\u00e3o dos passos a trabalhar que o Pe. Henry Omonisaye, cmf, nos deu, a saber:<\/p>\n<ol>\n<li>Contemplar o Sonho da Congrega\u00e7\u00e3o, reservar um tempo para ler e reler o sonho, orar com ele e interioriza-lo<\/li>\n<li>\u00c0 luz do Sonho da Congrega\u00e7\u00e3o e das conversas realizadas: Escrever o sonho que voc\u00ea acredita que Deus tem para a Prov\u00edncia, ter em mente que o fazemos de acordo com o processo em que est\u00e1vamos na etapa anterior: Apostolado, Governo, Economia, Forma\u00e7\u00e3o, Espiritualidade<\/li>\n<li>Voltar ao grupo onde trabalho e compartilhar o Sonho elaborado.<\/li>\n<li>Elaborar um \u00fanico sonho em grupo para a prov\u00edncia, que ser\u00e1 compartilhado em plen\u00e1rio.<\/li>\n<\/ol>\n<p>&nbsp;<\/p>\n<p>No final da tarde foram partilhados os diversos sonhos que consideramos serem os que Deus deseja para a nossa prov\u00edncia, ao todo, surgiram 7 sonhos, que foram meditados, refletidos e melhorados.<\/p>\n<p>&nbsp;<\/p>\n<p>No final do dia, manteve-se um fecundo di\u00e1logo com a comiss\u00e3o para os assuntos especiais, o que nos ajudou a continuar a pensar-nos como prov\u00edncia e a trabalhar pelo bem-estar da comunidade provincial. Agradecemos ao Pe. Henry Omonisaye, cmf, por sua proximidade, compromisso e testemunho de vida.<\/p>\n<p>&nbsp;<\/p>\n<p>Conclu\u00edmos o nosso dia com a celebra\u00e7\u00e3o da Eucaristia, colocando nas m\u00e3os de Deus, cada um dos sonhos que fomos trabalhando, continuaremos com a fase amanh\u00e3.<\/p>\n","protected":false},"excerpt":{"rendered":"<p>XVI CAP\u00cdTULO PROVINCIAL Dia 10 de dezembro ENCERRAMENTO DA FASE DO DESCOBRIR &nbsp; Come\u00e7amos a manh\u00e3 com a agrad\u00e1vel visita do Superior Geral, Pe. Mathew cmf e Pe. Gonzalo Fern\u00e1ndez, cmf, que participaram do momento de ora\u00e7\u00e3o. O clima fraterno desenvolvido ao longo do dia, permitiu-nos avan\u00e7ar com precis\u00e3o na concretiza\u00e7\u00e3o dos objetivos propostos para [&hellip;]<\/p>\n","protected":false},"author":183,"featured_media":109266,"comment_status":"closed","ping_status":"closed","sticky":false,"template":"","format":"standard","meta":{"_et_pb_use_builder":"","_et_pb_old_content":"","_et_gb_content_width":"","footnotes":""},"categories":[377,1099,354],"tags":[],"class_list":["post-109798","post","type-post","status-publish","format-standard","has-post-thumbnail","hentry","category-colombia-oriental-ecuador-pt-pt","category-congregacao","category-micla-pt-pt"],"jetpack_featured_media_url":"https:\/\/i0.wp.com\/www.claret.org\/wp-content\/uploads\/2021\/12\/IMG-20211210-WA0027-1.png?fit=1435%2C535&ssl=1","jetpack_sharing_enabled":true,"jetpack_shortlink":"https:\/\/wp.me\/pdaBmi-syW","jetpack_likes_enabled":true,"_links":{"self":[{"href":"https:\/\/www.claret.org\/pt-pt\/wp-json\/wp\/v2\/posts\/109798","targetHints":{"allow":["GET"]}}],"collection":[{"href":"https:\/\/www.claret.org\/pt-pt\/wp-json\/wp\/v2\/posts"}],"about":[{"href":"https:\/\/www.claret.org\/pt-pt\/wp-json\/wp\/v2\/types\/post"}],"author":[{"embeddable":true,"href":"https:\/\/www.claret.org\/pt-pt\/wp-json\/wp\/v2\/users\/183"}],"replies":[{"embeddable":true,"href":"https:\/\/www.claret.org\/pt-pt\/wp-json\/wp\/v2\/comments?post=109798"}],"version-history":[{"count":0,"href":"https:\/\/www.claret.org\/pt-pt\/wp-json\/wp\/v2\/posts\/109798\/revisions"}],"wp:featuredmedia":[{"embeddable":true,"href":"https:\/\/www.claret.org\/pt-pt\/wp-json\/wp\/v2\/media\/109266"}],"wp:attachment":[{"href":"https:\/\/www.claret.org\/pt-pt\/wp-json\/wp\/v2\/media?parent=109798"}],"wp:term":[{"taxonomy":"category","embeddable":true,"href":"https:\/\/www.claret.org\/pt-pt\/wp-json\/wp\/v2\/categories?post=109798"},{"taxonomy":"post_tag","embeddable":true,"href":"https:\/\/www.claret.org\/pt-pt\/wp-json\/wp\/v2\/tags?post=109798"}],"curies":[{"name":"wp","href":"https:\/\/api.w.org\/{rel}","templated":true}]}}