{"id":109919,"date":"2021-12-22T22:51:45","date_gmt":"2021-12-22T21:51:45","guid":{"rendered":"https:\/\/www.claret.org\/ordenacao-sacerdotal-na-delegacao-independente-da-indonesia-timor-leste\/"},"modified":"2021-12-22T22:51:45","modified_gmt":"2021-12-22T21:51:45","slug":"ordenacao-sacerdotal-na-delegacao-independente-da-indonesia-timor-leste","status":"publish","type":"post","link":"https:\/\/www.claret.org\/pt-pt\/ordenacao-sacerdotal-na-delegacao-independente-da-indonesia-timor-leste\/","title":{"rendered":"ORDENA\u00c7\u00c3O SACERDOTAL NA DELEGA\u00c7\u00c3O INDEPENDENTE DA INDON\u00c9SIA-TIMOR-LESTE"},"content":{"rendered":"<p><span style=\"font-size: 14pt;\"><strong>UM APELO A ESTARMOS ENRAIZADOS EM CRISTO E SERMOS AUDAZES NO TESTEMUNHO<\/strong><\/span><\/p>\n<p>&nbsp;<\/p>\n<p><span style=\"font-size: 14pt;\"><strong>Kupang, Indon\u00e9sia<\/strong>: Foi uma b\u00ean\u00e7\u00e3o para a Delega\u00e7\u00e3o Independente da Indon\u00e9sia-Timor-Leste nesta peregrina\u00e7\u00e3o do Advento com a terceira ordena\u00e7\u00e3o em 2021. No s\u00e1bado, 18 de dezembro de 2021, o Arcebispo de Kupang, Dom Petrus Turang, na Par\u00f3quia S\u00e3o Francisco de Assis de BTN Kolhua &#8211; Kupang, ordenou quatro di\u00e1conos ao sacerd\u00f3cio junto com outros di\u00e1conos da diocese local. Os quatro padres rec\u00e9m-ordenados s\u00e3o: Aloysius Etwino Ganti, Hergianus Jebarus, Kalixtus Kapistrano e Silvestre Antonio Pereira, CMFF.<\/span><\/p>\n<p><span style=\"font-size: 14pt;\">Dom Turang, na homilia, exortou os rec\u00e9m-ordenados a estarem verdadeiramente enraizados em Cristo como modelo e, ao mesmo tempo, centrar a vida na sua Palavra, j\u00e1 que \u00e9 a \u00fanica arma para enfrentar as tenta\u00e7\u00f5es neste momento.<\/span><\/p>\n<p><span style=\"font-size: 14pt;\">No dia seguinte os quatro rec\u00e9m-ordenados celebraram sua missa de agradecimento no \u201cClaret Open Hall, Seminari Hati Maria\u201d, Kupang, com as comunidades claretianas, familiares e os poucos convidados devido \u00e0 restri\u00e7\u00e3o por causa da pandemia, e a fim de respeitar a serena experi\u00eancia do caminho do Advento.<\/span><\/p>\n<p><span style=\"font-size: 14pt;\">O Pe. Hergianus Jebarus, cmf, um destes novos sacerdotes, que integra a Delega\u00e7\u00e3o Independente de S\u00e3o Carlos Luanga, regressar\u00e1 ao seu organismo, onde \u00e9 incardinado, depois de ter conclu\u00eddo o seu processo acad\u00eamico e formativo. Pedimos ao Senhor que os aben\u00e7oe. Que lhe conceda uma experi\u00eancia mission\u00e1ria feliz e fecunda, onde quer que for enviado.<\/span><\/p>\n<p>&nbsp;<\/p>\n<p><span style=\"font-size: 14pt;\">[envira-gallery id=&#8221;109863&#8243;]<\/span><\/p>\n","protected":false},"excerpt":{"rendered":"<p>UM APELO A ESTARMOS ENRAIZADOS EM CRISTO E SERMOS AUDAZES NO TESTEMUNHO &nbsp; Kupang, Indon\u00e9sia: Foi uma b\u00ean\u00e7\u00e3o para a Delega\u00e7\u00e3o Independente da Indon\u00e9sia-Timor-Leste nesta peregrina\u00e7\u00e3o do Advento com a terceira ordena\u00e7\u00e3o em 2021. No s\u00e1bado, 18 de dezembro de 2021, o Arcebispo de Kupang, Dom Petrus Turang, na Par\u00f3quia S\u00e3o Francisco de Assis de [&hellip;]<\/p>\n","protected":false},"author":183,"featured_media":109914,"comment_status":"closed","ping_status":"closed","sticky":false,"template":"","format":"standard","meta":{"_et_pb_use_builder":"","_et_pb_old_content":"","_et_gb_content_width":"","footnotes":""},"categories":[196,205,1099,574],"tags":[],"class_list":["post-109919","post","type-post","status-publish","format-standard","has-post-thumbnail","hentry","category-ascla-east-pt-pt","category-ave-maria-pt","category-congregacao","category-ordenacoes"],"jetpack_featured_media_url":"https:\/\/i0.wp.com\/www.claret.org\/wp-content\/uploads\/2021\/12\/Indonesia-Ordination-4-2.png?fit=1090%2C588&ssl=1","jetpack_sharing_enabled":true,"jetpack_shortlink":"https:\/\/wp.me\/pdaBmi-sAT","jetpack_likes_enabled":true,"_links":{"self":[{"href":"https:\/\/www.claret.org\/pt-pt\/wp-json\/wp\/v2\/posts\/109919","targetHints":{"allow":["GET"]}}],"collection":[{"href":"https:\/\/www.claret.org\/pt-pt\/wp-json\/wp\/v2\/posts"}],"about":[{"href":"https:\/\/www.claret.org\/pt-pt\/wp-json\/wp\/v2\/types\/post"}],"author":[{"embeddable":true,"href":"https:\/\/www.claret.org\/pt-pt\/wp-json\/wp\/v2\/users\/183"}],"replies":[{"embeddable":true,"href":"https:\/\/www.claret.org\/pt-pt\/wp-json\/wp\/v2\/comments?post=109919"}],"version-history":[{"count":0,"href":"https:\/\/www.claret.org\/pt-pt\/wp-json\/wp\/v2\/posts\/109919\/revisions"}],"wp:featuredmedia":[{"embeddable":true,"href":"https:\/\/www.claret.org\/pt-pt\/wp-json\/wp\/v2\/media\/109914"}],"wp:attachment":[{"href":"https:\/\/www.claret.org\/pt-pt\/wp-json\/wp\/v2\/media?parent=109919"}],"wp:term":[{"taxonomy":"category","embeddable":true,"href":"https:\/\/www.claret.org\/pt-pt\/wp-json\/wp\/v2\/categories?post=109919"},{"taxonomy":"post_tag","embeddable":true,"href":"https:\/\/www.claret.org\/pt-pt\/wp-json\/wp\/v2\/tags?post=109919"}],"curies":[{"name":"wp","href":"https:\/\/api.w.org\/{rel}","templated":true}]}}