{"id":111681,"date":"2022-02-01T22:29:42","date_gmt":"2022-02-01T21:29:42","guid":{"rendered":"https:\/\/www.claret.org\/a-delegacao-das-antilhas-inicia-o-caminho-de-preparacao-para-sua-viii-assembleia-geral-ordinaria\/"},"modified":"2022-02-01T22:29:42","modified_gmt":"2022-02-01T21:29:42","slug":"a-delegacao-das-antilhas-inicia-o-caminho-de-preparacao-para-sua-viii-assembleia-geral-ordinaria","status":"publish","type":"post","link":"https:\/\/www.claret.org\/pt-pt\/a-delegacao-das-antilhas-inicia-o-caminho-de-preparacao-para-sua-viii-assembleia-geral-ordinaria\/","title":{"rendered":"A Delega\u00e7\u00e3o das Antilhas inicia o caminho de prepara\u00e7\u00e3o para sua VIII Assembleia Geral Ordin\u00e1ria"},"content":{"rendered":"<p><span style=\"font-size: 14pt; font-family: terminal, monaco, monospace;\"><strong>Bayam\u00f3n, Porto Rico<\/strong>. A Delega\u00e7\u00e3o das Antilhas realizou uma reuni\u00e3o online, em 31 de janeiro de 2022, com todos os membros da Delega\u00e7\u00e3o, para divulgar e lan\u00e7ar o itiner\u00e1rio de prepara\u00e7\u00e3o para a VIII Assembleia Geral Ordin\u00e1ria da Delega\u00e7\u00e3o que ser\u00e1 realizada entre 16 e 21 de maio de 2022 na Rep\u00fablica Dominicana. O encontro foi convocado e orientado pelo Governo da Delega\u00e7\u00e3o, Pe. Fausto Cruz Rosa, Superior Maior, e pelos Pes. Demuel Tav\u00e1rez, Prefeito de Apostolado e Jairo Antonio P\u00e9rez, Prefeito de Economia. Durante o encontro, fomos acompanhados por dois membros do Governo Geral, Pes. Pedro Belderrain Belderrain e Carlos S\u00e1nchez Miranda, que n\u00e3o s\u00f3 dirigiram algumas palavras de encorajamento aos presentes, mas tamb\u00e9m, antes da Assembleia, chegar\u00e3o \u00e0s Antilhas para realizar uma visita de anima\u00e7\u00e3o mission\u00e1ria atrav\u00e9s das frentes de miss\u00e3o que comp\u00f5em o Organismo e, em seguida, participar\u00e3o presidindo e acompanhando a Assembleia.<\/span><\/p>\n<p><span style=\"font-size: 14pt; font-family: terminal, monaco, monospace;\">Na prepara\u00e7\u00e3o e celebra\u00e7\u00e3o da Assembleia, a Delega\u00e7\u00e3o, em comunh\u00e3o com toda a Congrega\u00e7\u00e3o, acolhe e subscreve o modelo proposto no XXVI Cap\u00edtulo Geral, recentemente conclu\u00eddo. Em outras palavras, a proposta de itiner\u00e1rio \u00e9 que todos os membros do Organismo participem ativamente e entrem no processo de descobrir, sonhar, escolher, projetar e se comprometer. O percurso de prepara\u00e7\u00e3o estruturada ser\u00e1 desenvolvido em v\u00e1rias etapas: sensibiliza\u00e7\u00e3o, consulta e participa\u00e7\u00e3o e finalmente organiza\u00e7\u00e3o e prepara\u00e7\u00e3o imediata. Para a fase de sensibiliza\u00e7\u00e3o, consulta e participa\u00e7\u00e3o, o Governo prop\u00f4s as seguintes atividades: exerc\u00edcios espirituais por ilhas, colheita pessoal (reflex\u00e3o pessoal), conversa na comunidade local e conversas por ilhas.<\/span><\/p>\n<p><span style=\"font-size: 14pt; font-family: terminal, monaco, monospace;\">Diante do caminho de prepara\u00e7\u00e3o, foram revelados o logotipo e o lema que animar\u00e3o o caminho: &#8220;Delega\u00e7\u00e3o saindo, enraizada e ousada na miss\u00e3o&#8221;, bem como a ora\u00e7\u00e3o preparat\u00f3ria, a forma\u00e7\u00e3o de v\u00e1rias comiss\u00f5es que ajudar\u00e3o no caminho e, finalmente, o convite dirigido aos estudantes claretianos em seu \u00faltimo ano de teologia e a alguns leigos com quem compartilhamos a miss\u00e3o de participar da caminhada e dos dias de celebra\u00e7\u00e3o da Assembleia.  <\/span><\/p>\n","protected":false},"excerpt":{"rendered":"<p>Bayam\u00f3n, Porto Rico. A Delega\u00e7\u00e3o das Antilhas realizou uma reuni\u00e3o online, em 31 de janeiro de 2022, com todos os membros da Delega\u00e7\u00e3o, para divulgar e lan\u00e7ar o itiner\u00e1rio de prepara\u00e7\u00e3o para a VIII Assembleia Geral Ordin\u00e1ria da Delega\u00e7\u00e3o que ser\u00e1 realizada entre 16 e 21 de maio de 2022 na Rep\u00fablica Dominicana. O encontro [&hellip;]<\/p>\n","protected":false},"author":2,"featured_media":111375,"comment_status":"closed","ping_status":"closed","sticky":false,"template":"","format":"standard","meta":{"_et_pb_use_builder":"","_et_pb_old_content":"","_et_gb_content_width":"","footnotes":""},"categories":[358],"tags":[],"class_list":["post-111681","post","type-post","status-publish","format-standard","has-post-thumbnail","hentry","category-antillas-pt-pt"],"jetpack_featured_media_url":"https:\/\/i0.wp.com\/www.claret.org\/wp-content\/uploads\/2022\/02\/DELEGACION-INDEPENDIENTE-DE-ANTILLAS-logo-final-1.png?fit=736%2C367&ssl=1","jetpack_sharing_enabled":true,"jetpack_shortlink":"https:\/\/wp.me\/pdaBmi-t3j","jetpack_likes_enabled":true,"_links":{"self":[{"href":"https:\/\/www.claret.org\/pt-pt\/wp-json\/wp\/v2\/posts\/111681","targetHints":{"allow":["GET"]}}],"collection":[{"href":"https:\/\/www.claret.org\/pt-pt\/wp-json\/wp\/v2\/posts"}],"about":[{"href":"https:\/\/www.claret.org\/pt-pt\/wp-json\/wp\/v2\/types\/post"}],"author":[{"embeddable":true,"href":"https:\/\/www.claret.org\/pt-pt\/wp-json\/wp\/v2\/users\/2"}],"replies":[{"embeddable":true,"href":"https:\/\/www.claret.org\/pt-pt\/wp-json\/wp\/v2\/comments?post=111681"}],"version-history":[{"count":0,"href":"https:\/\/www.claret.org\/pt-pt\/wp-json\/wp\/v2\/posts\/111681\/revisions"}],"wp:featuredmedia":[{"embeddable":true,"href":"https:\/\/www.claret.org\/pt-pt\/wp-json\/wp\/v2\/media\/111375"}],"wp:attachment":[{"href":"https:\/\/www.claret.org\/pt-pt\/wp-json\/wp\/v2\/media?parent=111681"}],"wp:term":[{"taxonomy":"category","embeddable":true,"href":"https:\/\/www.claret.org\/pt-pt\/wp-json\/wp\/v2\/categories?post=111681"},{"taxonomy":"post_tag","embeddable":true,"href":"https:\/\/www.claret.org\/pt-pt\/wp-json\/wp\/v2\/tags?post=111681"}],"curies":[{"name":"wp","href":"https:\/\/api.w.org\/{rel}","templated":true}]}}