{"id":111927,"date":"2022-02-06T21:04:55","date_gmt":"2022-02-06T20:04:55","guid":{"rendered":"https:\/\/www.claret.org\/de-maos-dadas-na-formacao-de-futuros-missionarios-diaconos-da-mae-de-africa-ordenados-na-nigeria-ocidental\/"},"modified":"2022-02-06T21:04:55","modified_gmt":"2022-02-06T20:04:55","slug":"de-maos-dadas-na-formacao-de-futuros-missionarios-diaconos-da-mae-de-africa-ordenados-na-nigeria-ocidental","status":"publish","type":"post","link":"https:\/\/www.claret.org\/pt-pt\/de-maos-dadas-na-formacao-de-futuros-missionarios-diaconos-da-mae-de-africa-ordenados-na-nigeria-ocidental\/","title":{"rendered":"De m\u00e3os dadas na forma\u00e7\u00e3o de futuros mission\u00e1rios: di\u00e1conos da M\u00e3e de \u00c1frica ordenados na Nig\u00e9ria Ocidental"},"content":{"rendered":"<p><span style=\"font-family: arial, helvetica, sans-serif; font-size: 14pt;\"><strong>Ibadan, Nig\u00e9ria<\/strong>. Foi um dia de alegria para a Delega\u00e7\u00e3o da Nig\u00e9ria Ocidental ao presenciar a ordena\u00e7\u00e3o diaconal de cinco candidatos da Delega\u00e7\u00e3o Independente M\u00e3e da \u00c1frica. A ordena\u00e7\u00e3o ocorreu em 5 de fevereiro de 2022, na Claret House of Theology, Elerumoke. Pela primeira vez, a Delega\u00e7\u00e3o Independente da Nig\u00e9ria Ocidental teve o privil\u00e9gio de presenciar a ordena\u00e7\u00e3o de estudantes claretianos, membros de outros Organismos Maiores que receberam sua forma\u00e7\u00e3o teol\u00f3gica na casa de forma\u00e7\u00e3o da Delega\u00e7\u00e3o na Nig\u00e9ria.<\/span><\/p>\n<p><span style=\"font-family: arial, helvetica, sans-serif; font-size: 14pt;\">O Bispo ordenante, Dom Emmanuel Badejo, Bispo da Diocese de Oyo, expressou sua alegria durante a celebra\u00e7\u00e3o. Confessou alegremente aos fi\u00e9is que a ordena\u00e7\u00e3o destes irm\u00e3os da Delega\u00e7\u00e3o Independente M\u00e3e da \u00c1frica, Estudantes Claretianos de Angola e S\u00e3o Tom\u00e9 e Pr\u00edncipe, \u00e9 a primeira ordena\u00e7\u00e3o internacional que tem desde o seu episcopado.<\/span><\/p>\n<p><span style=\"font-family: arial, helvetica, sans-serif; font-size: 14pt;\">Em sua homilia, encorajou os ordenandos a ver o minist\u00e9rio como um dom e a cumprir as exig\u00eancias do of\u00edcio com humildade e sinceridade.<\/span><\/p>\n<p><span style=\"font-family: arial, helvetica, sans-serif; font-size: 14pt;\">Os rec\u00e9m-ordenados di\u00e1conos, Rui Aquas Afonso Luis, Simone Antonio, Marcolino Francisco Viyanga, Est\u00eav\u00e3o Kapewa Fernando, Francesco Chimbaia Manuel, CMFF, expressaram sua gratid\u00e3o \u00e0 Nig\u00e9ria Ocidental pelo apoio e encorajamento recebidos desde o momento em que chegaram \u00e0 Nig\u00e9ria para seus estudos teol\u00f3gicos e forma\u00e7\u00e3o.<\/span><\/p>\n<p><span style=\"font-family: arial, helvetica, sans-serif; font-size: 14pt;\">Parabenizamos nossos amados Di\u00e1conos e pedimos a Deus que lhes conceda todas as gra\u00e7as de que necessitam na miss\u00e3o.<\/span><\/p>\n<p>&nbsp;<\/p>\n<p><span style=\"font-family: arial, helvetica, sans-serif; font-size: 14pt;\">(Not\u00edcia do Pe. Paul E. Ameh, CMF, Secret\u00e1rio da Nig\u00e9ria Ocidental)<\/span><\/p>\n","protected":false},"excerpt":{"rendered":"<p>Ibadan, Nig\u00e9ria. Foi um dia de alegria para a Delega\u00e7\u00e3o da Nig\u00e9ria Ocidental ao presenciar a ordena\u00e7\u00e3o diaconal de cinco candidatos da Delega\u00e7\u00e3o Independente M\u00e3e da \u00c1frica. A ordena\u00e7\u00e3o ocorreu em 5 de fevereiro de 2022, na Claret House of Theology, Elerumoke. Pela primeira vez, a Delega\u00e7\u00e3o Independente da Nig\u00e9ria Ocidental teve o privil\u00e9gio de [&hellip;]<\/p>\n","protected":false},"author":2,"featured_media":111907,"comment_status":"closed","ping_status":"closed","sticky":false,"template":"","format":"standard","meta":{"_et_pb_use_builder":"","_et_pb_old_content":"","_et_gb_content_width":"","footnotes":""},"categories":[130,191,574],"tags":[],"class_list":["post-111927","post","type-post","status-publish","format-standard","has-post-thumbnail","hentry","category-mae-da-africa-pt-pt","category-west-nigeria-pt-pt","category-ordenacoes"],"jetpack_featured_media_url":"https:\/\/i0.wp.com\/www.claret.org\/wp-content\/uploads\/2022\/02\/MA-20220204-Diaconate-Ordinations-in-West-Nigeria-1.jpg?fit=1000%2C750&ssl=1","jetpack_sharing_enabled":true,"jetpack_shortlink":"https:\/\/wp.me\/pdaBmi-t7h","jetpack_likes_enabled":true,"_links":{"self":[{"href":"https:\/\/www.claret.org\/pt-pt\/wp-json\/wp\/v2\/posts\/111927","targetHints":{"allow":["GET"]}}],"collection":[{"href":"https:\/\/www.claret.org\/pt-pt\/wp-json\/wp\/v2\/posts"}],"about":[{"href":"https:\/\/www.claret.org\/pt-pt\/wp-json\/wp\/v2\/types\/post"}],"author":[{"embeddable":true,"href":"https:\/\/www.claret.org\/pt-pt\/wp-json\/wp\/v2\/users\/2"}],"replies":[{"embeddable":true,"href":"https:\/\/www.claret.org\/pt-pt\/wp-json\/wp\/v2\/comments?post=111927"}],"version-history":[{"count":0,"href":"https:\/\/www.claret.org\/pt-pt\/wp-json\/wp\/v2\/posts\/111927\/revisions"}],"wp:featuredmedia":[{"embeddable":true,"href":"https:\/\/www.claret.org\/pt-pt\/wp-json\/wp\/v2\/media\/111907"}],"wp:attachment":[{"href":"https:\/\/www.claret.org\/pt-pt\/wp-json\/wp\/v2\/media?parent=111927"}],"wp:term":[{"taxonomy":"category","embeddable":true,"href":"https:\/\/www.claret.org\/pt-pt\/wp-json\/wp\/v2\/categories?post=111927"},{"taxonomy":"post_tag","embeddable":true,"href":"https:\/\/www.claret.org\/pt-pt\/wp-json\/wp\/v2\/tags?post=111927"}],"curies":[{"name":"wp","href":"https:\/\/api.w.org\/{rel}","templated":true}]}}