{"id":112086,"date":"2022-02-13T10:45:58","date_gmt":"2022-02-13T09:45:58","guid":{"rendered":"https:\/\/www.claret.org\/claret-na-televisao-italiana-dia-14-de-fevereiro\/"},"modified":"2022-02-13T10:45:58","modified_gmt":"2022-02-13T09:45:58","slug":"claret-na-televisao-italiana-dia-14-de-fevereiro","status":"publish","type":"post","link":"https:\/\/www.claret.org\/pt-pt\/claret-na-televisao-italiana-dia-14-de-fevereiro\/","title":{"rendered":"CLARET na televis\u00e3o italiana dia 14 de fevereiro"},"content":{"rendered":"<p><span style=\"font-family: tahoma, arial, helvetica, sans-serif; font-size: 14pt;\"><strong>Roma, It\u00e1lia<\/strong>. O filme \u201cCLARET\u201d, como continua sua distribui\u00e7\u00e3o internacional, ser\u00e1 transmitido no hor\u00e1rio nobre da TV2000 na It\u00e1lia \u00e0s 21h10 do dia 14 de fevereiro de 2022, dublado em italiano.<\/span><\/p>\n<p><span style=\"font-family: tahoma, arial, helvetica, sans-serif; font-size: 14pt;\">O filme apresenta alguns momentos significativos da vida de Santo Ant\u00f4nio Maria Claret, tamb\u00e9m conhecido como &#8220;Padre Claret&#8221;, her\u00f3i dos direitos humanos e fundador de v\u00e1rias congrega\u00e7\u00f5es e institutos: a Congrega\u00e7\u00e3o dos Mission\u00e1rios Filhos do Imaculado Cora\u00e7\u00e3o do Cora\u00e7\u00e3o de Maria (CMF), as Filhas da Santa e Imaculada Filia\u00e7\u00e3o Cordimariana (HICM), as Religiosas de Maria Imaculada \u2013 Mission\u00e1rias Claretianas (RMICM) e o Movimento dos Leigos Claretianos (MSC).<\/span><\/p>\n<p><span style=\"font-family: tahoma, arial, helvetica, sans-serif; font-size: 14pt;\">CLARET \u00e9 dirigido por Pablo Moreno e estrelado por Antonio Reyes. Carlos Ca\u00f1as, Alba Redondo, Marta Romero, Assumpta Serna, Scott Cleverdon, Pablo Vi\u00f1a, Alberto Hern\u00e1ndez s\u00e3o o resto do elenco do filme produzido em 2020 na Espanha.<\/span><\/p>\n<p><span style=\"font-family: tahoma, arial, helvetica, sans-serif; font-size: 14pt;\">Se Deus quiser, em breve, o filme tamb\u00e9m estar\u00e1 dispon\u00edvel em outros pa\u00edses ao redor do mundo.<\/span><\/p>\n","protected":false},"excerpt":{"rendered":"<p>Roma, It\u00e1lia. O filme \u201cCLARET\u201d, como continua sua distribui\u00e7\u00e3o internacional, ser\u00e1 transmitido no hor\u00e1rio nobre da TV2000 na It\u00e1lia \u00e0s 21h10 do dia 14 de fevereiro de 2022, dublado em italiano. O filme apresenta alguns momentos significativos da vida de Santo Ant\u00f4nio Maria Claret, tamb\u00e9m conhecido como &#8220;Padre Claret&#8221;, her\u00f3i dos direitos humanos e fundador [&hellip;]<\/p>\n","protected":false},"author":2,"featured_media":112063,"comment_status":"closed","ping_status":"closed","sticky":false,"template":"","format":"standard","meta":{"_et_pb_use_builder":"","_et_pb_old_content":"","_et_gb_content_width":"","footnotes":""},"categories":[4392,1706],"tags":[],"class_list":["post-112086","post","type-post","status-publish","format-standard","has-post-thumbnail","hentry","category-communication-pt-pt","category-san-antonio-maria-claret-pt-pt"],"jetpack_featured_media_url":"https:\/\/i0.wp.com\/www.claret.org\/wp-content\/uploads\/2022\/02\/CUBA-1.png?fit=4096%2C1716&ssl=1","jetpack_sharing_enabled":true,"jetpack_shortlink":"https:\/\/wp.me\/pdaBmi-t9Q","jetpack_likes_enabled":true,"_links":{"self":[{"href":"https:\/\/www.claret.org\/pt-pt\/wp-json\/wp\/v2\/posts\/112086","targetHints":{"allow":["GET"]}}],"collection":[{"href":"https:\/\/www.claret.org\/pt-pt\/wp-json\/wp\/v2\/posts"}],"about":[{"href":"https:\/\/www.claret.org\/pt-pt\/wp-json\/wp\/v2\/types\/post"}],"author":[{"embeddable":true,"href":"https:\/\/www.claret.org\/pt-pt\/wp-json\/wp\/v2\/users\/2"}],"replies":[{"embeddable":true,"href":"https:\/\/www.claret.org\/pt-pt\/wp-json\/wp\/v2\/comments?post=112086"}],"version-history":[{"count":0,"href":"https:\/\/www.claret.org\/pt-pt\/wp-json\/wp\/v2\/posts\/112086\/revisions"}],"wp:featuredmedia":[{"embeddable":true,"href":"https:\/\/www.claret.org\/pt-pt\/wp-json\/wp\/v2\/media\/112063"}],"wp:attachment":[{"href":"https:\/\/www.claret.org\/pt-pt\/wp-json\/wp\/v2\/media?parent=112086"}],"wp:term":[{"taxonomy":"category","embeddable":true,"href":"https:\/\/www.claret.org\/pt-pt\/wp-json\/wp\/v2\/categories?post=112086"},{"taxonomy":"post_tag","embeddable":true,"href":"https:\/\/www.claret.org\/pt-pt\/wp-json\/wp\/v2\/tags?post=112086"}],"curies":[{"name":"wp","href":"https:\/\/api.w.org\/{rel}","templated":true}]}}