{"id":113054,"date":"2022-03-05T07:21:34","date_gmt":"2022-03-05T06:21:34","guid":{"rendered":"https:\/\/www.claret.org\/carta-do-superior-provincial-da-polonia-informacoes-sobre-a-ucrania\/"},"modified":"2022-03-05T07:21:34","modified_gmt":"2022-03-05T06:21:34","slug":"carta-do-superior-provincial-da-polonia-informacoes-sobre-a-ucrania","status":"publish","type":"post","link":"https:\/\/www.claret.org\/pt-pt\/carta-do-superior-provincial-da-polonia-informacoes-sobre-a-ucrania\/","title":{"rendered":"Carta do Superior Provincial da Pol\u00f4nia \u2013 Informa\u00e7\u00f5es sobre a Ucr\u00e2nia"},"content":{"rendered":"<p><span style=\"font-size: 14pt;\">Vars\u00f3via, 4 de mar\u00e7o de 2022<\/span><\/p>\n<p><span style=\"font-size: 14pt;\">Queridos Irm\u00e3os e amigos:<\/span><\/p>\n<p><span style=\"font-size: 14pt;\">Primeiramente, gostaria de agradecer a todos por seu grande interesse pelos acontecimentos que t\u00eam lugar al\u00e9m da nossa fronteira oriental e que est\u00e3o relacionadas com a guerra provocada pela R\u00fassia na Ucr\u00e2nia, onde os mission\u00e1rios claretiano da Prov\u00edncia da Pol\u00f4nia est\u00e3o presentes a pouco mais de um ano. Muito obrigado a todos os que j\u00e1 nos apoiaram economicamente (por exemplo, a Prov\u00edncia de Santiago), bem como aos que nos perguntam sobre isto ou expressam sua proximidade e solidariedade atrav\u00e9s da ora\u00e7\u00e3o e por mensagens de apoio e unidade.<\/span><\/p>\n<p><span style=\"font-size: 14pt;\">Nossos confrades poloneses servem em dois lugares na Ucr\u00e2nia. Truskavets (onde moram) e Boryslav (a cidade onde chegam). Em Boryslav, as Irm\u00e3s Servas da Imaculada Concei\u00e7\u00e3o (congrega\u00e7\u00e3o fundada na Pol\u00f4nia) trabalham e ajudam na igreja e na catequese. A comunidade de Truskawiec \u00e9 composta por tr\u00eas mission\u00e1rios claretianos: Pe. Wojciech Kobyli\u0144ski (superior), Pe. Krzysztof \u0141ab\u0119d\u017a (vice-superior) e Ir. Marcin Kuku\u015b (ec\u00f4nomo). Eles ficaram sabendo da eclos\u00e3o da guerra por meu interm\u00e9dio, porque li as not\u00edcias na Internet logo pela manh\u00e3. Isso mostra o poder da m\u00eddia moderna: voc\u00ea pode aprender mais e mais r\u00e1pido na Internet do que por uma pessoa do lugar. Al\u00e9m disso, a Ucr\u00e2nia \u00e9 um pa\u00eds grande (600.000 km2). A comunidade claretiana vive no oeste, e o ataque russo come\u00e7ou no leste da Ucr\u00e2nia.<\/span><\/p>\n<p><span style=\"font-size: 14pt;\">Nossos confrades decidiram desde o in\u00edcio que ficariam ali com as pessoas que queriam ajudar o maior tempo poss\u00edvel. Quanto \u00e0 sua seguran\u00e7a, sua situa\u00e7\u00e3o tem sido basicamente a mesma desde o in\u00edcio da guerra: paz e tranquilidade (interrompida de tempos em tempos por alarmes). Al\u00e9m disso, existem in\u00fameros postos de controle na entrada da cidade. Atualmente, os efeitos da guerra em Truskavets s\u00e3o que muitas pessoas (mulheres e crian\u00e7as) fogem para a Pol\u00f4nia, j\u00e1 que a fronteira polonesa fica a apenas 60 km de dist\u00e2ncia. Nossos confrades est\u00e3o ajudando a transportar muitas pessoas, com mais refugiados fugindo da parte oriental da Ucr\u00e2nia devastada pela guerra todos os dias. Alguns v\u00eam apenas por um tempo &#8211; considerando Truskavets como uma escala a caminho da Pol\u00f4nia &#8211; enquanto outros esperam que seja aqui que eles esperam que a trag\u00e9dia termine. A situa\u00e7\u00e3o \u00e9 realmente dif\u00edcil porque os russos atacam e bombardeiam alvos militares, mas tamb\u00e9m casas e blocos de apartamentos, hospitais, escolas e jardins de inf\u00e2ncia; como por divers\u00e3o, eles matam civis inocentes, incluindo mulheres e crian\u00e7as.<\/span><\/p>\n<p><span style=\"font-size: 14pt;\">Esta situa\u00e7\u00e3o levou os nossos confrades de Truskavets, para al\u00e9m do seu normal trabalho paroquial, a servirem de motoristas, transportando m\u00e3es com filhos at\u00e9 \u00e0 fronteira polonesa; organizando alimentos, roupas e rem\u00e9dios; \u00e0s vezes eles d\u00e3o uma quantia em dinheiro para aqueles que fugiram de m\u00e3os vazias de regi\u00f5es devastadas pela guerra. As necessidades est\u00e3o aumentando, mas a ajuda est\u00e1 se tornando mais organizada, tanto gra\u00e7as \u00e0s autoridades municipais de Truskavets quanto \u00e0 ajuda da Pol\u00f4nia e de outros pa\u00edses.<\/span><\/p>\n<p><span style=\"font-size: 14pt;\">Quanto \u00e0 ajuda, vem em duas dire\u00e7\u00f5es: em Truskavets (atrav\u00e9s de nossos confrades e religiosas); e na Pol\u00f4nia (desde o in\u00edcio da guerra, mais de 600.000 pessoas emigraram para a Pol\u00f4nia). A ajuda \u00e9 organizada em nossas par\u00f3quias e por meio de nossos colaboradores e amigos pr\u00f3ximos. Nossas comunidades claretianas na Pol\u00f4nia tamb\u00e9m ajudam os refugiados da Ucr\u00e2nia dando-lhes espa\u00e7o para morar em nossas casas (este \u00e9 o caso de Wroc\u0142aw e Paczyna; as comunidades de Vars\u00f3via e Krzydlina Ma\u0142a est\u00e3o prontas) e ajudam comprando alimentos b\u00e1sicos e produtos de higiene.<\/span><\/p>\n<p><span style=\"font-size: 14pt;\">Sabemos que nossa capacidade \u00e9 limitada, por isso estamos satisfeitos que muitos de voc\u00eas estejam perguntando como podem ajudar. Isso nos deixa muito felizes e j\u00e1 agradecemos sinceramente por todas as suas ofertas de ajuda. Estamos cientes de que a situa\u00e7\u00e3o atual vai piorar e provavelmente vai continuar por muito tempo, por isso queremos ajudar de forma estruturada e prudente (n\u00e3o dando todos os recursos de repente). Portanto, se voc\u00ea estiver disposto e puder ajudar, fa\u00e7a-o, com algumas dicas nossas:<\/span><\/p>\n<p><span style=\"font-size: 14pt;\">N\u00e3o podemos garantir uma contabilidade detalhada dos fundos recebidos (a situa\u00e7\u00e3o de guerra torna isso dif\u00edcil). Se isso for necess\u00e1rio para prestar ajuda, lamentamos, mas teremos que desistir, porque na Ucr\u00e2nia nossos confrades n\u00e3o t\u00eam tempo nem for\u00e7a para lidar com a documenta\u00e7\u00e3o de maneira detalhada e sistem\u00e1tica. A confian\u00e7a deve ser suficiente, embora, \u00e9 claro, tentaremos fazer tudo o que pudermos.<\/span><\/p>\n<p><span style=\"font-size: 14pt;\">Muitos de voc\u00eas pedem fotos. \u00c9 muito dif\u00edcil para n\u00f3s for\u00e7ar nossos confrades a tirar fotos em situa\u00e7\u00f5es de dor, sofrimento, priva\u00e7\u00e3o e mis\u00e9ria. Existem algumas pessoas, rep\u00f3rteres, que se dedicam a tirar esse tipo de foto profissionalmente; voc\u00ea pode encontr\u00e1-los facilmente na internet. Em segundo lugar, \u00e9 perigoso tirar fotos aqui porque todos s\u00e3o hipersens\u00edveis \u00e0 espionagem e v\u00e1rios espi\u00f5es russos j\u00e1 foram capturados. Claro, se recebermos alguma foto para torn\u00e1-la p\u00fablica, ficaremos felizes em compartilh\u00e1-la com voc\u00ea.<\/span><\/p>\n<p><span style=\"font-size: 14pt;\">Tamb\u00e9m n\u00e3o podemos dividir os fundos e, por exemplo, tirar fotos separadas dos itens comprados com dinheiro da Pol\u00f4nia e outros separados com dinheiro da Espanha ou Roma\u2026 Por favor, desculpe-nos por isso tamb\u00e9m.<\/span><\/p>\n<p><span style=\"font-size: 14pt;\">\u00c9 poss\u00edvel que fique dif\u00edcil cumprir os prazos estabelecidos por v\u00e1rias organiza\u00e7\u00f5es, mas \u00e9 claro que tentaremos.<\/span><\/p>\n<p><span style=\"font-size: 14pt;\">Como j\u00e1 mencionei, ajudamos e queremos ajudar em duas dire\u00e7\u00f5es: refugiados na Pol\u00f4nia (no futuro, podem ser v\u00e1rios milh\u00f5es) e na Ucr\u00e2nia. Se voc\u00ea deseja que seu dinheiro v\u00e1 apenas para os necessitados na Ucr\u00e2nia, indique isso com uma nota adequada.<\/span><\/p>\n<p><span style=\"font-size: 14pt;\">Pedimos aos nossos confrades da Ucr\u00e2nia que nos enviem mensagens regularmente (uma vez por semana) que lhes transmitiremos. Um deles, Pe. Wojciech Kobyli\u0144ski CMF, j\u00e1 escreve mensagens no Facebook quase todos os dias e anexa fotos, que tamb\u00e9m podem ser usadas: facebook.com\/wojciech.kobylinski.35<\/span><\/p>\n<p><span style=\"font-size: 14pt;\">Os fundos podem ser transferidos para a conta banc\u00e1ria da nossa Prov\u00edncia (conta em euros):<\/span><\/p>\n<p><span style=\"font-size: 14pt;\">Misjonarze Klaretyni Kuria Prowincjalna<\/span><\/p>\n<p><span style=\"font-size: 14pt;\">Poborzanska 27, 03-368 Warszawa<\/span><\/p>\n<p><span style=\"font-size: 14pt;\">IBAN: PL87 1020 1013 0000 0902 0020 9643<\/span><\/p>\n<p><span style=\"font-size: 14pt;\">SWIFT\/BIC: BPKOPLPW<\/span><\/p>\n<p><span style=\"font-size: 14pt;\">Todos os dados e outras informa\u00e7\u00f5es necess\u00e1rias podem ser obtidos escrevendo-me diretamente para o seguinte endere\u00e7o de e-mail: <a href=\"mailto:prowincjal@klaretyni.pl\">prowincjal@klaretyni.pl<\/a><\/span><\/p>\n<p><span style=\"font-size: 14pt;\">Finalmente, agrade\u00e7o-lhes mais uma vez pelo seu interesse, as suas ora\u00e7\u00f5es e o seu sentido de aut\u00eantica fraternidade. Isto \u00e9 muito importante para n\u00f3s, especialmente para os confrades que trabalham na Ucr\u00e2nia. Pe\u00e7o tamb\u00e9m ora\u00e7\u00e3o por nossos confrades (nove mission\u00e1rios claretianos) que trabalham na R\u00fassia e na Sib\u00e9ria. Esta situa\u00e7\u00e3o tamb\u00e9m n\u00e3o \u00e9 f\u00e1cil para eles.<\/span><\/p>\n<p><span style=\"font-size: 14pt;\">Sa\u00fado a todos em nome do Senhor.<\/span><\/p>\n<p><span style=\"font-size: 14pt;\">Pe. Piotr B\u0119za, CMF<\/span><\/p>\n<p><span style=\"font-size: 14pt;\">Superior Provincial da Pol\u00f4nia<\/span><\/p>\n","protected":false},"excerpt":{"rendered":"<p>Vars\u00f3via, 4 de mar\u00e7o de 2022 Queridos Irm\u00e3os e amigos: Primeiramente, gostaria de agradecer a todos por seu grande interesse pelos acontecimentos que t\u00eam lugar al\u00e9m da nossa fronteira oriental e que est\u00e3o relacionadas com a guerra provocada pela R\u00fassia na Ucr\u00e2nia, onde os mission\u00e1rios claretiano da Prov\u00edncia da Pol\u00f4nia est\u00e3o presentes a pouco mais [&hellip;]<\/p>\n","protected":false},"author":2,"featured_media":113033,"comment_status":"closed","ping_status":"closed","sticky":false,"template":"","format":"standard","meta":{"_et_pb_use_builder":"","_et_pb_old_content":"","_et_gb_content_width":"","footnotes":""},"categories":[336,442],"tags":[],"class_list":["post-113054","post","type-post","status-publish","format-standard","has-post-thumbnail","hentry","category-polska-pt-pt","category-solidariedade-e-missao"],"jetpack_featured_media_url":"https:\/\/i0.wp.com\/www.claret.org\/wp-content\/uploads\/2022\/03\/Ukraine-flag.jpg?fit=1198%2C793&ssl=1","jetpack_sharing_enabled":true,"jetpack_shortlink":"https:\/\/wp.me\/pdaBmi-tps","jetpack_likes_enabled":true,"_links":{"self":[{"href":"https:\/\/www.claret.org\/pt-pt\/wp-json\/wp\/v2\/posts\/113054","targetHints":{"allow":["GET"]}}],"collection":[{"href":"https:\/\/www.claret.org\/pt-pt\/wp-json\/wp\/v2\/posts"}],"about":[{"href":"https:\/\/www.claret.org\/pt-pt\/wp-json\/wp\/v2\/types\/post"}],"author":[{"embeddable":true,"href":"https:\/\/www.claret.org\/pt-pt\/wp-json\/wp\/v2\/users\/2"}],"replies":[{"embeddable":true,"href":"https:\/\/www.claret.org\/pt-pt\/wp-json\/wp\/v2\/comments?post=113054"}],"version-history":[{"count":0,"href":"https:\/\/www.claret.org\/pt-pt\/wp-json\/wp\/v2\/posts\/113054\/revisions"}],"wp:featuredmedia":[{"embeddable":true,"href":"https:\/\/www.claret.org\/pt-pt\/wp-json\/wp\/v2\/media\/113033"}],"wp:attachment":[{"href":"https:\/\/www.claret.org\/pt-pt\/wp-json\/wp\/v2\/media?parent=113054"}],"wp:term":[{"taxonomy":"category","embeddable":true,"href":"https:\/\/www.claret.org\/pt-pt\/wp-json\/wp\/v2\/categories?post=113054"},{"taxonomy":"post_tag","embeddable":true,"href":"https:\/\/www.claret.org\/pt-pt\/wp-json\/wp\/v2\/tags?post=113054"}],"curies":[{"name":"wp","href":"https:\/\/api.w.org\/{rel}","templated":true}]}}