{"id":113606,"date":"2022-03-20T07:20:38","date_gmt":"2022-03-20T06:20:38","guid":{"rendered":"https:\/\/www.claret.org\/quatro-sims-para-ser-para-sempre-casto-pobre-e-obediente\/"},"modified":"2022-03-20T07:20:38","modified_gmt":"2022-03-20T06:20:38","slug":"quatro-sims-para-ser-para-sempre-casto-pobre-e-obediente","status":"publish","type":"post","link":"https:\/\/www.claret.org\/pt-pt\/quatro-sims-para-ser-para-sempre-casto-pobre-e-obediente\/","title":{"rendered":"Quatro sims para ser para sempre casto, pobre e obediente"},"content":{"rendered":"<p><span style=\"font-size: 14pt;\"><strong>Quezon City, Filipinas<\/strong>. Por ocasi\u00e3o da Solenidade de S\u00e3o Jos\u00e9, quatro estudantes da Prov\u00edncia Padre Rhoel Gallardo fizeram a profiss\u00e3o perp\u00e9tua durante a celebra\u00e7\u00e3o eucar\u00edstica realizada na Capela do Semin\u00e1rio Claret College, em Quezon City, \u00e0s tr\u00eas da tarde. Pe. Elias Ayuban Jr., CMF, Superior Provincial, recebeu os votos dos Estudantes Nguyen Xuan Hiep, Nguyen Huu Tinh, Pham Hoang Thai e Jeffrey Rasay, CMFF.<\/span><\/p>\n<p><span style=\"font-size: 14pt;\">Diferentes comunidades claretianas, religiosas e seminaristas participaram da celebra\u00e7\u00e3o. O Provincial tamb\u00e9m agradeceu aos membros da Prov\u00edncia que celebraram neste dia os anivers\u00e1rios de nascimento e ordena\u00e7\u00e3o sacerdotal. A comunidade tamb\u00e9m agradeceu e se despediu do Pe. Efren Limpo, CMF, que partir\u00e1 para sua nova miss\u00e3o na C\u00faria Geral de Roma.<\/span><\/p>\n<p><span style=\"font-size: 14pt;\">Pe. Efren Limpo Lo, CMF fez um discurso de despedida CMF durante a celebra\u00e7\u00e3o<\/span><\/p>\n<p>&nbsp;<\/p>\n<p><span style=\"font-size: 14pt;\">(Not\u00edcias de Pe. Amador Tumbaga, CMF, Secret\u00e1rio Provincial da Prov\u00edncia Pe. Rhoel Gallardo)<\/span><\/p>\n","protected":false},"excerpt":{"rendered":"<p>Quezon City, Filipinas. Por ocasi\u00e3o da Solenidade de S\u00e3o Jos\u00e9, quatro estudantes da Prov\u00edncia Padre Rhoel Gallardo fizeram a profiss\u00e3o perp\u00e9tua durante a celebra\u00e7\u00e3o eucar\u00edstica realizada na Capela do Semin\u00e1rio Claret College, em Quezon City, \u00e0s tr\u00eas da tarde. Pe. Elias Ayuban Jr., CMF, Superior Provincial, recebeu os votos dos Estudantes Nguyen Xuan Hiep, Nguyen [&hellip;]<\/p>\n","protected":false},"author":2,"featured_media":113542,"comment_status":"closed","ping_status":"closed","sticky":false,"template":"","format":"standard","meta":{"_et_pb_use_builder":"","_et_pb_old_content":"","_et_gb_content_width":"","footnotes":""},"categories":[214,579],"tags":[],"class_list":["post-113606","post","type-post","status-publish","format-standard","has-post-thumbnail","hentry","category-fr-rhoel-gallardo-pt-pt","category-profissoes"],"jetpack_featured_media_url":"https:\/\/i0.wp.com\/www.claret.org\/wp-content\/uploads\/2022\/03\/FR-20220319-Perpetual-Profession-4.jpg?fit=2048%2C1366&ssl=1","jetpack_sharing_enabled":true,"jetpack_shortlink":"https:\/\/wp.me\/pdaBmi-tym","jetpack_likes_enabled":true,"_links":{"self":[{"href":"https:\/\/www.claret.org\/pt-pt\/wp-json\/wp\/v2\/posts\/113606","targetHints":{"allow":["GET"]}}],"collection":[{"href":"https:\/\/www.claret.org\/pt-pt\/wp-json\/wp\/v2\/posts"}],"about":[{"href":"https:\/\/www.claret.org\/pt-pt\/wp-json\/wp\/v2\/types\/post"}],"author":[{"embeddable":true,"href":"https:\/\/www.claret.org\/pt-pt\/wp-json\/wp\/v2\/users\/2"}],"replies":[{"embeddable":true,"href":"https:\/\/www.claret.org\/pt-pt\/wp-json\/wp\/v2\/comments?post=113606"}],"version-history":[{"count":0,"href":"https:\/\/www.claret.org\/pt-pt\/wp-json\/wp\/v2\/posts\/113606\/revisions"}],"wp:featuredmedia":[{"embeddable":true,"href":"https:\/\/www.claret.org\/pt-pt\/wp-json\/wp\/v2\/media\/113542"}],"wp:attachment":[{"href":"https:\/\/www.claret.org\/pt-pt\/wp-json\/wp\/v2\/media?parent=113606"}],"wp:term":[{"taxonomy":"category","embeddable":true,"href":"https:\/\/www.claret.org\/pt-pt\/wp-json\/wp\/v2\/categories?post=113606"},{"taxonomy":"post_tag","embeddable":true,"href":"https:\/\/www.claret.org\/pt-pt\/wp-json\/wp\/v2\/tags?post=113606"}],"curies":[{"name":"wp","href":"https:\/\/api.w.org\/{rel}","templated":true}]}}