{"id":119141,"date":"2022-04-08T23:41:02","date_gmt":"2022-04-08T21:41:02","guid":{"rendered":"https:\/\/www.claret.org\/dignidade-e-algo-que-o-ser-divino-da-as-pessoas\/"},"modified":"2022-04-09T16:20:44","modified_gmt":"2022-04-09T14:20:44","slug":"dignidade-e-algo-que-o-ser-divino-da-as-pessoas","status":"publish","type":"post","link":"https:\/\/www.claret.org\/pt-pt\/dignidade-e-algo-que-o-ser-divino-da-as-pessoas\/","title":{"rendered":"Dignidade \u00e9 algo que o ser divino d\u00e1 \u00e0s pessoas"},"content":{"rendered":"\n<p class=\"has-drop-cap\"><strong>Kerwa, Qu\u00eania.<\/strong> O projeto &#8220;Instala\u00e7\u00f5es sanit\u00e1rias para habitantes de Kerwa, Qu\u00eania&#8221; (Ref.No.X106\/2017) foi conclu\u00eddo. Banheiros foram constru\u00eddos para senhoras, meninas, senhores, meninos e pessoas com defici\u00eancias f\u00edsicas. As condi\u00e7\u00f5es de higiene e de vida de mais de 200 pessoas na aldeia melhoraram muito devido a este projeto.<\/p>\n\n<p>Este projeto foi financiado pela <a href=\"http:\/\/www.procladeint.org\" target=\"_blank\" rel=\"noreferrer noopener nofollow\">PROCLADE Internazionale Onlus<\/a>, Roma. Agradecemos ao Pe. John Britto, CMF, Procurador da Miss\u00e3o Claretiana da Delega\u00e7\u00e3o Independente S\u00e3o Carlos Lwanga, e Pe. Amalanathan Martin, CMF que implementou com sucesso este projeto junto com a comunidade claretiana em Kerwa.<\/p>\n\n<p><\/p>\n\n<figure class=\"wp-block-gallery has-nested-images columns-default is-cropped wp-block-gallery-1 is-layout-flex wp-block-gallery-is-layout-flex\">\n<figure class=\"wp-block-image size-full\"><img data-recalc-dims=\"1\" loading=\"lazy\" decoding=\"async\" width=\"1080\" height=\"608\" data-attachment-id=\"119039\" data-permalink=\"https:\/\/www.claret.org\/pt-pt\/dignidade-e-algo-que-o-ser-divino-da-as-pessoas\/sc-20220408-toilet-project-3-2\/\" data-orig-file=\"https:\/\/i0.wp.com\/www.claret.org\/wp-content\/uploads\/2022\/04\/SC-20220408-Toilet-project-3.jpeg?fit=1600%2C901&amp;ssl=1\" data-orig-size=\"1600,901\" data-comments-opened=\"0\" data-image-meta=\"{&quot;aperture&quot;:&quot;0&quot;,&quot;credit&quot;:&quot;&quot;,&quot;camera&quot;:&quot;&quot;,&quot;caption&quot;:&quot;&quot;,&quot;created_timestamp&quot;:&quot;0&quot;,&quot;copyright&quot;:&quot;&quot;,&quot;focal_length&quot;:&quot;0&quot;,&quot;iso&quot;:&quot;0&quot;,&quot;shutter_speed&quot;:&quot;0&quot;,&quot;title&quot;:&quot;&quot;,&quot;orientation&quot;:&quot;0&quot;}\" data-image-title=\"SC-20220408 Toilet project (3)\" data-image-description=\"\" data-image-caption=\"\" data-large-file=\"https:\/\/i0.wp.com\/www.claret.org\/wp-content\/uploads\/2022\/04\/SC-20220408-Toilet-project-3.jpeg?fit=1024%2C577&amp;ssl=1\" data-id=\"119039\" src=\"https:\/\/i0.wp.com\/www.claret.org\/wp-content\/uploads\/2022\/04\/SC-20220408-Toilet-project-3.jpeg?resize=1080%2C608&#038;ssl=1\" alt=\"\" class=\"wp-image-119039\" title=\"\" srcset=\"https:\/\/www.claret.org\/wp-content\/uploads\/2022\/04\/SC-20220408-Toilet-project-3.jpeg 1600w, https:\/\/www.claret.org\/wp-content\/uploads\/2022\/04\/SC-20220408-Toilet-project-3-1280x721.jpeg 1280w, https:\/\/www.claret.org\/wp-content\/uploads\/2022\/04\/SC-20220408-Toilet-project-3-980x552.jpeg 980w, https:\/\/www.claret.org\/wp-content\/uploads\/2022\/04\/SC-20220408-Toilet-project-3-480x270.jpeg 480w\" sizes=\"(min-width: 0px) and (max-width: 480px) 480px, (min-width: 481px) and (max-width: 980px) 980px, (min-width: 981px) and (max-width: 1280px) 1280px, (min-width: 1281px) 1600px, 100vw\" \/><\/figure>\n\n\n<figure class=\"wp-block-image size-large\"><img data-recalc-dims=\"1\" loading=\"lazy\" decoding=\"async\" width=\"1080\" height=\"608\" data-attachment-id=\"119045\" data-permalink=\"https:\/\/www.claret.org\/pt-pt\/dignidade-e-algo-que-o-ser-divino-da-as-pessoas\/sc-20220408-toilet-project-4-2\/\" data-orig-file=\"https:\/\/i0.wp.com\/www.claret.org\/wp-content\/uploads\/2022\/04\/SC-20220408-Toilet-project-4.jpeg?fit=1600%2C901&amp;ssl=1\" data-orig-size=\"1600,901\" data-comments-opened=\"0\" data-image-meta=\"{&quot;aperture&quot;:&quot;0&quot;,&quot;credit&quot;:&quot;&quot;,&quot;camera&quot;:&quot;&quot;,&quot;caption&quot;:&quot;&quot;,&quot;created_timestamp&quot;:&quot;0&quot;,&quot;copyright&quot;:&quot;&quot;,&quot;focal_length&quot;:&quot;0&quot;,&quot;iso&quot;:&quot;0&quot;,&quot;shutter_speed&quot;:&quot;0&quot;,&quot;title&quot;:&quot;&quot;,&quot;orientation&quot;:&quot;0&quot;}\" data-image-title=\"SC-20220408 Toilet project (4)\" data-image-description=\"\" data-image-caption=\"\" data-large-file=\"https:\/\/i0.wp.com\/www.claret.org\/wp-content\/uploads\/2022\/04\/SC-20220408-Toilet-project-4.jpeg?fit=1024%2C577&amp;ssl=1\" data-id=\"119045\" src=\"https:\/\/i0.wp.com\/www.claret.org\/wp-content\/uploads\/2022\/04\/SC-20220408-Toilet-project-4.jpeg?resize=1080%2C608&#038;ssl=1\" alt=\"\" class=\"wp-image-119045\" title=\"\" srcset=\"https:\/\/www.claret.org\/wp-content\/uploads\/2022\/04\/SC-20220408-Toilet-project-4.jpeg 1600w, https:\/\/www.claret.org\/wp-content\/uploads\/2022\/04\/SC-20220408-Toilet-project-4-1280x721.jpeg 1280w, https:\/\/www.claret.org\/wp-content\/uploads\/2022\/04\/SC-20220408-Toilet-project-4-980x552.jpeg 980w, https:\/\/www.claret.org\/wp-content\/uploads\/2022\/04\/SC-20220408-Toilet-project-4-480x270.jpeg 480w\" sizes=\"(min-width: 0px) and (max-width: 480px) 480px, (min-width: 481px) and (max-width: 980px) 980px, (min-width: 981px) and (max-width: 1280px) 1280px, (min-width: 1281px) 1600px, 100vw\" \/><\/figure><\/figure>\n","protected":false},"excerpt":{"rendered":"<p>Kerwa, Qu\u00eania. O projeto &#8220;Instala\u00e7\u00f5es sanit\u00e1rias para habitantes de Kerwa, Qu\u00eania&#8221; (Ref.No.X106\/2017) foi conclu\u00eddo. Banheiros foram constru\u00eddos para senhoras, meninas, senhores, meninos e pessoas com defici\u00eancias f\u00edsicas. As condi\u00e7\u00f5es de higiene e de vida de mais de 200 pessoas na aldeia melhoraram muito devido a este projeto. Este projeto foi financiado pela PROCLADE Internazionale Onlus, [&hellip;]<\/p>\n","protected":false},"author":2,"featured_media":119033,"comment_status":"closed","ping_status":"closed","sticky":false,"template":"","format":"standard","meta":{"_et_pb_use_builder":"off","_et_pb_old_content":"","_et_gb_content_width":"","footnotes":""},"categories":[449,186],"tags":[],"class_list":["post-119141","post","type-post","status-publish","format-standard","has-post-thumbnail","hentry","category-procure-mision","category-st-charles-lwanga-pt-pt"],"jetpack_featured_media_url":"https:\/\/i0.wp.com\/www.claret.org\/wp-content\/uploads\/2022\/04\/SC-20220408-Toilet-project-1.webp?fit=1182%2C665&ssl=1","jetpack_sharing_enabled":true,"jetpack_shortlink":"https:\/\/wp.me\/pdaBmi-uZD","jetpack_likes_enabled":true,"_links":{"self":[{"href":"https:\/\/www.claret.org\/pt-pt\/wp-json\/wp\/v2\/posts\/119141","targetHints":{"allow":["GET"]}}],"collection":[{"href":"https:\/\/www.claret.org\/pt-pt\/wp-json\/wp\/v2\/posts"}],"about":[{"href":"https:\/\/www.claret.org\/pt-pt\/wp-json\/wp\/v2\/types\/post"}],"author":[{"embeddable":true,"href":"https:\/\/www.claret.org\/pt-pt\/wp-json\/wp\/v2\/users\/2"}],"replies":[{"embeddable":true,"href":"https:\/\/www.claret.org\/pt-pt\/wp-json\/wp\/v2\/comments?post=119141"}],"version-history":[{"count":0,"href":"https:\/\/www.claret.org\/pt-pt\/wp-json\/wp\/v2\/posts\/119141\/revisions"}],"wp:featuredmedia":[{"embeddable":true,"href":"https:\/\/www.claret.org\/pt-pt\/wp-json\/wp\/v2\/media\/119033"}],"wp:attachment":[{"href":"https:\/\/www.claret.org\/pt-pt\/wp-json\/wp\/v2\/media?parent=119141"}],"wp:term":[{"taxonomy":"category","embeddable":true,"href":"https:\/\/www.claret.org\/pt-pt\/wp-json\/wp\/v2\/categories?post=119141"},{"taxonomy":"post_tag","embeddable":true,"href":"https:\/\/www.claret.org\/pt-pt\/wp-json\/wp\/v2\/tags?post=119141"}],"curies":[{"name":"wp","href":"https:\/\/api.w.org\/{rel}","templated":true}]}}