{"id":119501,"date":"2022-04-14T17:39:50","date_gmt":"2022-04-14T15:39:50","guid":{"rendered":"https:\/\/www.claret.org\/a-audacia-da-pascoa\/"},"modified":"2022-04-14T17:46:32","modified_gmt":"2022-04-14T15:46:32","slug":"a-audacia-da-pascoa","status":"publish","type":"post","link":"https:\/\/www.claret.org\/pt-pt\/a-audacia-da-pascoa\/","title":{"rendered":"A AUD\u00c1CIA DA P\u00c1SCOA"},"content":{"rendered":"\n<p class=\"has-drop-cap\">Nosso recente 26\u00ba Cap\u00edtulo Geral nos convida a estar &#8220;enraizados em Cristo e ousados na miss\u00e3o! Sonhamos com uma Congrega\u00e7\u00e3o peregrina, enraizada na f\u00e9 em Jesus Cristo e na espiritualidade claretiana (QC 43).<\/p>\n\n<p>A P\u00e1scoa nos lembra o fundamento de nossa f\u00e9, sobre o qual nossa voca\u00e7\u00e3o e miss\u00e3o tamb\u00e9m s\u00e3o constru\u00eddas: &#8220;O Senhor da vida estava morto, mas agora, vivo, ele triunfa&#8221;. Esta esperan\u00e7a, de que Ele est\u00e1 vivo, nos compele a mudar de dire\u00e7\u00e3o.  A tumba com um corpo tamb\u00e9m poderia ser um ponto de entrada. A tumba vazia \u00e9 necessariamente um ponto de partida.<\/p>\n\n<p>Padre Primo Mazzolari escreveu: &#8220;Os mortos precisam de miseric\u00f3rdia, os vivos precisam de ousadia&#8221;. Se a P\u00e1scoa come\u00e7asse com o esp\u00edrito funer\u00e1rio de Maria Madalena, s\u00f3 poderia continuar com nossa aud\u00e1cia de testemunhar um mundo distra\u00eddo &#8211; do qual somos parte &#8211; n\u00e3o a corrup\u00e7\u00e3o do t\u00famulo, mas a gl\u00f3ria da Ressurrei\u00e7\u00e3o.<\/p>\n\n<p>O Cristo Ressuscitado est\u00e1 em toda parte: na comunidade crist\u00e3 e religiosa, em sua Palavra que nos \u00e9 anunciada, no dom sublime da Eucaristia, em cada pessoa que sofre a pobreza, a viol\u00eancia e a injusti\u00e7a. Ele est\u00e1 em cada gesto de amor que tenta ser como o de Jesus at\u00e9 o fim, e em nossa miss\u00e3o claretiana.<\/p>\n\n<blockquote class=\"wp-block-quote is-layout-flow wp-block-quote-is-layout-flow\"><p>A aud\u00e1cia que a P\u00e1scoa nos pede \u00e9 gerada por este encontro pessoal e comunit\u00e1rio com Cristo Ressuscitado na Palavra de Deus e no P\u00e3o eucar\u00edstico, sem o qual o an\u00fancio da P\u00e1scoa permanece o de um t\u00famulo vazio. N\u00f3s, como mission\u00e1rios, com nossa vida corajosamente crist\u00e3 e claretiana, podemos continuar a tornar contempor\u00e2neo o amor do Ressuscitado.<\/p><\/blockquote>\n\n<p>Que nossa nostalgia por um passado fecundo em voca\u00e7\u00f5es e grande em obras n\u00e3o nos impe\u00e7a de ver a vida que o Senhor est\u00e1 fazendo brotar conosco no momento presente. N\u00e3o somos homens nost\u00e1lgicos, mas homens que, movidos pelo Esp\u00edrito que inspirou Claret e seus primeiros companheiros, e movidos pelo nosso lema &#8220;enraizados e ousados&#8221;, carregam em nossos cora\u00e7\u00f5es nossos sonhos de ser uma Congrega\u00e7\u00e3o peregrina (PM 44); mariana (PM 51); em miss\u00e3o compartilhada (PM 56); saindo para as periferias (PM 63); evangelizadora e b\u00edblica (PM 71); comprometidos com a fraternidade universal, a justi\u00e7a, a paz e o cuidado da casa comum em esp\u00edrito de sinodalidade, colaborando com pessoas de diferentes culturas, etnias e religi\u00f5es para a transforma\u00e7\u00e3o do mundo segundo o plano de Deus (PM 79); preparados para responder a novos desafios atrav\u00e9s de um processo de forma\u00e7\u00e3o integral e permanente, aberto \u00e0 miss\u00e3o universal, segundo o esp\u00edrito e o carisma de nosso Pai e Fundador (PM 87).<\/p>\n\n<p>A tarefa dos disc\u00edpulos \u00e9 continuar a proclamar o Evangelho com palavras e obras, dando testemunho de seu amor: o fruto a ser dado \u00e0 luz \u00e9 o amor. O Ressuscitado nos d\u00e1 o direito a uma nova esperan\u00e7a, Cristo \u00e9 a raz\u00e3o da coragem. Ele \u00e9 o Senhor das surpresas, que rompe barreiras paralisantes, restaura a aud\u00e1cia para superar suspeitas, desconfian\u00e7as e medos que se escondem por tr\u00e1s do &#8220;sempre foi feito desta maneira&#8221;. Deus nos surpreende quando nos chama e nos convida a lan\u00e7ar n\u00e3o apenas nossas redes, mas tamb\u00e9m a n\u00f3s mesmos na hist\u00f3ria e a olhar para a vida, para os outros e at\u00e9 mesmo para n\u00f3s mesmos com os olhos do Senhor Ressuscitado.<\/p>\n\n<p><\/p>\n\n<p><strong>Pe. Krzysztof Gierat, CMF<\/strong><\/p>\n\n<p><em>Postulador Geral<\/em><\/p>\n\n<p><a id=\"_msocom_1\"><\/a><\/p>\n","protected":false},"excerpt":{"rendered":"<p>Nosso recente 26\u00ba Cap\u00edtulo Geral nos convida a estar &#8220;enraizados em Cristo e ousados na miss\u00e3o! Sonhamos com uma Congrega\u00e7\u00e3o peregrina, enraizada na f\u00e9 em Jesus Cristo e na espiritualidade claretiana (QC 43). A P\u00e1scoa nos lembra o fundamento de nossa f\u00e9, sobre o qual nossa voca\u00e7\u00e3o e miss\u00e3o tamb\u00e9m s\u00e3o constru\u00eddas: &#8220;O Senhor da [&hellip;]<\/p>\n","protected":false},"author":2,"featured_media":119496,"comment_status":"closed","ping_status":"closed","sticky":false,"template":"","format":"standard","meta":{"_et_pb_use_builder":"off","_et_pb_old_content":"","_et_gb_content_width":"","footnotes":""},"categories":[606],"tags":[],"class_list":["post-119501","post","type-post","status-publish","format-standard","has-post-thumbnail","hentry","category-painel-dos-avisos"],"jetpack_featured_media_url":"https:\/\/i0.wp.com\/www.claret.org\/wp-content\/uploads\/2022\/04\/Responder-a-los-nuevos-desafios.webp?fit=920%2C613&ssl=1","jetpack_sharing_enabled":true,"jetpack_shortlink":"https:\/\/wp.me\/pdaBmi-v5r","jetpack_likes_enabled":true,"_links":{"self":[{"href":"https:\/\/www.claret.org\/pt-pt\/wp-json\/wp\/v2\/posts\/119501","targetHints":{"allow":["GET"]}}],"collection":[{"href":"https:\/\/www.claret.org\/pt-pt\/wp-json\/wp\/v2\/posts"}],"about":[{"href":"https:\/\/www.claret.org\/pt-pt\/wp-json\/wp\/v2\/types\/post"}],"author":[{"embeddable":true,"href":"https:\/\/www.claret.org\/pt-pt\/wp-json\/wp\/v2\/users\/2"}],"replies":[{"embeddable":true,"href":"https:\/\/www.claret.org\/pt-pt\/wp-json\/wp\/v2\/comments?post=119501"}],"version-history":[{"count":0,"href":"https:\/\/www.claret.org\/pt-pt\/wp-json\/wp\/v2\/posts\/119501\/revisions"}],"wp:featuredmedia":[{"embeddable":true,"href":"https:\/\/www.claret.org\/pt-pt\/wp-json\/wp\/v2\/media\/119496"}],"wp:attachment":[{"href":"https:\/\/www.claret.org\/pt-pt\/wp-json\/wp\/v2\/media?parent=119501"}],"wp:term":[{"taxonomy":"category","embeddable":true,"href":"https:\/\/www.claret.org\/pt-pt\/wp-json\/wp\/v2\/categories?post=119501"},{"taxonomy":"post_tag","embeddable":true,"href":"https:\/\/www.claret.org\/pt-pt\/wp-json\/wp\/v2\/tags?post=119501"}],"curies":[{"name":"wp","href":"https:\/\/api.w.org\/{rel}","templated":true}]}}