{"id":122682,"date":"2022-05-19T17:47:56","date_gmt":"2022-05-19T15:47:56","guid":{"rendered":"https:\/\/www.claret.org\/va-mais-para-o-fundo-e-lance-suas-redes-para-a-pesca\/"},"modified":"2022-05-20T15:56:35","modified_gmt":"2022-05-20T13:56:35","slug":"va-mais-para-o-fundo-e-lance-suas-redes-para-a-pesca","status":"publish","type":"post","link":"https:\/\/www.claret.org\/pt-pt\/va-mais-para-o-fundo-e-lance-suas-redes-para-a-pesca\/","title":{"rendered":"V\u00e1 mais para o fundo e lance suas redes para a pesca"},"content":{"rendered":"\n<p class=\"has-drop-cap\"><strong>Nuwara Eliya, Sri Lanka<\/strong>. Os Mission\u00e1rios Claretianos de S\u00e3o Jos\u00e9 Vaz no Sri Lanka, como parte de seu programa cont\u00ednuo para os membros, passam pelo Programa de Acompanhamento de Sacerdotes Jovens (JPAP). A JPAP acontece duas vezes por ano e \u00e9 destinada aos sacerdotes claretianos da Delega\u00e7\u00e3o Independente S\u00e3o Jos\u00e9 Vaz que est\u00e3o em seus primeiros cinco anos de minist\u00e9rio. Equivale aos Programas Quinqu\u00eanios de outros Organismos Maiores Claretianos ao redor do mundo.<\/p>\n\n<p>Este ano, o primeiro da s\u00e9rie aconteceu de 9 a 12 de maio de 2022, na Casa dos Sacerdotes Eymard, Nuwara Eliya. Pe. Nishantha, TOR (Terceira Ordem dos Franciscanos) acompanhou e orientou os oito sacerdotes juniores na reflex\u00e3o sobre o tema \u201cV\u00e1 mais para o fundo e lance suas redes para a pesca\u201d.<\/p>\n\n<p><\/p>\n\n<figure class=\"wp-block-gallery has-nested-images columns-default is-cropped wp-block-gallery-1 is-layout-flex wp-block-gallery-is-layout-flex\">\n<figure class=\"wp-block-image size-full\"><a href=\"https:\/\/i0.wp.com\/www.claret.org\/wp-content\/uploads\/2022\/05\/SV-20220518-JPAP-2022-4.jpeg?ssl=1\"><img data-recalc-dims=\"1\" loading=\"lazy\" decoding=\"async\" width=\"1080\" height=\"810\" data-attachment-id=\"122502\" data-permalink=\"https:\/\/www.claret.org\/pt-pt\/va-mais-para-o-fundo-e-lance-suas-redes-para-a-pesca\/sv-20220518-jpap-2022-4-2\/\" data-orig-file=\"https:\/\/i0.wp.com\/www.claret.org\/wp-content\/uploads\/2022\/05\/SV-20220518-JPAP-2022-4.jpeg?fit=1280%2C960&amp;ssl=1\" data-orig-size=\"1280,960\" data-comments-opened=\"0\" data-image-meta=\"{&quot;aperture&quot;:&quot;0&quot;,&quot;credit&quot;:&quot;&quot;,&quot;camera&quot;:&quot;&quot;,&quot;caption&quot;:&quot;&quot;,&quot;created_timestamp&quot;:&quot;0&quot;,&quot;copyright&quot;:&quot;&quot;,&quot;focal_length&quot;:&quot;0&quot;,&quot;iso&quot;:&quot;0&quot;,&quot;shutter_speed&quot;:&quot;0&quot;,&quot;title&quot;:&quot;&quot;,&quot;orientation&quot;:&quot;0&quot;}\" data-image-title=\"SV-20220518 JPAP 2022 (4)\" data-image-description=\"\" data-image-caption=\"\" data-large-file=\"https:\/\/i0.wp.com\/www.claret.org\/wp-content\/uploads\/2022\/05\/SV-20220518-JPAP-2022-4.jpeg?fit=1024%2C768&amp;ssl=1\" data-id=\"122502\" src=\"https:\/\/i0.wp.com\/www.claret.org\/wp-content\/uploads\/2022\/05\/SV-20220518-JPAP-2022-4.jpeg?resize=1080%2C810&#038;ssl=1\" alt=\"\" class=\"wp-image-122502\" title=\"\" srcset=\"https:\/\/www.claret.org\/wp-content\/uploads\/2022\/05\/SV-20220518-JPAP-2022-4.jpeg 1280w, https:\/\/www.claret.org\/wp-content\/uploads\/2022\/05\/SV-20220518-JPAP-2022-4-980x735.jpeg 980w, https:\/\/www.claret.org\/wp-content\/uploads\/2022\/05\/SV-20220518-JPAP-2022-4-480x360.jpeg 480w\" sizes=\"(min-width: 0px) and (max-width: 480px) 480px, (min-width: 481px) and (max-width: 980px) 980px, (min-width: 981px) 1280px, 100vw\" \/><\/a><\/figure>\n\n\n<figure class=\"wp-block-image size-full\"><a href=\"https:\/\/i0.wp.com\/www.claret.org\/wp-content\/uploads\/2022\/05\/SV-20220518-JPAP-2022-2.jpeg?ssl=1\"><img data-recalc-dims=\"1\" loading=\"lazy\" decoding=\"async\" width=\"1080\" height=\"810\" data-attachment-id=\"122508\" data-permalink=\"https:\/\/www.claret.org\/pt-pt\/va-mais-para-o-fundo-e-lance-suas-redes-para-a-pesca\/sv-20220518-jpap-2022-2-2\/\" data-orig-file=\"https:\/\/i0.wp.com\/www.claret.org\/wp-content\/uploads\/2022\/05\/SV-20220518-JPAP-2022-2.jpeg?fit=1280%2C960&amp;ssl=1\" data-orig-size=\"1280,960\" data-comments-opened=\"0\" data-image-meta=\"{&quot;aperture&quot;:&quot;0&quot;,&quot;credit&quot;:&quot;&quot;,&quot;camera&quot;:&quot;&quot;,&quot;caption&quot;:&quot;&quot;,&quot;created_timestamp&quot;:&quot;0&quot;,&quot;copyright&quot;:&quot;&quot;,&quot;focal_length&quot;:&quot;0&quot;,&quot;iso&quot;:&quot;0&quot;,&quot;shutter_speed&quot;:&quot;0&quot;,&quot;title&quot;:&quot;&quot;,&quot;orientation&quot;:&quot;0&quot;}\" data-image-title=\"SV-20220518 JPAP 2022 (2)\" data-image-description=\"\" data-image-caption=\"\" data-large-file=\"https:\/\/i0.wp.com\/www.claret.org\/wp-content\/uploads\/2022\/05\/SV-20220518-JPAP-2022-2.jpeg?fit=1024%2C768&amp;ssl=1\" data-id=\"122508\" src=\"https:\/\/i0.wp.com\/www.claret.org\/wp-content\/uploads\/2022\/05\/SV-20220518-JPAP-2022-2.jpeg?resize=1080%2C810&#038;ssl=1\" alt=\"\" class=\"wp-image-122508\" title=\"\" srcset=\"https:\/\/www.claret.org\/wp-content\/uploads\/2022\/05\/SV-20220518-JPAP-2022-2.jpeg 1280w, https:\/\/www.claret.org\/wp-content\/uploads\/2022\/05\/SV-20220518-JPAP-2022-2-980x735.jpeg 980w, https:\/\/www.claret.org\/wp-content\/uploads\/2022\/05\/SV-20220518-JPAP-2022-2-480x360.jpeg 480w\" sizes=\"(min-width: 0px) and (max-width: 480px) 480px, (min-width: 481px) and (max-width: 980px) 980px, (min-width: 981px) 1280px, 100vw\" \/><\/a><\/figure>\n\n\n<figure class=\"wp-block-image size-full\"><a href=\"https:\/\/i0.wp.com\/www.claret.org\/wp-content\/uploads\/2022\/05\/SV-20220518-JPAP-2022-3.jpeg?ssl=1\"><img data-recalc-dims=\"1\" loading=\"lazy\" decoding=\"async\" width=\"1080\" height=\"810\" data-attachment-id=\"122514\" data-permalink=\"https:\/\/www.claret.org\/pt-pt\/va-mais-para-o-fundo-e-lance-suas-redes-para-a-pesca\/sv-20220518-jpap-2022-3-2\/\" data-orig-file=\"https:\/\/i0.wp.com\/www.claret.org\/wp-content\/uploads\/2022\/05\/SV-20220518-JPAP-2022-3.jpeg?fit=1280%2C960&amp;ssl=1\" data-orig-size=\"1280,960\" data-comments-opened=\"0\" data-image-meta=\"{&quot;aperture&quot;:&quot;0&quot;,&quot;credit&quot;:&quot;&quot;,&quot;camera&quot;:&quot;&quot;,&quot;caption&quot;:&quot;&quot;,&quot;created_timestamp&quot;:&quot;0&quot;,&quot;copyright&quot;:&quot;&quot;,&quot;focal_length&quot;:&quot;0&quot;,&quot;iso&quot;:&quot;0&quot;,&quot;shutter_speed&quot;:&quot;0&quot;,&quot;title&quot;:&quot;&quot;,&quot;orientation&quot;:&quot;0&quot;}\" data-image-title=\"SV-20220518 JPAP 2022 (3)\" data-image-description=\"\" data-image-caption=\"\" data-large-file=\"https:\/\/i0.wp.com\/www.claret.org\/wp-content\/uploads\/2022\/05\/SV-20220518-JPAP-2022-3.jpeg?fit=1024%2C768&amp;ssl=1\" data-id=\"122514\" src=\"https:\/\/i0.wp.com\/www.claret.org\/wp-content\/uploads\/2022\/05\/SV-20220518-JPAP-2022-3.jpeg?resize=1080%2C810&#038;ssl=1\" alt=\"\" class=\"wp-image-122514\" title=\"\" srcset=\"https:\/\/www.claret.org\/wp-content\/uploads\/2022\/05\/SV-20220518-JPAP-2022-3.jpeg 1280w, https:\/\/www.claret.org\/wp-content\/uploads\/2022\/05\/SV-20220518-JPAP-2022-3-980x735.jpeg 980w, https:\/\/www.claret.org\/wp-content\/uploads\/2022\/05\/SV-20220518-JPAP-2022-3-480x360.jpeg 480w\" sizes=\"(min-width: 0px) and (max-width: 480px) 480px, (min-width: 481px) and (max-width: 980px) 980px, (min-width: 981px) 1280px, 100vw\" \/><\/a><\/figure><\/figure>\n","protected":false},"excerpt":{"rendered":"<p>Nuwara Eliya, Sri Lanka. Os Mission\u00e1rios Claretianos de S\u00e3o Jos\u00e9 Vaz no Sri Lanka, como parte de seu programa cont\u00ednuo para os membros, passam pelo Programa de Acompanhamento de Sacerdotes Jovens (JPAP). A JPAP acontece duas vezes por ano e \u00e9 destinada aos sacerdotes claretianos da Delega\u00e7\u00e3o Independente S\u00e3o Jos\u00e9 Vaz que est\u00e3o em seus [&hellip;]<\/p>\n","protected":false},"author":2,"featured_media":122520,"comment_status":"closed","ping_status":"closed","sticky":false,"template":"","format":"standard","meta":{"_et_pb_use_builder":"","_et_pb_old_content":"","_et_gb_content_width":"","footnotes":""},"categories":[624,243],"tags":[],"class_list":["post-122682","post","type-post","status-publish","format-standard","has-post-thumbnail","hentry","category-formacao-permanente","category-st-joseph-vaz-pt-pt"],"jetpack_featured_media_url":"https:\/\/i0.wp.com\/www.claret.org\/wp-content\/uploads\/2022\/05\/SV-20220518-JPAP-2022-1.webp?fit=1280%2C573&ssl=1","jetpack_sharing_enabled":true,"jetpack_shortlink":"https:\/\/wp.me\/pdaBmi-vUK","jetpack_likes_enabled":true,"_links":{"self":[{"href":"https:\/\/www.claret.org\/pt-pt\/wp-json\/wp\/v2\/posts\/122682","targetHints":{"allow":["GET"]}}],"collection":[{"href":"https:\/\/www.claret.org\/pt-pt\/wp-json\/wp\/v2\/posts"}],"about":[{"href":"https:\/\/www.claret.org\/pt-pt\/wp-json\/wp\/v2\/types\/post"}],"author":[{"embeddable":true,"href":"https:\/\/www.claret.org\/pt-pt\/wp-json\/wp\/v2\/users\/2"}],"replies":[{"embeddable":true,"href":"https:\/\/www.claret.org\/pt-pt\/wp-json\/wp\/v2\/comments?post=122682"}],"version-history":[{"count":0,"href":"https:\/\/www.claret.org\/pt-pt\/wp-json\/wp\/v2\/posts\/122682\/revisions"}],"wp:featuredmedia":[{"embeddable":true,"href":"https:\/\/www.claret.org\/pt-pt\/wp-json\/wp\/v2\/media\/122520"}],"wp:attachment":[{"href":"https:\/\/www.claret.org\/pt-pt\/wp-json\/wp\/v2\/media?parent=122682"}],"wp:term":[{"taxonomy":"category","embeddable":true,"href":"https:\/\/www.claret.org\/pt-pt\/wp-json\/wp\/v2\/categories?post=122682"},{"taxonomy":"post_tag","embeddable":true,"href":"https:\/\/www.claret.org\/pt-pt\/wp-json\/wp\/v2\/tags?post=122682"}],"curies":[{"name":"wp","href":"https:\/\/api.w.org\/{rel}","templated":true}]}}