{"id":127762,"date":"2022-07-06T18:51:50","date_gmt":"2022-07-06T16:51:50","guid":{"rendered":"https:\/\/www.claret.org\/o-cinema-espaco-de-transmissao-de-valores\/"},"modified":"2022-07-07T20:59:31","modified_gmt":"2022-07-07T18:59:31","slug":"o-cinema-espaco-de-transmissao-de-valores","status":"publish","type":"post","link":"https:\/\/www.claret.org\/pt-pt\/o-cinema-espaco-de-transmissao-de-valores\/","title":{"rendered":"O cinema, espa\u00e7o de transmiss\u00e3o de valores"},"content":{"rendered":"\n<p class=\"has-drop-cap\"><strong>Santiago de Cuba, Cuba<\/strong>. Criado em 2001, o Centro de Anima\u00e7\u00e3o Cultural e Mission\u00e1ria &#8216;San Antonio Mar\u00eda Claret&#8217; em Santiago de Cuba continua a dar uma grande contribui\u00e7\u00e3o ao di\u00e1logo f\u00e9-cultura na sociedade cubana.<\/p>\n\n<p>Em junho de 2022, o Centro realizou sua II Confer\u00eancia de Arte Sacra, focada na presen\u00e7a das bem-aventuran\u00e7as no mundo do cinema. Orientados pela especialista Teresa Ekobo, deslocada da Espanha, e pelo professor David Silverio, da Universidad del Oriente, os participantes abordaram o tema assistindo e comentando juntos v\u00e1rios filmes recentes e estudando sua presen\u00e7a no mundo audiovisual cubano.<\/p>\n\n<p>A Confer\u00eancia, ansiosamente aguardada durante estes anos de pandemia, foi realizada pela primeira vez em 2019 e re\u00fane todo o tipo de pessoas. O Centro desenvolve uma atividade humilde, mas constante, muito valorizada por crist\u00e3os e n\u00e3o crist\u00e3os. Sua revista &#8216;Vi\u00f1a Jovem&#8217; e seus sal\u00f5es de arte sacra (j\u00e1 com vinte edi\u00e7\u00f5es) atraem gente de toda a ilha e tamb\u00e9m despertam interesse fora de Cuba.<\/p>\n\n<p>Mais informa\u00e7\u00f5es: https:\/\/centroclaret.com<\/p>\n\n<p><\/p>\n\n<figure class=\"wp-block-image size-full\"><img data-recalc-dims=\"1\" loading=\"lazy\" decoding=\"async\" width=\"886\" height=\"1181\" data-attachment-id=\"127617\" data-permalink=\"https:\/\/www.claret.org\/pt-pt\/o-cinema-espaco-de-transmissao-de-valores\/an-20220612-smana-de-arte-sacro-2-2\/\" data-orig-file=\"https:\/\/i0.wp.com\/www.claret.org\/wp-content\/uploads\/2022\/07\/AN-20220612-Smana-de-arte-sacro-2.jpg?fit=886%2C1181&amp;ssl=1\" data-orig-size=\"886,1181\" data-comments-opened=\"0\" data-image-meta=\"{&quot;aperture&quot;:&quot;0&quot;,&quot;credit&quot;:&quot;Noel&quot;,&quot;camera&quot;:&quot;&quot;,&quot;caption&quot;:&quot;&quot;,&quot;created_timestamp&quot;:&quot;0&quot;,&quot;copyright&quot;:&quot;&quot;,&quot;focal_length&quot;:&quot;0&quot;,&quot;iso&quot;:&quot;0&quot;,&quot;shutter_speed&quot;:&quot;0&quot;,&quot;title&quot;:&quot;&quot;,&quot;orientation&quot;:&quot;0&quot;}\" data-image-title=\"AN-20220612-Smana-de-arte-sacro-2\" data-image-description=\"\" data-image-caption=\"\" data-large-file=\"https:\/\/i0.wp.com\/www.claret.org\/wp-content\/uploads\/2022\/07\/AN-20220612-Smana-de-arte-sacro-2.jpg?fit=768%2C1024&amp;ssl=1\" src=\"https:\/\/i0.wp.com\/www.claret.org\/wp-content\/uploads\/2022\/07\/AN-20220612-Smana-de-arte-sacro-2.jpg?resize=886%2C1181&#038;ssl=1\" alt=\"\" class=\"wp-image-127617\" title=\"\" srcset=\"https:\/\/www.claret.org\/wp-content\/uploads\/2022\/07\/AN-20220612-Smana-de-arte-sacro-2.jpg 886w, https:\/\/www.claret.org\/wp-content\/uploads\/2022\/07\/AN-20220612-Smana-de-arte-sacro-2-480x640.jpg 480w\" sizes=\"(min-width: 0px) and (max-width: 480px) 480px, (min-width: 481px) 886px, 100vw\" \/><\/figure>\n\n<p><\/p>\n","protected":false},"excerpt":{"rendered":"<p>Santiago de Cuba, Cuba. Criado em 2001, o Centro de Anima\u00e7\u00e3o Cultural e Mission\u00e1ria &#8216;San Antonio Mar\u00eda Claret&#8217; em Santiago de Cuba continua a dar uma grande contribui\u00e7\u00e3o ao di\u00e1logo f\u00e9-cultura na sociedade cubana. Em junho de 2022, o Centro realizou sua II Confer\u00eancia de Arte Sacra, focada na presen\u00e7a das bem-aventuran\u00e7as no mundo do [&hellip;]<\/p>\n","protected":false},"author":2,"featured_media":127611,"comment_status":"closed","ping_status":"closed","sticky":false,"template":"","format":"standard","meta":{"_et_pb_use_builder":"","_et_pb_old_content":"","_et_gb_content_width":"","footnotes":""},"categories":[358,410,4752],"tags":[],"class_list":["post-127762","post","type-post","status-publish","format-standard","has-post-thumbnail","hentry","category-antillas-pt-pt","category-apostolado-pt-pt","category-arte-pt-pt"],"jetpack_featured_media_url":"https:\/\/i0.wp.com\/www.claret.org\/wp-content\/uploads\/2022\/07\/AN-20220612-Smana-de-arte-sacro.webp?fit=886%2C484&ssl=1","jetpack_sharing_enabled":true,"jetpack_shortlink":"https:\/\/wp.me\/pdaBmi-xeG","jetpack_likes_enabled":true,"_links":{"self":[{"href":"https:\/\/www.claret.org\/pt-pt\/wp-json\/wp\/v2\/posts\/127762","targetHints":{"allow":["GET"]}}],"collection":[{"href":"https:\/\/www.claret.org\/pt-pt\/wp-json\/wp\/v2\/posts"}],"about":[{"href":"https:\/\/www.claret.org\/pt-pt\/wp-json\/wp\/v2\/types\/post"}],"author":[{"embeddable":true,"href":"https:\/\/www.claret.org\/pt-pt\/wp-json\/wp\/v2\/users\/2"}],"replies":[{"embeddable":true,"href":"https:\/\/www.claret.org\/pt-pt\/wp-json\/wp\/v2\/comments?post=127762"}],"version-history":[{"count":0,"href":"https:\/\/www.claret.org\/pt-pt\/wp-json\/wp\/v2\/posts\/127762\/revisions"}],"wp:featuredmedia":[{"embeddable":true,"href":"https:\/\/www.claret.org\/pt-pt\/wp-json\/wp\/v2\/media\/127611"}],"wp:attachment":[{"href":"https:\/\/www.claret.org\/pt-pt\/wp-json\/wp\/v2\/media?parent=127762"}],"wp:term":[{"taxonomy":"category","embeddable":true,"href":"https:\/\/www.claret.org\/pt-pt\/wp-json\/wp\/v2\/categories?post=127762"},{"taxonomy":"post_tag","embeddable":true,"href":"https:\/\/www.claret.org\/pt-pt\/wp-json\/wp\/v2\/tags?post=127762"}],"curies":[{"name":"wp","href":"https:\/\/api.w.org\/{rel}","templated":true}]}}