{"id":131228,"date":"2022-07-18T10:30:04","date_gmt":"2022-07-18T08:30:04","guid":{"rendered":"https:\/\/www.claret.org\/respondendo-ao-chamado-da-missao-e-incendiando-o-mundo-com-amor\/"},"modified":"2022-07-18T15:51:59","modified_gmt":"2022-07-18T13:51:59","slug":"respondendo-ao-chamado-da-missao-e-incendiando-o-mundo-com-amor","status":"publish","type":"post","link":"https:\/\/www.claret.org\/pt-pt\/respondendo-ao-chamado-da-missao-e-incendiando-o-mundo-com-amor\/","title":{"rendered":"Respondendo ao Chamado da Miss\u00e3o e Incendiando o Mundo com Amor"},"content":{"rendered":"\n<p class=\"has-drop-cap\"><strong>Cidade de Quezon, Filipinas<\/strong>. O Semin\u00e1rio Claret em Quezon City, no dia 15 de julho de 2022, foi aben\u00e7oado por testemunhar a Primeira Profiss\u00e3o de Harold Tan, a renova\u00e7\u00e3o de v\u00e1rios Estudantes e a Profiss\u00e3o Perp\u00e9tua dos Estudantes Ho Sy Nam, Nguyen Hoang Vuong e Ian Rio Dacayanan, CMFF. O Estudante Ian \u00e9 da Delega\u00e7\u00e3o Independente da \u00c1sia Oriental. O Superior Provincial, Pe. Elias Ayuban Jr. CMF recebeu os votos e presidiu a Celebra\u00e7\u00e3o Eucar\u00edstica na qual lembrou aos irm\u00e3os a perseveran\u00e7a na voca\u00e7\u00e3o. Em sua homilia, enfatizou a frase \u201cN\u00e3o tenha medo\u201d que est\u00e1 escrita 365 vezes na B\u00edblia. \u00c9 a garantia de que Deus est\u00e1 conosco todos os dias, ent\u00e3o, n\u00e3o devemos ter medo.<\/p>\n\n<p><\/p>\n\n<figure class=\"wp-block-image size-full\"><img data-recalc-dims=\"1\" loading=\"lazy\" decoding=\"async\" width=\"1080\" height=\"625\" data-attachment-id=\"131166\" data-permalink=\"https:\/\/www.claret.org\/pt-pt\/respondendo-ao-chamado-da-missao-e-incendiando-o-mundo-com-amor\/fr-20220717-professions-and-ordinations-2-2\/\" data-orig-file=\"https:\/\/i0.wp.com\/www.claret.org\/wp-content\/uploads\/2022\/07\/FR-20220717-Professions-and-Ordinations-2.jpg?fit=2048%2C1186&amp;ssl=1\" data-orig-size=\"2048,1186\" data-comments-opened=\"0\" data-image-meta=\"{&quot;aperture&quot;:&quot;0&quot;,&quot;credit&quot;:&quot;&quot;,&quot;camera&quot;:&quot;&quot;,&quot;caption&quot;:&quot;&quot;,&quot;created_timestamp&quot;:&quot;0&quot;,&quot;copyright&quot;:&quot;&quot;,&quot;focal_length&quot;:&quot;0&quot;,&quot;iso&quot;:&quot;0&quot;,&quot;shutter_speed&quot;:&quot;0&quot;,&quot;title&quot;:&quot;&quot;,&quot;orientation&quot;:&quot;0&quot;}\" data-image-title=\"FR-20220717 Professions and Ordinations (2)\" data-image-description=\"\" data-image-caption=\"\" data-large-file=\"https:\/\/i0.wp.com\/www.claret.org\/wp-content\/uploads\/2022\/07\/FR-20220717-Professions-and-Ordinations-2.jpg?fit=1024%2C593&amp;ssl=1\" src=\"https:\/\/i0.wp.com\/www.claret.org\/wp-content\/uploads\/2022\/07\/FR-20220717-Professions-and-Ordinations-2.jpg?resize=1080%2C625&#038;ssl=1\" alt=\"Novos professos perp&#xE9;tuos cmff\" class=\"wp-image-131166\" title=\"\" srcset=\"https:\/\/www.claret.org\/wp-content\/uploads\/2022\/07\/FR-20220717-Professions-and-Ordinations-2.jpg 2048w, https:\/\/www.claret.org\/wp-content\/uploads\/2022\/07\/FR-20220717-Professions-and-Ordinations-2-1280x741.jpg 1280w, https:\/\/www.claret.org\/wp-content\/uploads\/2022\/07\/FR-20220717-Professions-and-Ordinations-2-980x568.jpg 980w, https:\/\/www.claret.org\/wp-content\/uploads\/2022\/07\/FR-20220717-Professions-and-Ordinations-2-480x278.jpg 480w\" sizes=\"(min-width: 0px) and (max-width: 480px) 480px, (min-width: 481px) and (max-width: 980px) 980px, (min-width: 981px) and (max-width: 1280px) 1280px, (min-width: 1281px) 2048px, 100vw\" \/><figcaption><em>Novos Estudantes professos perp\u00e9tuos da Prov\u00edncia Pe. Rhoel Gallardo, Nguyen Hoang Vuong, CMF (2\u00ba \u00e0 esquerda), Ho Sy Nam, CMF (centro) e Delega\u00e7\u00e3o Independente da \u00c1sia Oriental, Ian Rio Dacayanan, CMF (direita)<\/em><\/figcaption><\/figure>\n\n<p><\/p>\n\n<figure class=\"wp-block-image size-full\"><img data-recalc-dims=\"1\" loading=\"lazy\" decoding=\"async\" width=\"1080\" height=\"478\" data-attachment-id=\"131172\" data-permalink=\"https:\/\/www.claret.org\/pt-pt\/respondendo-ao-chamado-da-missao-e-incendiando-o-mundo-com-amor\/fr-20220717-professions-and-ordinations-3-2\/\" data-orig-file=\"https:\/\/i0.wp.com\/www.claret.org\/wp-content\/uploads\/2022\/07\/FR-20220717-Professions-and-Ordinations-3.jpg?fit=2048%2C906&amp;ssl=1\" data-orig-size=\"2048,906\" data-comments-opened=\"0\" data-image-meta=\"{&quot;aperture&quot;:&quot;0&quot;,&quot;credit&quot;:&quot;&quot;,&quot;camera&quot;:&quot;&quot;,&quot;caption&quot;:&quot;&quot;,&quot;created_timestamp&quot;:&quot;0&quot;,&quot;copyright&quot;:&quot;&quot;,&quot;focal_length&quot;:&quot;0&quot;,&quot;iso&quot;:&quot;0&quot;,&quot;shutter_speed&quot;:&quot;0&quot;,&quot;title&quot;:&quot;&quot;,&quot;orientation&quot;:&quot;0&quot;}\" data-image-title=\"FR-20220717 Professions and Ordinations (3)\" data-image-description=\"\" data-image-caption=\"\" data-large-file=\"https:\/\/i0.wp.com\/www.claret.org\/wp-content\/uploads\/2022\/07\/FR-20220717-Professions-and-Ordinations-3.jpg?fit=1024%2C453&amp;ssl=1\" src=\"https:\/\/i0.wp.com\/www.claret.org\/wp-content\/uploads\/2022\/07\/FR-20220717-Professions-and-Ordinations-3.jpg?resize=1080%2C478&#038;ssl=1\" alt=\"\" class=\"wp-image-131172\" title=\"\" srcset=\"https:\/\/www.claret.org\/wp-content\/uploads\/2022\/07\/FR-20220717-Professions-and-Ordinations-3.jpg 2048w, https:\/\/www.claret.org\/wp-content\/uploads\/2022\/07\/FR-20220717-Professions-and-Ordinations-3-1280x566.jpg 1280w, https:\/\/www.claret.org\/wp-content\/uploads\/2022\/07\/FR-20220717-Professions-and-Ordinations-3-980x434.jpg 980w, https:\/\/www.claret.org\/wp-content\/uploads\/2022\/07\/FR-20220717-Professions-and-Ordinations-3-480x212.jpg 480w\" sizes=\"(min-width: 0px) and (max-width: 480px) 480px, (min-width: 481px) and (max-width: 980px) 980px, (min-width: 981px) and (max-width: 1280px) 1280px, (min-width: 1281px) 2048px, 100vw\" \/><figcaption><em>Os Estudantes claretianos que renovaram sua profiss\u00e3o com os outros membros claretianos da Prov\u00edncia Pe. Rhoel Gallardo, de outros Organismos Maiores residentes nas Filipinas e sacerdotes de outras Congrega\u00e7\u00f5es.<\/em><\/figcaption><\/figure>\n\n<p><\/p>\n\n<p>No \u00faltimo dia 16 de julho de 2022, a Fam\u00edlia Claretiana se reuniu na igreja do Imaculado Cora\u00e7\u00e3o de Maria para presenciar a ordena\u00e7\u00e3o presbiteral dos Revmos. Jimmy Saw Htwe e Wigbert Papa, CMFF, e a ordena\u00e7\u00e3o diaconal do Estudante Jeffrey Rasay, Edward Naing Lin Htun, Pham Hoang Thai, Nguyen Huu Tinh, e Nguyen Xuan Hiep, CMFF, atrav\u00e9s da imposi\u00e7\u00e3o de m\u00e3os de Sua Excel\u00eancia Dom Leo Dalmao, CMF, da Prelazia de Isabela de Basilan. O Bispo Leo explicou a miss\u00e3o da congrega\u00e7\u00e3o aos rec\u00e9m-ordenados e lembrou-os dos desafios futuros.<\/p>\n\n<p><\/p>\n\n<figure class=\"wp-block-image size-full\"><img data-recalc-dims=\"1\" loading=\"lazy\" decoding=\"async\" width=\"1080\" height=\"572\" data-attachment-id=\"131178\" data-permalink=\"https:\/\/www.claret.org\/pt-pt\/respondendo-ao-chamado-da-missao-e-incendiando-o-mundo-com-amor\/fr-20220717-professions-and-ordinations-10-2\/\" data-orig-file=\"https:\/\/i0.wp.com\/www.claret.org\/wp-content\/uploads\/2022\/07\/FR-20220717-Professions-and-Ordinations-10.jpg?fit=2048%2C1085&amp;ssl=1\" data-orig-size=\"2048,1085\" data-comments-opened=\"0\" data-image-meta=\"{&quot;aperture&quot;:&quot;0&quot;,&quot;credit&quot;:&quot;&quot;,&quot;camera&quot;:&quot;&quot;,&quot;caption&quot;:&quot;&quot;,&quot;created_timestamp&quot;:&quot;0&quot;,&quot;copyright&quot;:&quot;&quot;,&quot;focal_length&quot;:&quot;0&quot;,&quot;iso&quot;:&quot;0&quot;,&quot;shutter_speed&quot;:&quot;0&quot;,&quot;title&quot;:&quot;&quot;,&quot;orientation&quot;:&quot;0&quot;}\" data-image-title=\"FR-20220717 Professions and Ordinations (10)\" data-image-description=\"\" data-image-caption=\"\" data-large-file=\"https:\/\/i0.wp.com\/www.claret.org\/wp-content\/uploads\/2022\/07\/FR-20220717-Professions-and-Ordinations-10.jpg?fit=1024%2C543&amp;ssl=1\" src=\"https:\/\/i0.wp.com\/www.claret.org\/wp-content\/uploads\/2022\/07\/FR-20220717-Professions-and-Ordinations-10.jpg?resize=1080%2C572&#038;ssl=1\" alt=\"Ordena&#xE7;&#xF5;es nas Filipinas em 16 de julho de 2022\" class=\"wp-image-131178\" title=\"\" srcset=\"https:\/\/www.claret.org\/wp-content\/uploads\/2022\/07\/FR-20220717-Professions-and-Ordinations-10.jpg 2048w, https:\/\/www.claret.org\/wp-content\/uploads\/2022\/07\/FR-20220717-Professions-and-Ordinations-10-1280x678.jpg 1280w, https:\/\/www.claret.org\/wp-content\/uploads\/2022\/07\/FR-20220717-Professions-and-Ordinations-10-980x519.jpg 980w, https:\/\/www.claret.org\/wp-content\/uploads\/2022\/07\/FR-20220717-Professions-and-Ordinations-10-480x254.jpg 480w\" sizes=\"(min-width: 0px) and (max-width: 480px) 480px, (min-width: 481px) and (max-width: 980px) 980px, (min-width: 981px) and (max-width: 1280px) 1280px, (min-width: 1281px) 2048px, 100vw\" \/><figcaption><em>Dom Leo Dalmao, CMF, Bispo da Prelazia de Isabela com os di\u00e1conos claretianos rec\u00e9m-ordenados (1 birman\u00eas, 3 vietnamitas, 1 filipino) e sacerdotes claretianos rec\u00e9m-ordenados (1 birman\u00eas e 1 filipino)<\/em><\/figcaption><\/figure>\n\n<p><\/p>\n\n<p>Dois sacerdotes e cinco di\u00e1conos para a Prov\u00edncia Pe. Rhoel Gallardo. Um deles, Pe. Jimmy Saw Htwe, CMF, \u00e9 o primeiro sacerdote claretiano de Mianmar. Pe. Htwe, 35, pertence \u00e0 comunidade \u00e9tnica Sagaw Karen na Diocese de Pathein, em Mianmar. O outro, Pe. Wigbert Papa, CMF, de Cadaruhan, Malitbog, Southern Leyte (Filipinas), \u00e9 o Secret\u00e1rio Provincial da Prov\u00edncia.<\/p>\n\n<p><\/p>\n\n<figure class=\"wp-block-gallery has-nested-images columns-default is-cropped wp-block-gallery-1 is-layout-flex wp-block-gallery-is-layout-flex\">\n<figure class=\"wp-block-image size-large\"><img data-recalc-dims=\"1\" loading=\"lazy\" decoding=\"async\" width=\"1080\" height=\"785\" data-attachment-id=\"131184\" data-permalink=\"https:\/\/www.claret.org\/pt-pt\/respondendo-ao-chamado-da-missao-e-incendiando-o-mundo-com-amor\/fr-20220717-professions-and-ordinations-7-2\/\" data-orig-file=\"https:\/\/i0.wp.com\/www.claret.org\/wp-content\/uploads\/2022\/07\/FR-20220717-Professions-and-Ordinations-7.jpg?fit=2048%2C1489&amp;ssl=1\" data-orig-size=\"2048,1489\" data-comments-opened=\"0\" data-image-meta=\"{&quot;aperture&quot;:&quot;0&quot;,&quot;credit&quot;:&quot;&quot;,&quot;camera&quot;:&quot;&quot;,&quot;caption&quot;:&quot;&quot;,&quot;created_timestamp&quot;:&quot;0&quot;,&quot;copyright&quot;:&quot;&quot;,&quot;focal_length&quot;:&quot;0&quot;,&quot;iso&quot;:&quot;0&quot;,&quot;shutter_speed&quot;:&quot;0&quot;,&quot;title&quot;:&quot;&quot;,&quot;orientation&quot;:&quot;0&quot;}\" data-image-title=\"FR-20220717 Professions and Ordinations (7)\" data-image-description=\"\" data-image-caption=\"\" data-large-file=\"https:\/\/i0.wp.com\/www.claret.org\/wp-content\/uploads\/2022\/07\/FR-20220717-Professions-and-Ordinations-7.jpg?fit=1024%2C745&amp;ssl=1\" data-id=\"131184\" src=\"https:\/\/i0.wp.com\/www.claret.org\/wp-content\/uploads\/2022\/07\/FR-20220717-Professions-and-Ordinations-7.jpg?resize=1080%2C785&#038;ssl=1\" alt=\"\" class=\"wp-image-131184\" title=\"\" srcset=\"https:\/\/www.claret.org\/wp-content\/uploads\/2022\/07\/FR-20220717-Professions-and-Ordinations-7.jpg 2048w, https:\/\/www.claret.org\/wp-content\/uploads\/2022\/07\/FR-20220717-Professions-and-Ordinations-7-1280x931.jpg 1280w, https:\/\/www.claret.org\/wp-content\/uploads\/2022\/07\/FR-20220717-Professions-and-Ordinations-7-980x713.jpg 980w, https:\/\/www.claret.org\/wp-content\/uploads\/2022\/07\/FR-20220717-Professions-and-Ordinations-7-480x349.jpg 480w\" sizes=\"(min-width: 0px) and (max-width: 480px) 480px, (min-width: 481px) and (max-width: 980px) 980px, (min-width: 981px) and (max-width: 1280px) 1280px, (min-width: 1281px) 2048px, 100vw\" \/><figcaption>Pe. Jimmy Saw Htwe, Cmf<\/figcaption><\/figure>\n\n\n\n<figure class=\"wp-block-image size-large\"><img data-recalc-dims=\"1\" loading=\"lazy\" decoding=\"async\" width=\"1080\" height=\"717\" data-attachment-id=\"131190\" data-permalink=\"https:\/\/www.claret.org\/pt-pt\/respondendo-ao-chamado-da-missao-e-incendiando-o-mundo-com-amor\/fr-20220717-professions-and-ordinations-8-2\/\" data-orig-file=\"https:\/\/i0.wp.com\/www.claret.org\/wp-content\/uploads\/2022\/07\/FR-20220717-Professions-and-Ordinations-8.jpg?fit=2048%2C1360&amp;ssl=1\" data-orig-size=\"2048,1360\" data-comments-opened=\"0\" data-image-meta=\"{&quot;aperture&quot;:&quot;0&quot;,&quot;credit&quot;:&quot;&quot;,&quot;camera&quot;:&quot;&quot;,&quot;caption&quot;:&quot;&quot;,&quot;created_timestamp&quot;:&quot;0&quot;,&quot;copyright&quot;:&quot;&quot;,&quot;focal_length&quot;:&quot;0&quot;,&quot;iso&quot;:&quot;0&quot;,&quot;shutter_speed&quot;:&quot;0&quot;,&quot;title&quot;:&quot;&quot;,&quot;orientation&quot;:&quot;0&quot;}\" data-image-title=\"FR-20220717 Professions and Ordinations (8)\" data-image-description=\"\" data-image-caption=\"\" data-large-file=\"https:\/\/i0.wp.com\/www.claret.org\/wp-content\/uploads\/2022\/07\/FR-20220717-Professions-and-Ordinations-8.jpg?fit=1024%2C680&amp;ssl=1\" data-id=\"131190\" src=\"https:\/\/i0.wp.com\/www.claret.org\/wp-content\/uploads\/2022\/07\/FR-20220717-Professions-and-Ordinations-8.jpg?resize=1080%2C717&#038;ssl=1\" alt=\"\" class=\"wp-image-131190\" title=\"\" srcset=\"https:\/\/www.claret.org\/wp-content\/uploads\/2022\/07\/FR-20220717-Professions-and-Ordinations-8.jpg 2048w, https:\/\/www.claret.org\/wp-content\/uploads\/2022\/07\/FR-20220717-Professions-and-Ordinations-8-1280x850.jpg 1280w, https:\/\/www.claret.org\/wp-content\/uploads\/2022\/07\/FR-20220717-Professions-and-Ordinations-8-980x651.jpg 980w, https:\/\/www.claret.org\/wp-content\/uploads\/2022\/07\/FR-20220717-Professions-and-Ordinations-8-480x319.jpg 480w\" sizes=\"(min-width: 0px) and (max-width: 480px) 480px, (min-width: 481px) and (max-width: 980px) 980px, (min-width: 981px) and (max-width: 1280px) 1280px, (min-width: 1281px) 2048px, 100vw\" \/><figcaption>Pe. Wigbert Papa, Cmf<\/figcaption><\/figure>\n<\/figure>\n\n<p><\/p>\n\n<p>Al\u00e9m disso, o Semin\u00e1rio Claret acolheu os vinte e tr\u00eas novos aspirantes e os aceitou formalmente na forma\u00e7\u00e3o do pr\u00e9-noviciado no dia 17 de julho de 2022, juntamente com os oito postulantes. Pe. Wigbert Papa, CMF, celebrou sua primeira missa enquanto Pe. Elias, facilitou a aceita\u00e7\u00e3o dos novos seminaristas e novos postulantes, assegurando-lhes todo o apoio e orienta\u00e7\u00e3o da comunidade, especialmente dos formadores. Pe. Angelito Ancla, CMF, tamb\u00e9m prestou juramento de fidelidade como novo Superior Local da comunidade do Semin\u00e1rio Claret. Ele lembrou aos seminaristas sobre a Miss\u00e3o da Congrega\u00e7\u00e3o e, enquanto permanecem no Semin\u00e1rio, a miss\u00e3o deles \u00e9 a forma\u00e7\u00e3o.<\/p>\n\n<p><\/p>\n\n<figure class=\"wp-block-gallery has-nested-images columns-default is-cropped wp-block-gallery-2 is-layout-flex wp-block-gallery-is-layout-flex\">\n<figure class=\"wp-block-image size-large\"><img data-recalc-dims=\"1\" loading=\"lazy\" decoding=\"async\" width=\"1080\" height=\"505\" data-attachment-id=\"131196\" data-permalink=\"https:\/\/www.claret.org\/pt-pt\/respondendo-ao-chamado-da-missao-e-incendiando-o-mundo-com-amor\/fr-20220717-acceptance-of-new-pre-novices-1-2\/\" data-orig-file=\"https:\/\/i0.wp.com\/www.claret.org\/wp-content\/uploads\/2022\/07\/FR-20220717-Acceptance-of-new-pre-novices-1.jpg?fit=1080%2C505&amp;ssl=1\" data-orig-size=\"1080,505\" data-comments-opened=\"0\" data-image-meta=\"{&quot;aperture&quot;:&quot;0&quot;,&quot;credit&quot;:&quot;&quot;,&quot;camera&quot;:&quot;&quot;,&quot;caption&quot;:&quot;&quot;,&quot;created_timestamp&quot;:&quot;0&quot;,&quot;copyright&quot;:&quot;&quot;,&quot;focal_length&quot;:&quot;0&quot;,&quot;iso&quot;:&quot;0&quot;,&quot;shutter_speed&quot;:&quot;0&quot;,&quot;title&quot;:&quot;&quot;,&quot;orientation&quot;:&quot;0&quot;}\" data-image-title=\"FR-20220717 Acceptance of new pre-novices (1)\" data-image-description=\"&lt;p&gt;Accpetance of Postulants 2022&lt;\/p&gt;\n\" data-image-caption=\"&lt;p&gt;Accpetance of Postulants 2022&lt;\/p&gt;\n\" data-large-file=\"https:\/\/i0.wp.com\/www.claret.org\/wp-content\/uploads\/2022\/07\/FR-20220717-Acceptance-of-new-pre-novices-1.jpg?fit=1024%2C479&amp;ssl=1\" data-id=\"131196\" src=\"https:\/\/i0.wp.com\/www.claret.org\/wp-content\/uploads\/2022\/07\/FR-20220717-Acceptance-of-new-pre-novices-1.jpg?resize=1080%2C505&#038;ssl=1\" alt=\"\" class=\"wp-image-131196\" title=\"\" srcset=\"https:\/\/www.claret.org\/wp-content\/uploads\/2022\/07\/FR-20220717-Acceptance-of-new-pre-novices-1.jpg 1080w, https:\/\/www.claret.org\/wp-content\/uploads\/2022\/07\/FR-20220717-Acceptance-of-new-pre-novices-1-980x458.jpg 980w, https:\/\/www.claret.org\/wp-content\/uploads\/2022\/07\/FR-20220717-Acceptance-of-new-pre-novices-1-480x224.jpg 480w\" sizes=\"(min-width: 0px) and (max-width: 480px) 480px, (min-width: 481px) and (max-width: 980px) 980px, (min-width: 981px) 1080px, 100vw\" \/><figcaption>Aceita\u00e7\u00e3o De 8 Pr\u00e9-Novi\u00e7os (Postulantes)<\/figcaption><\/figure>\n\n\n\n<figure class=\"wp-block-image size-large\"><img data-recalc-dims=\"1\" loading=\"lazy\" decoding=\"async\" width=\"960\" height=\"489\" data-attachment-id=\"131208\" data-permalink=\"https:\/\/www.claret.org\/pt-pt\/respondendo-ao-chamado-da-missao-e-incendiando-o-mundo-com-amor\/fr-20220717-acceptance-of-new-pre-novices-6-2\/\" data-orig-file=\"https:\/\/i0.wp.com\/www.claret.org\/wp-content\/uploads\/2022\/07\/FR-20220717-Acceptance-of-new-pre-novices-6.jpg?fit=960%2C489&amp;ssl=1\" data-orig-size=\"960,489\" data-comments-opened=\"0\" data-image-meta=\"{&quot;aperture&quot;:&quot;0&quot;,&quot;credit&quot;:&quot;&quot;,&quot;camera&quot;:&quot;&quot;,&quot;caption&quot;:&quot;&quot;,&quot;created_timestamp&quot;:&quot;0&quot;,&quot;copyright&quot;:&quot;&quot;,&quot;focal_length&quot;:&quot;0&quot;,&quot;iso&quot;:&quot;0&quot;,&quot;shutter_speed&quot;:&quot;0&quot;,&quot;title&quot;:&quot;&quot;,&quot;orientation&quot;:&quot;0&quot;}\" data-image-title=\"FR-20220717 Acceptance of new pre-novices (6)\" data-image-description=\"&lt;p&gt;Postulants 2022&lt;\/p&gt;\n\" data-image-caption=\"&lt;p&gt;Postulants 2022&lt;\/p&gt;\n\" data-large-file=\"https:\/\/i0.wp.com\/www.claret.org\/wp-content\/uploads\/2022\/07\/FR-20220717-Acceptance-of-new-pre-novices-6.jpg?fit=960%2C489&amp;ssl=1\" data-id=\"131208\" src=\"https:\/\/i0.wp.com\/www.claret.org\/wp-content\/uploads\/2022\/07\/FR-20220717-Acceptance-of-new-pre-novices-6.jpg?resize=960%2C489&#038;ssl=1\" alt=\"\" class=\"wp-image-131208\" title=\"\" srcset=\"https:\/\/www.claret.org\/wp-content\/uploads\/2022\/07\/FR-20220717-Acceptance-of-new-pre-novices-6.jpg 960w, https:\/\/www.claret.org\/wp-content\/uploads\/2022\/07\/FR-20220717-Acceptance-of-new-pre-novices-6-480x245.jpg 480w\" sizes=\"(min-width: 0px) and (max-width: 480px) 480px, (min-width: 481px) 960px, 100vw\" \/><figcaption>Novos Pr\u00e9-Novi\u00e7os (Postulantes) Da Prov\u00edncia Pe. Rhoel Gallardo<\/figcaption><\/figure>\n\n\n\n<figure class=\"wp-block-image size-large\"><img data-recalc-dims=\"1\" loading=\"lazy\" decoding=\"async\" width=\"1080\" height=\"505\" data-attachment-id=\"131202\" data-permalink=\"https:\/\/www.claret.org\/pt-pt\/respondendo-ao-chamado-da-missao-e-incendiando-o-mundo-com-amor\/fr-20220717-acceptance-of-new-pre-novices-2-2\/\" data-orig-file=\"https:\/\/i0.wp.com\/www.claret.org\/wp-content\/uploads\/2022\/07\/FR-20220717-Acceptance-of-new-pre-novices-2.jpg?fit=1080%2C505&amp;ssl=1\" data-orig-size=\"1080,505\" data-comments-opened=\"0\" data-image-meta=\"{&quot;aperture&quot;:&quot;0&quot;,&quot;credit&quot;:&quot;&quot;,&quot;camera&quot;:&quot;&quot;,&quot;caption&quot;:&quot;&quot;,&quot;created_timestamp&quot;:&quot;0&quot;,&quot;copyright&quot;:&quot;&quot;,&quot;focal_length&quot;:&quot;0&quot;,&quot;iso&quot;:&quot;0&quot;,&quot;shutter_speed&quot;:&quot;0&quot;,&quot;title&quot;:&quot;&quot;,&quot;orientation&quot;:&quot;0&quot;}\" data-image-title=\"FR-20220717 Acceptance of new pre-novices (2)\" data-image-description=\"&lt;p&gt;First Mass of Wigbert at the Seminary&lt;\/p&gt;\n\" data-image-caption=\"&lt;p&gt;First Mass of Wigbert at the Seminary&lt;\/p&gt;\n\" data-large-file=\"https:\/\/i0.wp.com\/www.claret.org\/wp-content\/uploads\/2022\/07\/FR-20220717-Acceptance-of-new-pre-novices-2.jpg?fit=1024%2C479&amp;ssl=1\" data-id=\"131202\" src=\"https:\/\/i0.wp.com\/www.claret.org\/wp-content\/uploads\/2022\/07\/FR-20220717-Acceptance-of-new-pre-novices-2.jpg?resize=1080%2C505&#038;ssl=1\" alt=\"\" class=\"wp-image-131202\" title=\"\" srcset=\"https:\/\/www.claret.org\/wp-content\/uploads\/2022\/07\/FR-20220717-Acceptance-of-new-pre-novices-2.jpg 1080w, https:\/\/www.claret.org\/wp-content\/uploads\/2022\/07\/FR-20220717-Acceptance-of-new-pre-novices-2-980x458.jpg 980w, https:\/\/www.claret.org\/wp-content\/uploads\/2022\/07\/FR-20220717-Acceptance-of-new-pre-novices-2-480x224.jpg 480w\" sizes=\"(min-width: 0px) and (max-width: 480px) 480px, (min-width: 481px) and (max-width: 980px) 980px, (min-width: 981px) 1080px, 100vw\" \/><figcaption>Primeira Missa Do Pe. Wigbert Papa, Cmf, No Semin\u00e1rio Claret<\/figcaption><\/figure>\n\n\n\n<figure class=\"wp-block-image size-large\"><img data-recalc-dims=\"1\" loading=\"lazy\" decoding=\"async\" width=\"960\" height=\"545\" data-attachment-id=\"131214\" data-permalink=\"https:\/\/www.claret.org\/pt-pt\/respondendo-ao-chamado-da-missao-e-incendiando-o-mundo-com-amor\/fr-20220717-acceptance-of-new-pre-novices-4-2\/\" data-orig-file=\"https:\/\/i0.wp.com\/www.claret.org\/wp-content\/uploads\/2022\/07\/FR-20220717-Acceptance-of-new-pre-novices-4.jpg?fit=960%2C545&amp;ssl=1\" data-orig-size=\"960,545\" data-comments-opened=\"0\" data-image-meta=\"{&quot;aperture&quot;:&quot;0&quot;,&quot;credit&quot;:&quot;&quot;,&quot;camera&quot;:&quot;&quot;,&quot;caption&quot;:&quot;&quot;,&quot;created_timestamp&quot;:&quot;0&quot;,&quot;copyright&quot;:&quot;&quot;,&quot;focal_length&quot;:&quot;0&quot;,&quot;iso&quot;:&quot;0&quot;,&quot;shutter_speed&quot;:&quot;0&quot;,&quot;title&quot;:&quot;&quot;,&quot;orientation&quot;:&quot;0&quot;}\" data-image-title=\"FR-20220717 Acceptance of new pre-novices (4)\" data-image-description=\"&lt;p&gt;New Aspirants with new Local Superior&lt;\/p&gt;\n\" data-image-caption=\"&lt;p&gt;New Aspirants with new Local Superior&lt;\/p&gt;\n\" data-large-file=\"https:\/\/i0.wp.com\/www.claret.org\/wp-content\/uploads\/2022\/07\/FR-20220717-Acceptance-of-new-pre-novices-4.jpg?fit=960%2C545&amp;ssl=1\" data-id=\"131214\" src=\"https:\/\/i0.wp.com\/www.claret.org\/wp-content\/uploads\/2022\/07\/FR-20220717-Acceptance-of-new-pre-novices-4.jpg?resize=960%2C545&#038;ssl=1\" alt=\"\" class=\"wp-image-131214\" title=\"\" srcset=\"https:\/\/www.claret.org\/wp-content\/uploads\/2022\/07\/FR-20220717-Acceptance-of-new-pre-novices-4.jpg 960w, https:\/\/www.claret.org\/wp-content\/uploads\/2022\/07\/FR-20220717-Acceptance-of-new-pre-novices-4-480x273.jpg 480w\" sizes=\"(min-width: 0px) and (max-width: 480px) 480px, (min-width: 481px) 960px, 100vw\" \/><figcaption>Rec\u00e9m-Aceitos 23 Pr\u00e9-Novi\u00e7os (Aspirantes) Com O Novo Superior Local Da Comunidade Do Semin\u00e1rio Claret, Pe. Angelito Ancla, Cmf<\/figcaption><\/figure>\n<\/figure>\n\n<p><\/p>\n\n<p>A celebra\u00e7\u00e3o consecutiva de tr\u00eas dias est\u00e1 repleta do entusiasmo de todos, vivendo o legado de Santo Ant\u00f4nio Maria Claret. Que as voca\u00e7\u00f5es na Fam\u00edlia Claretiana continuem crescendo, respondendo ao chamado da miss\u00e3o e incendiando o mundo com amor.<\/p>\n","protected":false},"excerpt":{"rendered":"<p>Cidade de Quezon, Filipinas. O Semin\u00e1rio Claret em Quezon City, no dia 15 de julho de 2022, foi aben\u00e7oado por testemunhar a Primeira Profiss\u00e3o de Harold Tan, a renova\u00e7\u00e3o de v\u00e1rios Estudantes e a Profiss\u00e3o Perp\u00e9tua dos Estudantes Ho Sy Nam, Nguyen Hoang Vuong e Ian Rio Dacayanan, CMFF. O Estudante Ian \u00e9 da Delega\u00e7\u00e3o [&hellip;]<\/p>\n","protected":false},"author":2,"featured_media":131220,"comment_status":"closed","ping_status":"closed","sticky":false,"template":"","format":"standard","meta":{"_et_pb_use_builder":"","_et_pb_old_content":"","_et_gb_content_width":"","footnotes":""},"categories":[201,574,214,579],"tags":[],"class_list":["post-131228","post","type-post","status-publish","format-standard","has-post-thumbnail","hentry","category-east-asia-pt-pt","category-ordenacoes","category-fr-rhoel-gallardo-pt-pt","category-profissoes"],"jetpack_featured_media_url":"https:\/\/i0.wp.com\/www.claret.org\/wp-content\/uploads\/2022\/07\/FR-20220717-July-Celebrations.webp?fit=1200%2C630&ssl=1","jetpack_sharing_enabled":true,"jetpack_shortlink":"https:\/\/wp.me\/pdaBmi-y8A","jetpack_likes_enabled":true,"_links":{"self":[{"href":"https:\/\/www.claret.org\/pt-pt\/wp-json\/wp\/v2\/posts\/131228","targetHints":{"allow":["GET"]}}],"collection":[{"href":"https:\/\/www.claret.org\/pt-pt\/wp-json\/wp\/v2\/posts"}],"about":[{"href":"https:\/\/www.claret.org\/pt-pt\/wp-json\/wp\/v2\/types\/post"}],"author":[{"embeddable":true,"href":"https:\/\/www.claret.org\/pt-pt\/wp-json\/wp\/v2\/users\/2"}],"replies":[{"embeddable":true,"href":"https:\/\/www.claret.org\/pt-pt\/wp-json\/wp\/v2\/comments?post=131228"}],"version-history":[{"count":0,"href":"https:\/\/www.claret.org\/pt-pt\/wp-json\/wp\/v2\/posts\/131228\/revisions"}],"wp:featuredmedia":[{"embeddable":true,"href":"https:\/\/www.claret.org\/pt-pt\/wp-json\/wp\/v2\/media\/131220"}],"wp:attachment":[{"href":"https:\/\/www.claret.org\/pt-pt\/wp-json\/wp\/v2\/media?parent=131228"}],"wp:term":[{"taxonomy":"category","embeddable":true,"href":"https:\/\/www.claret.org\/pt-pt\/wp-json\/wp\/v2\/categories?post=131228"},{"taxonomy":"post_tag","embeddable":true,"href":"https:\/\/www.claret.org\/pt-pt\/wp-json\/wp\/v2\/tags?post=131228"}],"curies":[{"name":"wp","href":"https:\/\/api.w.org\/{rel}","templated":true}]}}