{"id":131471,"date":"2022-07-19T20:24:37","date_gmt":"2022-07-19T18:24:37","guid":{"rendered":"https:\/\/www.claret.org\/novo-governo-da-mae-de-africa-2022-2025\/"},"modified":"2022-07-19T22:20:51","modified_gmt":"2022-07-19T20:20:51","slug":"novo-governo-da-mae-de-africa-2022-2025","status":"publish","type":"post","link":"https:\/\/www.claret.org\/pt-pt\/novo-governo-da-mae-de-africa-2022-2025\/","title":{"rendered":"Novo Governo da M\u00e3e de \u00c1frica 2022-2025"},"content":{"rendered":"\n<p class=\"has-drop-cap\"><strong>Luanda, Angola<\/strong>. Na ter\u00e7a-feira, 19 de julho de 2022, Pe. Henry Omonisaye, CMF, anunciou aos Mission\u00e1rios Claretianos da Delega\u00e7\u00e3o Independente M\u00e3e de \u00c1frica, que se encontram neste momento reunidos em Luanda para a sua 1\u00aa Assembleia Ordin\u00e1ria, a nova equipe que liderar\u00e1 a sua Delega\u00e7\u00e3o durante os pr\u00f3ximos tr\u00eas anos.<\/p>\n\n<h2 class=\"has-text-align-center wp-block-heading\"><strong>Governo da M\u00e3e de \u00c1frica 2022 &#8211; 2025<\/strong><\/h2>\n\n<p class=\"has-text-align-center\">Superior Maior: <strong>Pe. Gabriel Isa\u00edas, CMF<\/strong><\/p>\n\n<p class=\"has-text-align-center\">Consultor: <strong>Pe. Francisco de Assis Lopes Britto, CMF<\/strong><\/p>\n\n<p class=\"has-text-align-center\">Consultor: <strong>Pe. Andr\u00e9 Kalundoke Satchiquata, CMF<\/strong><\/p>\n\n<p class=\"has-text-align-center\">Consultor &#8211; Ec\u00f4nomo: <strong>Pe. In\u00e1cio Kahamba, CMF<\/strong><\/p>\n","protected":false},"excerpt":{"rendered":"<p>Luanda, Angola. Na ter\u00e7a-feira, 19 de julho de 2022, Pe. Henry Omonisaye, CMF, anunciou aos Mission\u00e1rios Claretianos da Delega\u00e7\u00e3o Independente M\u00e3e de \u00c1frica, que se encontram neste momento reunidos em Luanda para a sua 1\u00aa Assembleia Ordin\u00e1ria, a nova equipe que liderar\u00e1 a sua Delega\u00e7\u00e3o durante os pr\u00f3ximos tr\u00eas anos. Governo da M\u00e3e de \u00c1frica [&hellip;]<\/p>\n","protected":false},"author":2,"featured_media":0,"comment_status":"closed","ping_status":"closed","sticky":false,"template":"","format":"standard","meta":{"_et_pb_use_builder":"","_et_pb_old_content":"","_et_gb_content_width":"","footnotes":""},"categories":[130],"tags":[],"class_list":["post-131471","post","type-post","status-publish","format-standard","hentry","category-mae-da-africa-pt-pt"],"jetpack_featured_media_url":"","jetpack_sharing_enabled":true,"jetpack_shortlink":"https:\/\/wp.me\/pdaBmi-ycv","jetpack_likes_enabled":true,"_links":{"self":[{"href":"https:\/\/www.claret.org\/pt-pt\/wp-json\/wp\/v2\/posts\/131471","targetHints":{"allow":["GET"]}}],"collection":[{"href":"https:\/\/www.claret.org\/pt-pt\/wp-json\/wp\/v2\/posts"}],"about":[{"href":"https:\/\/www.claret.org\/pt-pt\/wp-json\/wp\/v2\/types\/post"}],"author":[{"embeddable":true,"href":"https:\/\/www.claret.org\/pt-pt\/wp-json\/wp\/v2\/users\/2"}],"replies":[{"embeddable":true,"href":"https:\/\/www.claret.org\/pt-pt\/wp-json\/wp\/v2\/comments?post=131471"}],"version-history":[{"count":0,"href":"https:\/\/www.claret.org\/pt-pt\/wp-json\/wp\/v2\/posts\/131471\/revisions"}],"wp:attachment":[{"href":"https:\/\/www.claret.org\/pt-pt\/wp-json\/wp\/v2\/media?parent=131471"}],"wp:term":[{"taxonomy":"category","embeddable":true,"href":"https:\/\/www.claret.org\/pt-pt\/wp-json\/wp\/v2\/categories?post=131471"},{"taxonomy":"post_tag","embeddable":true,"href":"https:\/\/www.claret.org\/pt-pt\/wp-json\/wp\/v2\/tags?post=131471"}],"curies":[{"name":"wp","href":"https:\/\/api.w.org\/{rel}","templated":true}]}}