{"id":131901,"date":"2022-07-23T23:15:08","date_gmt":"2022-07-23T21:15:08","guid":{"rendered":"https:\/\/www.claret.org\/recordando-o-primeiro-centenario-do-servo-de-deus-jaime-clotet-y-fabres-cofundador-dos-missionarios-claretianos\/"},"modified":"2022-07-27T04:16:18","modified_gmt":"2022-07-27T02:16:18","slug":"recordando-o-primeiro-centenario-do-servo-de-deus-jaime-clotet-y-fabres-cofundador-dos-missionarios-claretianos","status":"publish","type":"post","link":"https:\/\/www.claret.org\/pt-pt\/recordando-o-primeiro-centenario-do-servo-de-deus-jaime-clotet-y-fabres-cofundador-dos-missionarios-claretianos\/","title":{"rendered":"Recordando o Primeiro Centen\u00e1rio do Servo de Deus, Jaime Clotet y Fabr\u00e9s, Cofundador dos Mission\u00e1rios Claretianos"},"content":{"rendered":"\n<p>Na vig\u00edlia do Bicenten\u00e1rio do Nascimento de Jaime Clotet Fabr\u00e9s, Cofundador da Congrega\u00e7\u00e3o dos Mission\u00e1rios Filhos do Imaculado Cora\u00e7\u00e3o de Maria, trazemos o que o Pe. Juan Postius, CMF, escreveu nos Annales da Congrega\u00e7\u00e3o, 24 de julho de 1922, p\u00e1g. 781-784, referente ao primeiro centen\u00e1rio do nascimento do Servo de Deus Jaime.<\/p>\n\n<p><em>No dia 24 de julho de 1922 assinala-se o primeiro centen\u00e1rio do nascimento do Servo de Deus, Pe. Jaime Clotet y Fabr\u00e9s, mission\u00e1rio e escritor de nossa Congrega\u00e7\u00e3o. Clotet quando estud\u00e1vamos filosofia na Universidade de Cervera. Mas aquele r\u00e1pido vislumbre ficou profundamente gravado em nossas almas, assim como a imagem de um santo, e de um santo bondoso, que lhe deu tanta fama dentro e fora de nosso amado Instituto.<\/em><\/p>\n\n<p><em>Clotet deixou um rastro t\u00e3o luminoso de santidade que, quando morreu, em 4 de fevereiro de 1898, todos queriam v\u00ea-lo nos altares e exortavam nossos superiores a iniciarem a causa de sua beatifica\u00e7\u00e3o. A apoteose de Clotet foi iniciada por um ilustre conterr\u00e2neo, tirado de nossos olhos h\u00e1 pouco tempo: Revmo. Pe. Martin Alsina, Superior Geral. Seu predecessor de vener\u00e1vel mem\u00f3ria, o santo padre Clemente Serrat, j\u00e1 havia encomendado ao primeiro historiador do Instituto, Pe. Mariano Aguilar, a biografia do Pe. Clotet. Mas quer\u00edamos algo mais do que a fama do santo. Aspir\u00e1vamos por sua glorifica\u00e7\u00e3o na terra. A biografia saiu em 1907. O primeiro passo oficial no processo de beatifica\u00e7\u00e3o data do Pedido escrito ao Prelado de Vic pelo Revmo. Pe. Alsina, em 10 de mar\u00e7o de 1919. \u00c9 o seguinte:<\/em><\/p>\n\n<figure class=\"wp-block-pullquote\"><blockquote><p>\u201cSeguindo a opini\u00e3o de pessoas muito respeit\u00e1veis, decidi iniciar um processo informativo can\u00f4nico sobre a reputa\u00e7\u00e3o de santidade e virtudes de nosso Cofundador, Revmo. Pe. Jaime Clotet. E como Sua Excel\u00eancia \u00e9 t\u00e3o determinado Protetor da Congrega\u00e7\u00e3o dos Mission\u00e1rios e naquela diocese e cidade, ainda h\u00e1 muitas testemunhas oculares da vida edificante do dito Padre, n\u00e3o hesitei em pedir-lhe que nos conceda esta nova gentileza de abrir na C\u00faria o referido processo, se Sua Excel\u00eancia n\u00e3o v\u00ea nenhuma dificuldade nisso. \u2014 O Revmo. Pe. Jacinto Blanch, portador do presente, \u00e9 o Vice-Postulador da Causa e dar\u00e1 a Vossa Excel\u00eancia todas as informa\u00e7\u00f5es que forem convenientes para o efeito.\u201d<\/p><\/blockquote><\/figure>\n\n<p><em>Logo ap\u00f3s a apresenta\u00e7\u00e3o do pedido ao Prelado de Vic, come\u00e7aram os passos para o reconhecimento do t\u00famulo do Padre Clotet no cemit\u00e9rio de Barcelona. Cerca de vinte pessoas, incluindo o Provincial da Catalunha, seu Secret\u00e1rio e os Superiores da cidade de Barcelona, assistiram ao reconhecimento dos venerados restos mortais depositados em uma caixa dupla. Eles tomaram muito cuidado para que ningu\u00e9m levasse ossos, e a devo\u00e7\u00e3o se limitou a tocar objetos e cart\u00f5es de ora\u00e7\u00e3o, que come\u00e7aram a ser distribu\u00eddos, 16.000 deles (carta do Pe. Jacinto Blanch de 4 de agosto de 1919).<\/em><\/p>\n\n<p><em>O reconhecimento do t\u00famulo do Pe. Clotet foi verificado em 3 de julho de 1919. Em 18 de dezembro seguinte, o tribunal eclesi\u00e1stico para a causa de sua beatifica\u00e7\u00e3o foi constitu\u00eddo em Vic, sob a presid\u00eancia do Prelado, como Juiz Ordin\u00e1rio, e do c\u00f4nego Dr. Jaime Collell, como Juiz Delegado.<\/em><\/p>\n\n<p><em>A simples inicia\u00e7\u00e3o do processo do Pe. Clotet revela o alto destaque de sua figura dentro da Congrega\u00e7\u00e3o e at\u00e9 mesmo entre seus fundadores. O comerciante de Vic, Sr. Miguel Trias, afirmou ver o Padre Clotet como o mesmo Padre Claret. A rainha Isabel II pensou ter visto no padre Clotet a imagem do padre Claret quando em 1889 e 1890 teve de testemunhar em Paris e Madri sobre a santidade do seu confessor. Muitos desejavam que ele tivesse terminado seus dias em Vic, para ter outro santo ao lado do Padre Claret. O C\u00f4nego Penitenci\u00e1rio de Urgel escreveu em maio de 1907:<\/em><\/p>\n\n<blockquote class=\"wp-block-quote is-layout-flow wp-block-quote-is-layout-flow\"><p>&#8220;Era um santo, recomendava-se a ele e atribu\u00eda-lhe prod\u00edgios na vida e na morte. Em tudo, mesmo na doen\u00e7a, quis imitar o Padre Claret\u201d.<\/p><cite>(V. Aguilar, Biography, pp. 263-267, 475-476).<\/cite><\/blockquote>\n\n<p><em>Clotet n\u00e3o tinha os dons orat\u00f3rios do Pe. Claret, mas ambos possu\u00edam os mesmos crit\u00e9rios e obedeciam ao mesmo impulso de caridade ou amor por todos os homens. Pe. Santiago Mas, assim caracterizou tr\u00eas dos Fundadores:<\/em><\/p>\n\n<blockquote class=\"wp-block-quote is-layout-flow wp-block-quote-is-layout-flow\"><p>&#8220;Assim como o Padre Fundador quis lev\u00e1-los todos para o c\u00e9u pela devo\u00e7\u00e3o a Maria, assim como o Padre Sala quis salv\u00e1-los a todos pela caridade com Deus e com o pr\u00f3ximo, e como o Padre Xifr\u00e9 pelo medo; da mesma forma, o Fundador quis para salv\u00e1-los a todos pela caridade com Deus e com o pr\u00f3ximo. O Pe. Xifr\u00e9 pelo medo, tanto que o Padre Fundador, em todos os seus serm\u00f5es, no in\u00edcio, meio ou fim, teve que traz\u00ea-los todos sob o manto de Maria, e de l\u00e1 ou por este meio lev\u00e1-los todos para o c\u00e9u. Em quase todos os seus serm\u00f5es, o Padre Sala tinha que falar da caridade para com Deus e ao pr\u00f3ximo. O Padre Xifr\u00e9 n\u00e3o sabia pregar sem iluminar a audi\u00eancia com as chamas do inferno.\u201d<\/p><\/blockquote>\n\n<p><em>O Padre Mas continua: Padre Clotet tentou imitar o Padre Claret em sua vida e minist\u00e9rios, o Padre Sala no governo das casas e na dire\u00e7\u00e3o das almas, e o Padre Xifr\u00e9 na eleva\u00e7\u00e3o de vis\u00f5es e ideais da f\u00e9 divina. Deus reuniu sabiamente os personagens opostos do Padre Xifr\u00e9 e do Padre Clotet para que a constru\u00e7\u00e3o harmoniosa da Congrega\u00e7\u00e3o dos Mission\u00e1rios nascesse de um contrapeso m\u00fatuo. O Pe. Clotet, como Pe. Xifr\u00e9, foi chamado pelo Pe. Claret para a funda\u00e7\u00e3o de nosso Instituto em julho de 1849. Apesar da juventude, foi Ministro local (1850-65), Subdiretor e Conselheiro Geral (1858-88), Superior Local de v\u00e1rias casas e escolas na Catalunha, Fran\u00e7a e Castela (1865-95), e Secret\u00e1rio Geral do Instituto (1888-95). As persegui\u00e7\u00f5es do Padre Xifr\u00e9 durante a Revolu\u00e7\u00e3o e suas repetidas e prolongadas aus\u00eancias obrigaram o Padre Clotet a servir como superior geral interino, conquistando todos os cora\u00e7\u00f5es pela caridade e prud\u00eancia e pelo exerc\u00edcio das demais virtudes. O complicado governo da Congrega\u00e7\u00e3o n\u00e3o o impediu de pregar, escrever e fazer outras obras de caridade. Antes da Revolu\u00e7\u00e3o, participou em mais de 40 miss\u00f5es. Comp\u00f4s v\u00e1rias obras curtas para a Congrega\u00e7\u00e3o e o clero, sem contar seu cl\u00e1ssico <strong>Resumo da Vida do Padre Claret<\/strong> nem os materiais para sua extensa vida. A alma do escritor foi retratada nos folhetos e livros para a catequese de surdos e mudos. J\u00e1 em 1850, aprendeu a catequizar os surdos-mudos, abrindo-lhes uma cadeira e escrevendo o necess\u00e1rio para perpetuar esse trabalho. Em 1866, ele publicou <strong>A Comunica\u00e7\u00e3o do Pensamento Utilizando Sinais Naturais<\/strong>; em 1870, o <strong>Catecismo do Mudo<\/strong>; em 1890, <strong>O Catequista dos Ignorantes Surdos e Mudos<\/strong>; e em 1892, um ap\u00eandice deste livro.<\/em><\/p>\n\n<p><em>Esta \u00e9 a vida do ilustre filho de Manresa, o seminarista de Vic, o vig\u00e1rio de Castellfollit del Boix, o ec\u00f4nomo de Civit e o Cofundador da Congrega\u00e7\u00e3o dos Mission\u00e1rios. E outro Cofundador, o muito austero Padre Xifr\u00e9, escreveu do Padre Clotet estas palavras significativas:<\/em><\/p>\n\n<figure class=\"wp-block-pullquote\"><blockquote><p>\u201cChegou aos setenta e cinco anos, per\u00edodo em que foi modelo de piedade, zelo e exerc\u00edcio de todas as virtudes, que o acompanharam at\u00e9 o fim, como testemunham todos os que o conheceram e trataram ou testemunharam sua morte, que, por sua paci\u00eancia, resigna\u00e7\u00e3o e fervoroso amor a Deus, foi precioso e edificante\u201d.<\/p><cite>(ANALES, VI, p. 296)<\/cite><\/blockquote><\/figure>\n\n<p class=\"has-text-align-right\">Juan Post\u00edus, C.M.F.<\/p>\n\n<p class=\"has-text-align-right\"><em>Annals of the Congregation<\/em>, July 24, 1922, pg. 781-784.<\/p>\n","protected":false},"excerpt":{"rendered":"<p>Na vig\u00edlia do Bicenten\u00e1rio do Nascimento de Jaime Clotet Fabr\u00e9s, Cofundador da Congrega\u00e7\u00e3o dos Mission\u00e1rios Filhos do Imaculado Cora\u00e7\u00e3o de Maria, trazemos o que o Pe. Juan Postius, CMF, escreveu nos Annales da Congrega\u00e7\u00e3o, 24 de julho de 1922, p\u00e1g. 781-784, referente ao primeiro centen\u00e1rio do nascimento do Servo de Deus Jaime. No dia 24 [&hellip;]<\/p>\n","protected":false},"author":2,"featured_media":131619,"comment_status":"closed","ping_status":"closed","sticky":false,"template":"","format":"standard","meta":{"_et_pb_use_builder":"","_et_pb_old_content":"","_et_gb_content_width":"","footnotes":""},"categories":[4753],"tags":[],"class_list":["post-131901","post","type-post","status-publish","format-standard","has-post-thumbnail","hentry","category-jaume-clotet-pt-pt"],"jetpack_featured_media_url":"https:\/\/i0.wp.com\/www.claret.org\/wp-content\/uploads\/2022\/07\/jacobus-clotet.jpg?fit=1440%2C878&ssl=1","jetpack_sharing_enabled":true,"jetpack_shortlink":"https:\/\/wp.me\/pdaBmi-yjr","jetpack_likes_enabled":true,"_links":{"self":[{"href":"https:\/\/www.claret.org\/pt-pt\/wp-json\/wp\/v2\/posts\/131901","targetHints":{"allow":["GET"]}}],"collection":[{"href":"https:\/\/www.claret.org\/pt-pt\/wp-json\/wp\/v2\/posts"}],"about":[{"href":"https:\/\/www.claret.org\/pt-pt\/wp-json\/wp\/v2\/types\/post"}],"author":[{"embeddable":true,"href":"https:\/\/www.claret.org\/pt-pt\/wp-json\/wp\/v2\/users\/2"}],"replies":[{"embeddable":true,"href":"https:\/\/www.claret.org\/pt-pt\/wp-json\/wp\/v2\/comments?post=131901"}],"version-history":[{"count":0,"href":"https:\/\/www.claret.org\/pt-pt\/wp-json\/wp\/v2\/posts\/131901\/revisions"}],"wp:featuredmedia":[{"embeddable":true,"href":"https:\/\/www.claret.org\/pt-pt\/wp-json\/wp\/v2\/media\/131619"}],"wp:attachment":[{"href":"https:\/\/www.claret.org\/pt-pt\/wp-json\/wp\/v2\/media?parent=131901"}],"wp:term":[{"taxonomy":"category","embeddable":true,"href":"https:\/\/www.claret.org\/pt-pt\/wp-json\/wp\/v2\/categories?post=131901"},{"taxonomy":"post_tag","embeddable":true,"href":"https:\/\/www.claret.org\/pt-pt\/wp-json\/wp\/v2\/tags?post=131901"}],"curies":[{"name":"wp","href":"https:\/\/api.w.org\/{rel}","templated":true}]}}