{"id":132413,"date":"2022-08-02T18:14:00","date_gmt":"2022-08-02T16:14:00","guid":{"rendered":"https:\/\/www.claret.org\/bru-canigueral-colls-cmf\/"},"modified":"2022-08-04T04:01:29","modified_gmt":"2022-08-04T02:01:29","slug":"bru-canigueral-colls-cmf","status":"publish","type":"post","link":"https:\/\/www.claret.org\/pt-pt\/bru-canigueral-colls-cmf\/","title":{"rendered":"Bru Ca\u00f1igueral Colls, CMF"},"content":{"rendered":"\n<p>Pe. Bru Ca\u00f1igueral Colls era natural de Cass\u00e1 de la Selva, Espanha, faleceu em 2 de agosto de 2022, no Hospital Sagrat Cor de Barcelona, \u200b\u200baos 89 anos. Fez a primeira profiss\u00e3o em 16 de julho de 1949, a profiss\u00e3o perp\u00e9tua em 24 de setembro de 1953, e ordenado sacerdote em 22 de setembro de 1956. Trabalhou a maior parte de sua vida nas v\u00e1rias plataformas mission\u00e1rias da Catalunha. Ao darmos gra\u00e7as ao Senhor pelo dom da sua pessoa, da sua vida, da sua voca\u00e7\u00e3o claretiana e do servi\u00e7o, pedimos ao Senhor que acolha o nosso amigo e irm\u00e3o na casa paterna e o coloque na mesa do banquete do Reino. Que descanse em paz.<\/p>\n","protected":false},"excerpt":{"rendered":"<p>Pe. Bru Ca\u00f1igueral Colls era natural de Cass\u00e1 de la Selva, Espanha, faleceu em 2 de agosto de 2022, no Hospital Sagrat Cor de Barcelona, \u200b\u200baos 89 anos. Fez a primeira profiss\u00e3o em 16 de julho de 1949, a profiss\u00e3o perp\u00e9tua em 24 de setembro de 1953, e ordenado sacerdote em 22 de setembro de [&hellip;]<\/p>\n","protected":false},"author":2,"featured_media":132278,"comment_status":"closed","ping_status":"closed","sticky":false,"template":"","format":"standard","meta":{"_et_pb_use_builder":"","_et_pb_old_content":"","_et_gb_content_width":"","footnotes":""},"categories":[562],"tags":[],"class_list":["post-132413","post","type-post","status-publish","format-standard","has-post-thumbnail","hentry","category-falecido"],"jetpack_featured_media_url":"https:\/\/i0.wp.com\/www.claret.org\/wp-content\/uploads\/2022\/08\/BRU-CANIGUERAL-COLLS.jpg?fit=552%2C727&ssl=1","jetpack_sharing_enabled":true,"jetpack_shortlink":"https:\/\/wp.me\/pdaBmi-yrH","jetpack_likes_enabled":true,"_links":{"self":[{"href":"https:\/\/www.claret.org\/pt-pt\/wp-json\/wp\/v2\/posts\/132413","targetHints":{"allow":["GET"]}}],"collection":[{"href":"https:\/\/www.claret.org\/pt-pt\/wp-json\/wp\/v2\/posts"}],"about":[{"href":"https:\/\/www.claret.org\/pt-pt\/wp-json\/wp\/v2\/types\/post"}],"author":[{"embeddable":true,"href":"https:\/\/www.claret.org\/pt-pt\/wp-json\/wp\/v2\/users\/2"}],"replies":[{"embeddable":true,"href":"https:\/\/www.claret.org\/pt-pt\/wp-json\/wp\/v2\/comments?post=132413"}],"version-history":[{"count":0,"href":"https:\/\/www.claret.org\/pt-pt\/wp-json\/wp\/v2\/posts\/132413\/revisions"}],"wp:featuredmedia":[{"embeddable":true,"href":"https:\/\/www.claret.org\/pt-pt\/wp-json\/wp\/v2\/media\/132278"}],"wp:attachment":[{"href":"https:\/\/www.claret.org\/pt-pt\/wp-json\/wp\/v2\/media?parent=132413"}],"wp:term":[{"taxonomy":"category","embeddable":true,"href":"https:\/\/www.claret.org\/pt-pt\/wp-json\/wp\/v2\/categories?post=132413"},{"taxonomy":"post_tag","embeddable":true,"href":"https:\/\/www.claret.org\/pt-pt\/wp-json\/wp\/v2\/tags?post=132413"}],"curies":[{"name":"wp","href":"https:\/\/api.w.org\/{rel}","templated":true}]}}