{"id":135435,"date":"2022-09-14T10:51:24","date_gmt":"2022-09-14T08:51:24","guid":{"rendered":"https:\/\/www.claret.org\/st-claret-college-bangalore-recebe-nota-a-pela-naac\/"},"modified":"2022-09-14T21:55:22","modified_gmt":"2022-09-14T19:55:22","slug":"st-claret-college-bangalore-recebe-nota-a-pela-naac","status":"publish","type":"post","link":"https:\/\/www.claret.org\/pt-pt\/st-claret-college-bangalore-recebe-nota-a-pela-naac\/","title":{"rendered":"St. Claret College, Bangalore recebe nota A+ pela NAAC"},"content":{"rendered":"\n<p class=\"has-drop-cap\"><strong>Bangalore, \u00cdndia<\/strong>. No dia 6 de setembro de 2022, o Conselho Nacional de Avalia\u00e7\u00e3o e Credenciamento (NAAC), a ag\u00eancia governamental que avalia e credencia institui\u00e7\u00f5es de ensino superior na \u00cdndia, concedeu ao St. Claret College (SCC), Bangalore, uma classifica\u00e7\u00e3o A + (NAAC) com um CGPA de 3,31 em 4. Como parte do processo de acredita\u00e7\u00e3o, o NAAC Peer Team, composto por tr\u00eas especialistas, visitou o campus do SCC nos dias 02 e 03 de setembro e avaliou a qualidade do ensino e os processos envolvidos.<\/p>\n\n<p>A nota A+ \u00e9 uma melhoria significativa para o SCC em rela\u00e7\u00e3o \u00e0 nota B anterior obtida em 2014.  Nos \u00faltimos sete anos, a faculdade vem trabalhando em todos os par\u00e2metros avaliados pelo NAAC e melhorias significativas foram feitas em todas as \u00e1reas. De acordo com os dados dispon\u00edveis no site da NAAC, a partir de abril de 2019, conforme a estrutura de acredita\u00e7\u00e3o revisada, das 857 faculdades credenciadas pela NAAC, apenas 4 t\u00eam notas A++ e apenas 28 t\u00eam notas A+.<\/p>\n\n<p>O Diretor, Pe. Thomas Thennadiyil, CMF, expressou gratid\u00e3o e apre\u00e7o \u00e0 Dire\u00e7\u00e3o, corpo docente, funcion\u00e1rios, alunos, pais, ex-alunos e todas as partes interessadas por seus incans\u00e1veis esfor\u00e7os e contribui\u00e7\u00f5es para esta conquista.<\/p>\n","protected":false},"excerpt":{"rendered":"<p>Bangalore, \u00cdndia. No dia 6 de setembro de 2022, o Conselho Nacional de Avalia\u00e7\u00e3o e Credenciamento (NAAC), a ag\u00eancia governamental que avalia e credencia institui\u00e7\u00f5es de ensino superior na \u00cdndia, concedeu ao St. Claret College (SCC), Bangalore, uma classifica\u00e7\u00e3o A + (NAAC) com um CGPA de 3,31 em 4. Como parte do processo de acredita\u00e7\u00e3o, [&hellip;]<\/p>\n","protected":false},"author":2,"featured_media":135381,"comment_status":"closed","ping_status":"closed","sticky":false,"template":"","format":"standard","meta":{"_et_pb_use_builder":"","_et_pb_old_content":"","_et_gb_content_width":"","footnotes":""},"categories":[222,424],"tags":[],"class_list":["post-135435","post","type-post","status-publish","format-standard","has-post-thumbnail","hentry","category-bangalore-pt-pt","category-pastoral-educativa-pt-pt"],"jetpack_featured_media_url":"https:\/\/i0.wp.com\/www.claret.org\/wp-content\/uploads\/2022\/09\/NAAC-accreditation-St-Claret-College-scaled.jpg?fit=2880%2C1630&ssl=1","jetpack_sharing_enabled":true,"jetpack_shortlink":"https:\/\/wp.me\/pdaBmi-zer","jetpack_likes_enabled":true,"_links":{"self":[{"href":"https:\/\/www.claret.org\/pt-pt\/wp-json\/wp\/v2\/posts\/135435","targetHints":{"allow":["GET"]}}],"collection":[{"href":"https:\/\/www.claret.org\/pt-pt\/wp-json\/wp\/v2\/posts"}],"about":[{"href":"https:\/\/www.claret.org\/pt-pt\/wp-json\/wp\/v2\/types\/post"}],"author":[{"embeddable":true,"href":"https:\/\/www.claret.org\/pt-pt\/wp-json\/wp\/v2\/users\/2"}],"replies":[{"embeddable":true,"href":"https:\/\/www.claret.org\/pt-pt\/wp-json\/wp\/v2\/comments?post=135435"}],"version-history":[{"count":0,"href":"https:\/\/www.claret.org\/pt-pt\/wp-json\/wp\/v2\/posts\/135435\/revisions"}],"wp:featuredmedia":[{"embeddable":true,"href":"https:\/\/www.claret.org\/pt-pt\/wp-json\/wp\/v2\/media\/135381"}],"wp:attachment":[{"href":"https:\/\/www.claret.org\/pt-pt\/wp-json\/wp\/v2\/media?parent=135435"}],"wp:term":[{"taxonomy":"category","embeddable":true,"href":"https:\/\/www.claret.org\/pt-pt\/wp-json\/wp\/v2\/categories?post=135435"},{"taxonomy":"post_tag","embeddable":true,"href":"https:\/\/www.claret.org\/pt-pt\/wp-json\/wp\/v2\/tags?post=135435"}],"curies":[{"name":"wp","href":"https:\/\/api.w.org\/{rel}","templated":true}]}}