{"id":136279,"date":"2022-09-27T22:12:00","date_gmt":"2022-09-27T20:12:00","guid":{"rendered":"https:\/\/www.claret.org\/reverendo-ferdinand-okorie-cmf-novo-vice-presidente-e-reitor-academico-da-uniao-teologica-catolica\/"},"modified":"2022-10-06T02:51:39","modified_gmt":"2022-10-06T00:51:39","slug":"reverendo-ferdinand-okorie-cmf-novo-vice-presidente-e-reitor-academico-da-uniao-teologica-catolica","status":"publish","type":"post","link":"https:\/\/www.claret.org\/pt-pt\/reverendo-ferdinand-okorie-cmf-novo-vice-presidente-e-reitor-academico-da-uniao-teologica-catolica\/","title":{"rendered":"Reverendo Ferdinand Okorie, CMF, novo Vice-Presidente e Reitor Acad\u00eamico da Uni\u00e3o Teol\u00f3gica Cat\u00f3lica"},"content":{"rendered":"\n<p class=\"has-drop-cap\"><p><strong>Chicago, EUA<\/strong>. A Uni\u00e3o Teol\u00f3gica Cat\u00f3lica instalou o Reverendo Ferdinand Okorie, CMF, como o novo Vice-Presidente e Reitor Acad\u00eamico da escola. Membro da CTU B\u00edblico da Faculdade, o Revdo. Okorie \u00e9 um estudioso do Novo Testamento e lidera os Programas de Estudo e Viagens \u00e0s Terras B\u00edblicas. Al\u00e9m de sua nomea\u00e7\u00e3o para o corpo docente da CTU, Okorie atua como editor-chefe da revista <em><strong>US Catholic<\/strong><\/em> desde julho de 2020.<\/p><\/p>\n\n<p><p>A Uni\u00e3o Teol\u00f3gica Cat\u00f3lica foi fundada em 1968, ap\u00f3s o Conc\u00edlio Vaticano II, durante um per\u00edodo de dram\u00e1tica renova\u00e7\u00e3o na Igreja Cat\u00f3lica. Cinquenta anos depois, a CTU evoluiu para uma importante escola de teologia e minist\u00e9rio, patrocinada por vinte e quatro comunidades religiosas masculinas, incluindo a Prov\u00edncia dos Mission\u00e1rios Claretianos EUA-CANAD\u00c1, e goza de uma reputa\u00e7\u00e3o global de excel\u00eancia acad\u00eamica e pastoral.<\/p><\/p>\n\n<p><\/p>\n\n<p><p><em>Da esquerda para a direita: Irm\u00e3 Barbara Reid, OP (Presidente da CTU), Reverendo Ferdinand Okorie, CMF (rec\u00e9m-nomeado Vice-Presidente e Decano Acad\u00eamico), e Reverendo Rosendo Urrabazo, CMF (Superior Provincial, Prov\u00edncia EUA-CANAD\u00c1).<\/em><\/p><\/p>\n","protected":false},"excerpt":{"rendered":"<p>Chicago, EUA. A Uni\u00e3o Teol\u00f3gica Cat\u00f3lica instalou o Reverendo Ferdinand Okorie, CMF, como o novo Vice-Presidente e Reitor Acad\u00eamico da escola. Membro da CTU B\u00edblico da Faculdade, o Revdo. Okorie \u00e9 um estudioso do Novo Testamento e lidera os Programas de Estudo e Viagens \u00e0s Terras B\u00edblicas. Al\u00e9m de sua nomea\u00e7\u00e3o para o corpo docente [&hellip;]<\/p>\n","protected":false},"author":2,"featured_media":136269,"comment_status":"closed","ping_status":"closed","sticky":false,"template":"","format":"standard","meta":{"_et_pb_use_builder":"","_et_pb_old_content":"","_et_gb_content_width":"","footnotes":""},"categories":[600,424],"tags":[],"class_list":["post-136279","post","type-post","status-publish","format-standard","has-post-thumbnail","hentry","category-usa-canada-pt-pt","category-pastoral-educativa-pt-pt"],"jetpack_featured_media_url":"https:\/\/i0.wp.com\/www.claret.org\/wp-content\/uploads\/2022\/10\/UC-20220925-installation-of-FERDINAND-OKORIE-as-VP-at-CTU.jpg?fit=1920%2C1080&ssl=1","jetpack_sharing_enabled":true,"jetpack_shortlink":"https:\/\/wp.me\/pdaBmi-zs3","jetpack_likes_enabled":true,"_links":{"self":[{"href":"https:\/\/www.claret.org\/pt-pt\/wp-json\/wp\/v2\/posts\/136279","targetHints":{"allow":["GET"]}}],"collection":[{"href":"https:\/\/www.claret.org\/pt-pt\/wp-json\/wp\/v2\/posts"}],"about":[{"href":"https:\/\/www.claret.org\/pt-pt\/wp-json\/wp\/v2\/types\/post"}],"author":[{"embeddable":true,"href":"https:\/\/www.claret.org\/pt-pt\/wp-json\/wp\/v2\/users\/2"}],"replies":[{"embeddable":true,"href":"https:\/\/www.claret.org\/pt-pt\/wp-json\/wp\/v2\/comments?post=136279"}],"version-history":[{"count":0,"href":"https:\/\/www.claret.org\/pt-pt\/wp-json\/wp\/v2\/posts\/136279\/revisions"}],"wp:featuredmedia":[{"embeddable":true,"href":"https:\/\/www.claret.org\/pt-pt\/wp-json\/wp\/v2\/media\/136269"}],"wp:attachment":[{"href":"https:\/\/www.claret.org\/pt-pt\/wp-json\/wp\/v2\/media?parent=136279"}],"wp:term":[{"taxonomy":"category","embeddable":true,"href":"https:\/\/www.claret.org\/pt-pt\/wp-json\/wp\/v2\/categories?post=136279"},{"taxonomy":"post_tag","embeddable":true,"href":"https:\/\/www.claret.org\/pt-pt\/wp-json\/wp\/v2\/tags?post=136279"}],"curies":[{"name":"wp","href":"https:\/\/api.w.org\/{rel}","templated":true}]}}