{"id":136736,"date":"2022-10-20T13:41:44","date_gmt":"2022-10-20T11:41:44","guid":{"rendered":"https:\/\/www.claret.org\/30-anos-da-beatificacao-dos-martires-de-barbastro\/"},"modified":"2022-10-20T15:23:15","modified_gmt":"2022-10-20T13:23:15","slug":"30-anos-da-beatificacao-dos-martires-de-barbastro","status":"publish","type":"post","link":"https:\/\/www.claret.org\/pt-pt\/30-anos-da-beatificacao-dos-martires-de-barbastro\/","title":{"rendered":"30 anos da beatifica\u00e7\u00e3o dos m\u00e1rtires de Barbastro"},"content":{"rendered":"\n<p class=\"has-drop-cap\"><p><strong>Barbastro, Espanha<\/strong>. O que foi vivido naquele 25 de outubro ainda est\u00e1 muito vivo na mem\u00f3ria de n\u00e3o poucas pessoas, mas trinta anos se passaram desde 1992. Roma parecia se vestir para acolher a beatifica\u00e7\u00e3o dos cinquenta e um mission\u00e1rios m\u00e1rtires de Barbastro (Huesca &#8211; Espanha), que abra\u00e7aram a morte dando testemunhos claros de f\u00e9, perd\u00e3o, alegria e amor pela pr\u00f3pria voca\u00e7\u00e3o.<\/p><\/p>\n\n<p>Milhares foram as pessoas que desde ent\u00e3o visitaram o Museu dos M\u00e1rtires, localizado na mesma casa onde os bem-aventurados mission\u00e1rios foram presos, e seu testemunho continua a impactar muitos jovens e adultos de todas as latitudes. <\/p>\n\n<p><\/p>\n\n<figure class=\"wp-block-gallery has-nested-images columns-default is-cropped wp-block-gallery-1 is-layout-flex wp-block-gallery-is-layout-flex\">\n<figure class=\"wp-block-image size-large\"><img data-recalc-dims=\"1\" loading=\"lazy\" decoding=\"async\" width=\"960\" height=\"720\" data-id=\"136674\" src=\"https:\/\/i0.wp.com\/www.claret.org\/storage\/2022\/10\/Barbastro_Templo.jpg?resize=960%2C720&#038;ssl=1\" alt=\"\" class=\"wp-image-136674\" title=\"\" srcset=\"https:\/\/i0.wp.com\/www.claret.org\/wp-content\/uploads\/2022\/10\/Barbastro_Templo.jpg?w=960&amp;ssl=1 960w, https:\/\/i0.wp.com\/www.claret.org\/wp-content\/uploads\/2022\/10\/Barbastro_Templo.jpg?resize=480%2C360&amp;ssl=1 480w\" sizes=\"(max-width: 960px) 100vw, 960px\" \/><\/figure>\n\n\n\n<figure class=\"wp-block-image size-large\"><img data-recalc-dims=\"1\" loading=\"lazy\" decoding=\"async\" width=\"1024\" height=\"768\" data-id=\"136680\" src=\"https:\/\/i0.wp.com\/www.claret.org\/storage\/2022\/10\/Barbastro_PuertaMuseo.jpg?resize=1024%2C768&#038;ssl=1\" alt=\"\" class=\"wp-image-136680\" title=\"\" srcset=\"https:\/\/i0.wp.com\/www.claret.org\/wp-content\/uploads\/2022\/10\/Barbastro_PuertaMuseo.jpg?w=1024&amp;ssl=1 1024w, https:\/\/i0.wp.com\/www.claret.org\/wp-content\/uploads\/2022\/10\/Barbastro_PuertaMuseo.jpg?resize=980%2C735&amp;ssl=1 980w, https:\/\/i0.wp.com\/www.claret.org\/wp-content\/uploads\/2022\/10\/Barbastro_PuertaMuseo.jpg?resize=480%2C360&amp;ssl=1 480w\" sizes=\"(max-width: 1024px) 100vw, 1024px\" \/><\/figure>\n\n\n\n<figure class=\"wp-block-image size-large\"><img data-recalc-dims=\"1\" loading=\"lazy\" decoding=\"async\" width=\"960\" height=\"720\" data-id=\"136686\" src=\"https:\/\/i0.wp.com\/www.claret.org\/storage\/2022\/10\/Barbastro_Maqueta2.jpg?resize=960%2C720&#038;ssl=1\" alt=\"\" class=\"wp-image-136686\" title=\"\" srcset=\"https:\/\/i0.wp.com\/www.claret.org\/wp-content\/uploads\/2022\/10\/Barbastro_Maqueta2.jpg?w=960&amp;ssl=1 960w, https:\/\/i0.wp.com\/www.claret.org\/wp-content\/uploads\/2022\/10\/Barbastro_Maqueta2.jpg?resize=480%2C360&amp;ssl=1 480w\" sizes=\"(max-width: 960px) 100vw, 960px\" \/><\/figure>\n\n\n\n<figure class=\"wp-block-image size-large\"><img data-recalc-dims=\"1\" loading=\"lazy\" decoding=\"async\" width=\"720\" height=\"960\" data-id=\"136692\" src=\"https:\/\/i0.wp.com\/www.claret.org\/storage\/2022\/10\/Barbastro_Obispo.jpg?resize=720%2C960&#038;ssl=1\" alt=\"\" class=\"wp-image-136692\" title=\"\" srcset=\"https:\/\/i0.wp.com\/www.claret.org\/wp-content\/uploads\/2022\/10\/Barbastro_Obispo.jpg?w=720&amp;ssl=1 720w, https:\/\/i0.wp.com\/www.claret.org\/wp-content\/uploads\/2022\/10\/Barbastro_Obispo.jpg?resize=480%2C640&amp;ssl=1 480w\" sizes=\"(max-width: 720px) 100vw, 720px\" \/><\/figure>\n\n\n\n<figure class=\"wp-block-image size-large\"><img data-recalc-dims=\"1\" loading=\"lazy\" decoding=\"async\" width=\"720\" height=\"960\" data-id=\"136698\" src=\"https:\/\/i0.wp.com\/www.claret.org\/storage\/2022\/10\/Barbastro_Religiosas.jpg?resize=720%2C960&#038;ssl=1\" alt=\"\" class=\"wp-image-136698\" title=\"\" srcset=\"https:\/\/i0.wp.com\/www.claret.org\/wp-content\/uploads\/2022\/10\/Barbastro_Religiosas.jpg?w=720&amp;ssl=1 720w, https:\/\/i0.wp.com\/www.claret.org\/wp-content\/uploads\/2022\/10\/Barbastro_Religiosas.jpg?resize=480%2C640&amp;ssl=1 480w\" sizes=\"(max-width: 720px) 100vw, 720px\" \/><\/figure>\n\n\n\n<figure class=\"wp-block-image size-large\"><img data-recalc-dims=\"1\" loading=\"lazy\" decoding=\"async\" width=\"720\" height=\"960\" data-id=\"136704\" src=\"https:\/\/i0.wp.com\/www.claret.org\/storage\/2022\/10\/Barbastro_Luogo2.jpg?resize=720%2C960&#038;ssl=1\" alt=\"\" class=\"wp-image-136704\" title=\"\" srcset=\"https:\/\/i0.wp.com\/www.claret.org\/wp-content\/uploads\/2022\/10\/Barbastro_Luogo2.jpg?w=720&amp;ssl=1 720w, https:\/\/i0.wp.com\/www.claret.org\/wp-content\/uploads\/2022\/10\/Barbastro_Luogo2.jpg?resize=480%2C640&amp;ssl=1 480w\" sizes=\"(max-width: 720px) 100vw, 720px\" \/><\/figure>\n<\/figure>\n\n<p><\/p>\n\n<p>A comunidade de Barbastro, integrada hoje por tr\u00eas sacerdotes e um irm\u00e3o mission\u00e1rio, celebrar\u00e1 o anivers\u00e1rio da beatifica\u00e7\u00e3o com os fi\u00e9is e com a Igreja local. No s\u00e1bado, 22, uma solene Eucaristia evocar\u00e1 o evento, e depois ser\u00e1 apresentada a nova etapa da Arquiconfraria do Cora\u00e7\u00e3o de Maria, que est\u00e1 mais uma vez presente na cidade. Nos dias 22, 23 e 24 a comunidade crist\u00e3 se preparar\u00e1 para a festa de Santo Ant\u00f4nio Maria Claret.<\/p>\n\n<p>A Diocese de Barbastro-Monz\u00f3n, marcada pela experi\u00eancia do mart\u00edrio, conta j\u00e1 com 78 beatos m\u00e1rtires e acaba de iniciar o processo de beatifica\u00e7\u00e3o de outras 250 testemunhas da f\u00e9. Todos eles se destacam, como recordou seu bispo (D. \u00c1ngel P\u00e9rez) no in\u00edcio deste ano pastoral, por seu esp\u00edrito de reconcilia\u00e7\u00e3o e perd\u00e3o, uma caracter\u00edstica muito presente tamb\u00e9m nos beatos claretianos.<\/p>\n\n<p><\/p>\n\n<figure class=\"wp-block-image size-full\"><img data-recalc-dims=\"1\" loading=\"lazy\" decoding=\"async\" width=\"1080\" height=\"1527\" src=\"https:\/\/i0.wp.com\/www.claret.org\/storage\/2022\/10\/Barbastro_Cartel.jpg?resize=1080%2C1527&#038;ssl=1\" alt=\"\" class=\"wp-image-136710\" title=\"\" srcset=\"https:\/\/i0.wp.com\/www.claret.org\/wp-content\/uploads\/2022\/10\/Barbastro_Cartel.jpg?w=1170&amp;ssl=1 1170w, https:\/\/i0.wp.com\/www.claret.org\/wp-content\/uploads\/2022\/10\/Barbastro_Cartel.jpg?resize=980%2C1385&amp;ssl=1 980w, https:\/\/i0.wp.com\/www.claret.org\/wp-content\/uploads\/2022\/10\/Barbastro_Cartel.jpg?resize=480%2C679&amp;ssl=1 480w\" sizes=\"(max-width: 1080px) 100vw, 1080px\" \/><\/figure>\n\n<p><\/p>\n","protected":false},"excerpt":{"rendered":"<p>Barbastro, Espanha. O que foi vivido naquele 25 de outubro ainda est\u00e1 muito vivo na mem\u00f3ria de n\u00e3o poucas pessoas, mas trinta anos se passaram desde 1992. Roma parecia se vestir para acolher a beatifica\u00e7\u00e3o dos cinquenta e um mission\u00e1rios m\u00e1rtires de Barbastro (Huesca &#8211; Espanha), que abra\u00e7aram a morte dando testemunhos claros de f\u00e9, [&hellip;]<\/p>\n","protected":false},"author":2,"featured_media":136721,"comment_status":"closed","ping_status":"closed","sticky":false,"template":"","format":"standard","meta":{"_et_pb_use_builder":"","_et_pb_old_content":"","_et_gb_content_width":"","footnotes":""},"categories":[542,474],"tags":[],"class_list":["post-136736","post","type-post","status-publish","format-standard","has-post-thumbnail","hentry","category-aniversarios-pt-pt","category-martires-de-barbastro-pt-pt"],"jetpack_featured_media_url":"https:\/\/i0.wp.com\/www.claret.org\/wp-content\/uploads\/2022\/10\/relics-Barbastro.jpg?fit=1872%2C1253&ssl=1","jetpack_sharing_enabled":true,"jetpack_shortlink":"https:\/\/wp.me\/pdaBmi-zzq","jetpack_likes_enabled":true,"_links":{"self":[{"href":"https:\/\/www.claret.org\/pt-pt\/wp-json\/wp\/v2\/posts\/136736","targetHints":{"allow":["GET"]}}],"collection":[{"href":"https:\/\/www.claret.org\/pt-pt\/wp-json\/wp\/v2\/posts"}],"about":[{"href":"https:\/\/www.claret.org\/pt-pt\/wp-json\/wp\/v2\/types\/post"}],"author":[{"embeddable":true,"href":"https:\/\/www.claret.org\/pt-pt\/wp-json\/wp\/v2\/users\/2"}],"replies":[{"embeddable":true,"href":"https:\/\/www.claret.org\/pt-pt\/wp-json\/wp\/v2\/comments?post=136736"}],"version-history":[{"count":0,"href":"https:\/\/www.claret.org\/pt-pt\/wp-json\/wp\/v2\/posts\/136736\/revisions"}],"wp:featuredmedia":[{"embeddable":true,"href":"https:\/\/www.claret.org\/pt-pt\/wp-json\/wp\/v2\/media\/136721"}],"wp:attachment":[{"href":"https:\/\/www.claret.org\/pt-pt\/wp-json\/wp\/v2\/media?parent=136736"}],"wp:term":[{"taxonomy":"category","embeddable":true,"href":"https:\/\/www.claret.org\/pt-pt\/wp-json\/wp\/v2\/categories?post=136736"},{"taxonomy":"post_tag","embeddable":true,"href":"https:\/\/www.claret.org\/pt-pt\/wp-json\/wp\/v2\/tags?post=136736"}],"curies":[{"name":"wp","href":"https:\/\/api.w.org\/{rel}","templated":true}]}}