{"id":137206,"date":"2022-10-25T11:25:02","date_gmt":"2022-10-25T09:25:02","guid":{"rendered":"https:\/\/www.claret.org\/alegre-celebracao-da-festa-de-claret-em-familia-claretiana-nos-camaroes\/"},"modified":"2022-10-29T06:15:11","modified_gmt":"2022-10-29T04:15:11","slug":"alegre-celebracao-da-festa-de-claret-em-familia-claretiana-nos-camaroes","status":"publish","type":"post","link":"https:\/\/www.claret.org\/pt-pt\/alegre-celebracao-da-festa-de-claret-em-familia-claretiana-nos-camaroes\/","title":{"rendered":"Alegre celebra\u00e7\u00e3o da festa de Claret em Fam\u00edlia Claretiana nos Camar\u00f5es"},"content":{"rendered":"\n<p class=\"has-drop-cap\"><p><strong>Obala, Camar\u00f5es<\/strong>. O Teologado do Imaculado Cora\u00e7\u00e3o de Nkong na Diocese de Obala acolheu nesse dia 24 de outubro de 2022, a celebra\u00e7\u00e3o da Solenidade de Santo Ant\u00f4nio Maria Claret, fundador dos Mission\u00e1rios Claretianos. A celebra\u00e7\u00e3o contou com a presen\u00e7a dos mission\u00e1rios claretianos da regi\u00e3o central, onde est\u00e3o localizadas tr\u00eas das quatro casas de forma\u00e7\u00e3o da Delega\u00e7\u00e3o Independente dos Camar\u00f5es. Tamb\u00e9m estiveram presentes as Religiosas de Maria Imaculada Mission\u00e1rias Claretianas que vieram de Bafoussam na regi\u00e3o oeste do pa\u00eds, os Leigos Claretianos, e alguns amigos de outras congrega\u00e7\u00f5es convidados a comungar com o corpo de Cristo e compartilhar a alegria da celebra\u00e7\u00e3o.<\/p><\/p>\n\n<p>Outro destaque do dia foi a entrega das ordens menores a 13 confrades durante a Eucaristia presidida pelo Superior Maior, Pe. Jude Thaddeus Langeh, CMF, juntamente com alguns membros do Governo da Delega\u00e7\u00e3o. Pe. Jude convidou os mission\u00e1rios e o povo de Deus presentes a construir e cuidar das rela\u00e7\u00f5es humanas, a se tornarem cantores de reconcilia\u00e7\u00e3o em um mundo marcado pelo conflito e pela viol\u00eancia.<\/p>\n\n<p>A festa de Claret tamb\u00e9m foi bem celebrada nas outras \u00e1reas mission\u00e1rias dos Mission\u00e1rios Claretianos nos Camar\u00f5es.<\/p>\n\n<p><\/p>\n\n<figure class=\"wp-block-gallery has-nested-images columns-default is-cropped wp-block-gallery-1 is-layout-flex wp-block-gallery-is-layout-flex\">\n<figure class=\"wp-block-image size-large\"><img data-recalc-dims=\"1\" loading=\"lazy\" decoding=\"async\" width=\"1000\" height=\"750\" data-id=\"137140\" src=\"https:\/\/i0.wp.com\/www.claret.org\/storage\/2022\/10\/CM-20221024-Feast-Day-2022-2.jpg?resize=1000%2C750&#038;ssl=1\" alt=\"\" class=\"wp-image-137140\" title=\"\" srcset=\"https:\/\/i0.wp.com\/www.claret.org\/wp-content\/uploads\/2022\/10\/CM-20221024-Feast-Day-2022-2.jpg?w=1000&amp;ssl=1 1000w, https:\/\/i0.wp.com\/www.claret.org\/wp-content\/uploads\/2022\/10\/CM-20221024-Feast-Day-2022-2.jpg?resize=980%2C735&amp;ssl=1 980w, https:\/\/i0.wp.com\/www.claret.org\/wp-content\/uploads\/2022\/10\/CM-20221024-Feast-Day-2022-2.jpg?resize=480%2C360&amp;ssl=1 480w\" sizes=\"(max-width: 1000px) 100vw, 1000px\" \/><\/figure>\n\n\n\n<figure class=\"wp-block-image size-large\"><img data-recalc-dims=\"1\" loading=\"lazy\" decoding=\"async\" width=\"1080\" height=\"810\" data-id=\"137152\" src=\"https:\/\/i0.wp.com\/www.claret.org\/storage\/2022\/10\/CM-20221024-Feast-Day-2022-3.jpg?resize=1080%2C810&#038;ssl=1\" alt=\"\" class=\"wp-image-137152\" title=\"\" srcset=\"https:\/\/i0.wp.com\/www.claret.org\/wp-content\/uploads\/2022\/10\/CM-20221024-Feast-Day-2022-3.jpg?w=1080&amp;ssl=1 1080w, https:\/\/i0.wp.com\/www.claret.org\/wp-content\/uploads\/2022\/10\/CM-20221024-Feast-Day-2022-3.jpg?resize=980%2C735&amp;ssl=1 980w, https:\/\/i0.wp.com\/www.claret.org\/wp-content\/uploads\/2022\/10\/CM-20221024-Feast-Day-2022-3.jpg?resize=480%2C360&amp;ssl=1 480w\" sizes=\"(max-width: 1080px) 100vw, 1080px\" \/><\/figure>\n\n\n\n<figure class=\"wp-block-image size-large\"><img data-recalc-dims=\"1\" loading=\"lazy\" decoding=\"async\" width=\"1080\" height=\"593\" data-id=\"137158\" src=\"https:\/\/i0.wp.com\/www.claret.org\/storage\/2022\/10\/CM-20221024-Feast-Day-2022-4.jpg?resize=1080%2C593&#038;ssl=1\" alt=\"\" class=\"wp-image-137158\" title=\"\" srcset=\"https:\/\/i0.wp.com\/www.claret.org\/wp-content\/uploads\/2022\/10\/CM-20221024-Feast-Day-2022-4.jpg?w=1080&amp;ssl=1 1080w, https:\/\/i0.wp.com\/www.claret.org\/wp-content\/uploads\/2022\/10\/CM-20221024-Feast-Day-2022-4.jpg?resize=980%2C538&amp;ssl=1 980w, https:\/\/i0.wp.com\/www.claret.org\/wp-content\/uploads\/2022\/10\/CM-20221024-Feast-Day-2022-4.jpg?resize=480%2C264&amp;ssl=1 480w\" sizes=\"(max-width: 1080px) 100vw, 1080px\" \/><\/figure>\n<\/figure>\n\n<p><\/p>\n","protected":false},"excerpt":{"rendered":"<p>Obala, Camar\u00f5es. O Teologado do Imaculado Cora\u00e7\u00e3o de Nkong na Diocese de Obala acolheu nesse dia 24 de outubro de 2022, a celebra\u00e7\u00e3o da Solenidade de Santo Ant\u00f4nio Maria Claret, fundador dos Mission\u00e1rios Claretianos. A celebra\u00e7\u00e3o contou com a presen\u00e7a dos mission\u00e1rios claretianos da regi\u00e3o central, onde est\u00e3o localizadas tr\u00eas das quatro casas de forma\u00e7\u00e3o [&hellip;]<\/p>\n","protected":false},"author":2,"featured_media":137150,"comment_status":"closed","ping_status":"closed","sticky":false,"template":"","format":"standard","meta":{"_et_pb_use_builder":"","_et_pb_old_content":"","_et_gb_content_width":"","footnotes":""},"categories":[135,529],"tags":[],"class_list":["post-137206","post","type-post","status-publish","format-standard","has-post-thumbnail","hentry","category-cameroun-pt-pt","category-familia-claretiana-pt-pt"],"jetpack_featured_media_url":"https:\/\/i0.wp.com\/www.claret.org\/wp-content\/uploads\/2022\/10\/CM-20221024-Feast-Day-2022-1-1.jpg?fit=1054%2C600&ssl=1","jetpack_sharing_enabled":true,"jetpack_shortlink":"https:\/\/wp.me\/pdaBmi-zH0","jetpack_likes_enabled":true,"_links":{"self":[{"href":"https:\/\/www.claret.org\/pt-pt\/wp-json\/wp\/v2\/posts\/137206","targetHints":{"allow":["GET"]}}],"collection":[{"href":"https:\/\/www.claret.org\/pt-pt\/wp-json\/wp\/v2\/posts"}],"about":[{"href":"https:\/\/www.claret.org\/pt-pt\/wp-json\/wp\/v2\/types\/post"}],"author":[{"embeddable":true,"href":"https:\/\/www.claret.org\/pt-pt\/wp-json\/wp\/v2\/users\/2"}],"replies":[{"embeddable":true,"href":"https:\/\/www.claret.org\/pt-pt\/wp-json\/wp\/v2\/comments?post=137206"}],"version-history":[{"count":0,"href":"https:\/\/www.claret.org\/pt-pt\/wp-json\/wp\/v2\/posts\/137206\/revisions"}],"wp:featuredmedia":[{"embeddable":true,"href":"https:\/\/www.claret.org\/pt-pt\/wp-json\/wp\/v2\/media\/137150"}],"wp:attachment":[{"href":"https:\/\/www.claret.org\/pt-pt\/wp-json\/wp\/v2\/media?parent=137206"}],"wp:term":[{"taxonomy":"category","embeddable":true,"href":"https:\/\/www.claret.org\/pt-pt\/wp-json\/wp\/v2\/categories?post=137206"},{"taxonomy":"post_tag","embeddable":true,"href":"https:\/\/www.claret.org\/pt-pt\/wp-json\/wp\/v2\/tags?post=137206"}],"curies":[{"name":"wp","href":"https:\/\/api.w.org\/{rel}","templated":true}]}}