{"id":140195,"date":"2022-12-26T10:31:45","date_gmt":"2022-12-26T09:31:45","guid":{"rendered":"https:\/\/www.claret.org\/visita-dos-pes-mathew-vattamattam-e-pedro-belberrain-em-chennai\/"},"modified":"2022-12-27T15:09:14","modified_gmt":"2022-12-27T14:09:14","slug":"visita-dos-pes-mathew-vattamattam-e-pedro-belberrain-em-chennai","status":"publish","type":"post","link":"https:\/\/www.claret.org\/pt-pt\/visita-dos-pes-mathew-vattamattam-e-pedro-belberrain-em-chennai\/","title":{"rendered":"Visita dos Pes. Mathew Vattamattam e Pedro Belberrain em Chennai"},"content":{"rendered":"\n<p class=\"has-drop-cap\">Chennai, \u00cdndia: A Prov\u00edncia de Chennai ficou extremamente impressionada com a visita do Pe. Mathew Vattamattam CMF, Superior Geral, e do Pe. Pedro Belderrain CMF, Prefeito Geral de Apostolado de 15 a 20 de dezembro de 2022. Ap\u00f3s o XXVIII Cap\u00edtulo Geral, fizeram a primeira visita amig\u00e1vel \u00e0 nossa Prov\u00edncia em pouco tempo. Foi um dia cheio de gra\u00e7a para ouvi-los e compartilhar nossa vida e miss\u00e3o com eles. Sua partilha sobre a Congrega\u00e7\u00e3o e sua miss\u00e3o foi enriquecedora.<\/p>\n\n<p><\/p>\n\n<figure class=\"wp-block-gallery has-nested-images columns-default is-cropped wp-block-gallery-1 is-layout-flex wp-block-gallery-is-layout-flex\">\n<figure class=\"wp-block-image size-large\"><img data-recalc-dims=\"1\" loading=\"lazy\" decoding=\"async\" width=\"1024\" height=\"768\" data-id=\"140113\" src=\"https:\/\/i0.wp.com\/www.claret.org\/wp-content\/uploads\/2022\/12\/IMG-20221215-WA0037-1.jpg?resize=1024%2C768&#038;ssl=1\" alt=\"\" class=\"wp-image-140113\" title=\"\" srcset=\"https:\/\/www.claret.org\/wp-content\/uploads\/2022\/12\/IMG-20221215-WA0037-1-1024x768.jpg 1024w, https:\/\/www.claret.org\/wp-content\/uploads\/2022\/12\/IMG-20221215-WA0037-1-980x735.jpg 980w, https:\/\/www.claret.org\/wp-content\/uploads\/2022\/12\/IMG-20221215-WA0037-1-480x360.jpg 480w\" sizes=\"(min-width: 0px) and (max-width: 480px) 480px, (min-width: 481px) and (max-width: 980px) 980px, (min-width: 981px) 1024px, 100vw\" \/><\/figure>\n\n\n\n<figure class=\"wp-block-image size-large\"><img data-recalc-dims=\"1\" loading=\"lazy\" decoding=\"async\" width=\"1024\" height=\"682\" data-id=\"140119\" src=\"https:\/\/i0.wp.com\/www.claret.org\/wp-content\/uploads\/2022\/12\/IMG-20221220-WA0175-1.jpg?resize=1024%2C682&#038;ssl=1\" alt=\"\" class=\"wp-image-140119\" title=\"\" srcset=\"https:\/\/www.claret.org\/wp-content\/uploads\/2022\/12\/IMG-20221220-WA0175-1-1024x682.jpg 1024w, https:\/\/www.claret.org\/wp-content\/uploads\/2022\/12\/IMG-20221220-WA0175-1-980x653.jpg 980w, https:\/\/www.claret.org\/wp-content\/uploads\/2022\/12\/IMG-20221220-WA0175-1-480x320.jpg 480w\" sizes=\"(min-width: 0px) and (max-width: 480px) 480px, (min-width: 481px) and (max-width: 980px) 980px, (min-width: 981px) 1024px, 100vw\" \/><\/figure>\n\n\n\n<figure class=\"wp-block-image size-large\"><img data-recalc-dims=\"1\" loading=\"lazy\" decoding=\"async\" width=\"1024\" height=\"682\" data-id=\"140107\" src=\"https:\/\/i0.wp.com\/www.claret.org\/wp-content\/uploads\/2022\/12\/IMG-20221220-WA0187.jpg?resize=1024%2C682&#038;ssl=1\" alt=\"\" class=\"wp-image-140107\" title=\"\" srcset=\"https:\/\/www.claret.org\/wp-content\/uploads\/2022\/12\/IMG-20221220-WA0187-1024x682.jpg 1024w, https:\/\/www.claret.org\/wp-content\/uploads\/2022\/12\/IMG-20221220-WA0187-980x653.jpg 980w, https:\/\/www.claret.org\/wp-content\/uploads\/2022\/12\/IMG-20221220-WA0187-480x320.jpg 480w\" sizes=\"(min-width: 0px) and (max-width: 480px) 480px, (min-width: 481px) and (max-width: 980px) 980px, (min-width: 981px) 1024px, 100vw\" \/><\/figure>\n<\/figure>\n\n<p><\/p>\n\n<p><\/p>\n\n<p>No dia 15 de dezembro de 2022, eles conheceram nossos mission\u00e1rios das comunidades de Claret Bhavan, Claret Arulagam, Claret House, Dirnberger Illam, Amaithiaham, Casa Claret, Maria Bhavan e Claret Aham em Claret Bhavan, Karumathur e compartilharam abertamente. No dia 16 de dezembro de 2022, eles conheceram nossos mission\u00e1rios das comunidades de LIFE, St. Joseph&#8217;s Illam, Claret Illam e Claret Home na Comunidade LIFE, Nochodaipatty, e interagiram e compartilharam. No dia 17 de dezembro de 2022, fizeram uma peregrina\u00e7\u00e3o a Nossa Senhora de Velankanni, Tamilnadu. Esta foi uma ocasi\u00e3o aproveitada para obter uma b\u00ean\u00e7\u00e3o de nossa M\u00e3e Maria. No dia 18 de dezembro de 2022, eles conheceram nossos mission\u00e1rios de KAVASAM. Ficaram l\u00e1 por algumas horas.<\/p>\n\n<p><\/p>\n\n<p><\/p>\n\n<figure class=\"wp-block-gallery has-nested-images columns-default is-cropped wp-block-gallery-2 is-layout-flex wp-block-gallery-is-layout-flex\">\n<figure class=\"wp-block-image size-large\"><img data-recalc-dims=\"1\" loading=\"lazy\" decoding=\"async\" width=\"1024\" height=\"683\" data-id=\"140131\" src=\"https:\/\/i0.wp.com\/www.claret.org\/wp-content\/uploads\/2022\/12\/IMG-20221215-WA0044-1.jpg?resize=1024%2C683&#038;ssl=1\" alt=\"\" class=\"wp-image-140131\" title=\"\" srcset=\"https:\/\/www.claret.org\/wp-content\/uploads\/2022\/12\/IMG-20221215-WA0044-1-980x653.jpg 980w, https:\/\/www.claret.org\/wp-content\/uploads\/2022\/12\/IMG-20221215-WA0044-1-480x320.jpg 480w\" sizes=\"(min-width: 0px) and (max-width: 480px) 480px, (min-width: 481px) and (max-width: 980px) 980px, (min-width: 981px) 1024px, 100vw\" \/><\/figure>\n\n\n\n<figure class=\"wp-block-image size-large\"><img data-recalc-dims=\"1\" loading=\"lazy\" decoding=\"async\" width=\"1024\" height=\"577\" data-id=\"140125\" src=\"https:\/\/i0.wp.com\/www.claret.org\/wp-content\/uploads\/2022\/12\/IMG-20221216-WA0013.jpg?resize=1024%2C577&#038;ssl=1\" alt=\"\" class=\"wp-image-140125\" title=\"\" srcset=\"https:\/\/www.claret.org\/wp-content\/uploads\/2022\/12\/IMG-20221216-WA0013-980x552.jpg 980w, https:\/\/www.claret.org\/wp-content\/uploads\/2022\/12\/IMG-20221216-WA0013-480x271.jpg 480w\" sizes=\"(min-width: 0px) and (max-width: 480px) 480px, (min-width: 481px) and (max-width: 980px) 980px, (min-width: 981px) 1024px, 100vw\" \/><\/figure>\n\n\n\n<figure class=\"wp-block-image size-large\"><img data-recalc-dims=\"1\" loading=\"lazy\" decoding=\"async\" width=\"1024\" height=\"682\" data-id=\"140137\" src=\"https:\/\/i0.wp.com\/www.claret.org\/wp-content\/uploads\/2022\/12\/IMG-20221220-WA0068.jpg?resize=1024%2C682&#038;ssl=1\" alt=\"\" class=\"wp-image-140137\" title=\"\" srcset=\"https:\/\/www.claret.org\/wp-content\/uploads\/2022\/12\/IMG-20221220-WA0068-1024x682.jpg 1024w, https:\/\/www.claret.org\/wp-content\/uploads\/2022\/12\/IMG-20221220-WA0068-980x653.jpg 980w, https:\/\/www.claret.org\/wp-content\/uploads\/2022\/12\/IMG-20221220-WA0068-480x320.jpg 480w\" sizes=\"(min-width: 0px) and (max-width: 480px) 480px, (min-width: 481px) and (max-width: 980px) 980px, (min-width: 981px) 1024px, 100vw\" \/><\/figure>\n<\/figure>\n\n<p><\/p>\n\n<p><\/p>\n\n<p>Eles tamb\u00e9m visitaram um dos sites do Irular Housing Projects. De 18 a 20 de dezembro de 2022, eles estiveram na Casa Provincial Claretiana, Chennai, conhecendo o novo Governo Provincial e animando-o. Tamb\u00e9m visitaram Claret Niraivagam, Tirusulam, onde foi aben\u00e7oada uma nova resid\u00eancia, e Claret Anbagam, Thiruninravur, onde os mission\u00e1rios da zona de Chennai se reuniram para compartilhar nossa fraternidade claretiana. No dia 20 o Pe. Geral viajou para Kerala e Pe. Pedro viajou de volta a Roma.<\/p>\n\n<p><\/p>\n\n<p><\/p>\n\n<figure class=\"wp-block-gallery has-nested-images columns-default is-cropped wp-block-gallery-3 is-layout-flex wp-block-gallery-is-layout-flex\">\n<figure class=\"wp-block-image size-large\"><img data-recalc-dims=\"1\" loading=\"lazy\" decoding=\"async\" width=\"1024\" height=\"577\" data-id=\"140143\" src=\"https:\/\/i0.wp.com\/www.claret.org\/wp-content\/uploads\/2022\/12\/IMG-20221216-WA0013-1.jpg?resize=1024%2C577&#038;ssl=1\" alt=\"\" class=\"wp-image-140143\" title=\"\" srcset=\"https:\/\/www.claret.org\/wp-content\/uploads\/2022\/12\/IMG-20221216-WA0013-1-980x552.jpg 980w, https:\/\/www.claret.org\/wp-content\/uploads\/2022\/12\/IMG-20221216-WA0013-1-480x271.jpg 480w\" sizes=\"(min-width: 0px) and (max-width: 480px) 480px, (min-width: 481px) and (max-width: 980px) 980px, (min-width: 981px) 1024px, 100vw\" \/><\/figure>\n\n\n\n<figure class=\"wp-block-image size-large\"><img data-recalc-dims=\"1\" loading=\"lazy\" decoding=\"async\" width=\"1000\" height=\"750\" data-id=\"140149\" src=\"https:\/\/i0.wp.com\/www.claret.org\/wp-content\/uploads\/2022\/12\/IMG-20221216-WA0049.jpg?resize=1000%2C750&#038;ssl=1\" alt=\"\" class=\"wp-image-140149\" title=\"\" srcset=\"https:\/\/www.claret.org\/wp-content\/uploads\/2022\/12\/IMG-20221216-WA0049.jpg 1000w, https:\/\/www.claret.org\/wp-content\/uploads\/2022\/12\/IMG-20221216-WA0049-980x735.jpg 980w, https:\/\/www.claret.org\/wp-content\/uploads\/2022\/12\/IMG-20221216-WA0049-480x360.jpg 480w\" sizes=\"(min-width: 0px) and (max-width: 480px) 480px, (min-width: 481px) and (max-width: 980px) 980px, (min-width: 981px) 1000px, 100vw\" \/><\/figure>\n\n\n\n<figure class=\"wp-block-image size-large\"><img data-recalc-dims=\"1\" loading=\"lazy\" decoding=\"async\" width=\"1024\" height=\"682\" data-id=\"140161\" src=\"https:\/\/i0.wp.com\/www.claret.org\/wp-content\/uploads\/2022\/12\/IMG-20221220-WA0127.jpg?resize=1024%2C682&#038;ssl=1\" alt=\"\" class=\"wp-image-140161\" title=\"\" srcset=\"https:\/\/www.claret.org\/wp-content\/uploads\/2022\/12\/IMG-20221220-WA0127-1024x682.jpg 1024w, https:\/\/www.claret.org\/wp-content\/uploads\/2022\/12\/IMG-20221220-WA0127-980x653.jpg 980w, https:\/\/www.claret.org\/wp-content\/uploads\/2022\/12\/IMG-20221220-WA0127-480x320.jpg 480w\" sizes=\"(min-width: 0px) and (max-width: 480px) 480px, (min-width: 481px) and (max-width: 980px) 980px, (min-width: 981px) 1024px, 100vw\" \/><\/figure>\n<\/figure>\n","protected":false},"excerpt":{"rendered":"<p>Chennai, \u00cdndia: A Prov\u00edncia de Chennai ficou extremamente impressionada com a visita do Pe. Mathew Vattamattam CMF, Superior Geral, e do Pe. Pedro Belderrain CMF, Prefeito Geral de Apostolado de 15 a 20 de dezembro de 2022. Ap\u00f3s o XXVIII Cap\u00edtulo Geral, fizeram a primeira visita amig\u00e1vel \u00e0 nossa Prov\u00edncia em pouco tempo. Foi um [&hellip;]<\/p>\n","protected":false},"author":69,"featured_media":140171,"comment_status":"closed","ping_status":"closed","sticky":false,"template":"","format":"standard","meta":{"_et_pb_use_builder":"","_et_pb_old_content":"","_et_gb_content_width":"","footnotes":""},"categories":[220,230],"tags":[],"class_list":["post-140195","post","type-post","status-publish","format-standard","has-post-thumbnail","hentry","category-ascla-west-pt-pt","category-chennai-pt-pt"],"jetpack_featured_media_url":"https:\/\/i0.wp.com\/www.claret.org\/wp-content\/uploads\/2022\/12\/IMG-20221220-WA0243.jpg?fit=1208%2C559&ssl=1","jetpack_sharing_enabled":true,"jetpack_shortlink":"https:\/\/wp.me\/pdaBmi-Atd","jetpack_likes_enabled":true,"_links":{"self":[{"href":"https:\/\/www.claret.org\/pt-pt\/wp-json\/wp\/v2\/posts\/140195","targetHints":{"allow":["GET"]}}],"collection":[{"href":"https:\/\/www.claret.org\/pt-pt\/wp-json\/wp\/v2\/posts"}],"about":[{"href":"https:\/\/www.claret.org\/pt-pt\/wp-json\/wp\/v2\/types\/post"}],"author":[{"embeddable":true,"href":"https:\/\/www.claret.org\/pt-pt\/wp-json\/wp\/v2\/users\/69"}],"replies":[{"embeddable":true,"href":"https:\/\/www.claret.org\/pt-pt\/wp-json\/wp\/v2\/comments?post=140195"}],"version-history":[{"count":0,"href":"https:\/\/www.claret.org\/pt-pt\/wp-json\/wp\/v2\/posts\/140195\/revisions"}],"wp:featuredmedia":[{"embeddable":true,"href":"https:\/\/www.claret.org\/pt-pt\/wp-json\/wp\/v2\/media\/140171"}],"wp:attachment":[{"href":"https:\/\/www.claret.org\/pt-pt\/wp-json\/wp\/v2\/media?parent=140195"}],"wp:term":[{"taxonomy":"category","embeddable":true,"href":"https:\/\/www.claret.org\/pt-pt\/wp-json\/wp\/v2\/categories?post=140195"},{"taxonomy":"post_tag","embeddable":true,"href":"https:\/\/www.claret.org\/pt-pt\/wp-json\/wp\/v2\/tags?post=140195"}],"curies":[{"name":"wp","href":"https:\/\/api.w.org\/{rel}","templated":true}]}}