{"id":140632,"date":"2023-01-14T16:38:16","date_gmt":"2023-01-14T15:38:16","guid":{"rendered":"https:\/\/www.claret.org\/ordenacao-sacerdotal-de-male-jojappa-cmf\/"},"modified":"2023-01-14T21:48:32","modified_gmt":"2023-01-14T20:48:32","slug":"ordenacao-sacerdotal-de-male-jojappa-cmf","status":"publish","type":"post","link":"https:\/\/www.claret.org\/pt-pt\/ordenacao-sacerdotal-de-male-jojappa-cmf\/","title":{"rendered":"Ordena\u00e7\u00e3o Sacerdotal de Male Jojappa CMF"},"content":{"rendered":"\n<p><p><strong>Kurnool, \u00cdndia<\/strong>: O Di\u00e1cono Male Jojappa, CMF foi ordenado sacerdote no dia 09 de janeiro de 2023 pelo Revmo. M. D. Prakasam, Bispo de Nelore, na Igreja Nossa Senhora do Monte Carmelo Sunkeswari na diocese de Kurnool, a par\u00f3quia nativa de Jojappa. Foi uma celebra\u00e7\u00e3o \u00fanica e alegre n\u00e3o s\u00f3 para a fam\u00edlia de Jojappa, mas para toda a aldeia, pois a maioria das pessoas se juntou na prepara\u00e7\u00e3o e celebra\u00e7\u00e3o do evento solene.<\/p><\/p>\n\n<p><\/p>\n\n<figure class=\"wp-block-gallery has-nested-images columns-default is-cropped wp-block-gallery-1 is-layout-flex wp-block-gallery-is-layout-flex\">\n<figure class=\"wp-block-image size-large\"><img data-recalc-dims=\"1\" loading=\"lazy\" decoding=\"async\" width=\"1024\" height=\"681\" data-id=\"140589\" src=\"https:\/\/i0.wp.com\/www.claret.org\/wp-content\/uploads\/2023\/01\/MJ-O2.jpg?resize=1024%2C681&#038;ssl=1\" alt=\"\" class=\"wp-image-140589\" title=\"\" srcset=\"https:\/\/www.claret.org\/wp-content\/uploads\/2023\/01\/MJ-O2-980x652.jpg 980w, https:\/\/www.claret.org\/wp-content\/uploads\/2023\/01\/MJ-O2-480x319.jpg 480w\" sizes=\"(min-width: 0px) and (max-width: 480px) 480px, (min-width: 481px) and (max-width: 980px) 980px, (min-width: 981px) 1024px, 100vw\" \/><\/figure>\n\n\n\n<figure class=\"wp-block-image size-large\"><img data-recalc-dims=\"1\" loading=\"lazy\" decoding=\"async\" width=\"1024\" height=\"681\" data-id=\"140607\" src=\"https:\/\/i0.wp.com\/www.claret.org\/wp-content\/uploads\/2023\/01\/MJ-O4.jpg?resize=1024%2C681&#038;ssl=1\" alt=\"\" class=\"wp-image-140607\" title=\"\" srcset=\"https:\/\/www.claret.org\/wp-content\/uploads\/2023\/01\/MJ-O4-980x652.jpg 980w, https:\/\/www.claret.org\/wp-content\/uploads\/2023\/01\/MJ-O4-480x319.jpg 480w\" sizes=\"(min-width: 0px) and (max-width: 480px) 480px, (min-width: 481px) and (max-width: 980px) 980px, (min-width: 981px) 1024px, 100vw\" \/><\/figure>\n\n\n\n<figure class=\"wp-block-image size-large\"><img data-recalc-dims=\"1\" loading=\"lazy\" decoding=\"async\" width=\"1024\" height=\"681\" data-id=\"140595\" src=\"https:\/\/i0.wp.com\/www.claret.org\/wp-content\/uploads\/2023\/01\/MJ-O3.jpg?resize=1024%2C681&#038;ssl=1\" alt=\"\" class=\"wp-image-140595\" title=\"\" srcset=\"https:\/\/www.claret.org\/wp-content\/uploads\/2023\/01\/MJ-O3-980x652.jpg 980w, https:\/\/www.claret.org\/wp-content\/uploads\/2023\/01\/MJ-O3-480x319.jpg 480w\" sizes=\"(min-width: 0px) and (max-width: 480px) 480px, (min-width: 481px) and (max-width: 980px) 980px, (min-width: 981px) 1024px, 100vw\" \/><\/figure>\n\n\n\n<figure class=\"wp-block-image size-large\"><img data-recalc-dims=\"1\" loading=\"lazy\" decoding=\"async\" width=\"1024\" height=\"681\" data-id=\"140613\" src=\"https:\/\/i0.wp.com\/www.claret.org\/wp-content\/uploads\/2023\/01\/MJ-O5.jpg?resize=1024%2C681&#038;ssl=1\" alt=\"\" class=\"wp-image-140613\" title=\"\" srcset=\"https:\/\/www.claret.org\/wp-content\/uploads\/2023\/01\/MJ-O5-980x652.jpg 980w, https:\/\/www.claret.org\/wp-content\/uploads\/2023\/01\/MJ-O5-480x319.jpg 480w\" sizes=\"(min-width: 0px) and (max-width: 480px) 480px, (min-width: 481px) and (max-width: 980px) 980px, (min-width: 981px) 1024px, 100vw\" \/><\/figure>\n\n\n\n<figure class=\"wp-block-image size-large\"><img data-recalc-dims=\"1\" loading=\"lazy\" decoding=\"async\" width=\"1024\" height=\"681\" data-id=\"140601\" src=\"https:\/\/i0.wp.com\/www.claret.org\/wp-content\/uploads\/2023\/01\/MJ-O6.jpg?resize=1024%2C681&#038;ssl=1\" alt=\"\" class=\"wp-image-140601\" title=\"\" srcset=\"https:\/\/www.claret.org\/wp-content\/uploads\/2023\/01\/MJ-O6-980x652.jpg 980w, https:\/\/www.claret.org\/wp-content\/uploads\/2023\/01\/MJ-O6-480x319.jpg 480w\" sizes=\"(min-width: 0px) and (max-width: 480px) 480px, (min-width: 481px) and (max-width: 980px) 980px, (min-width: 981px) 1024px, 100vw\" \/><\/figure>\n<\/figure>\n","protected":false},"excerpt":{"rendered":"<p>Kurnool, \u00cdndia: O Di\u00e1cono Male Jojappa, CMF foi ordenado sacerdote no dia 09 de janeiro de 2023 pelo Revmo. M. D. Prakasam, Bispo de Nelore, na Igreja Nossa Senhora do Monte Carmelo Sunkeswari na diocese de Kurnool, a par\u00f3quia nativa de Jojappa. Foi uma celebra\u00e7\u00e3o \u00fanica e alegre n\u00e3o s\u00f3 para a fam\u00edlia de Jojappa, [&hellip;]<\/p>\n","protected":false},"author":69,"featured_media":140623,"comment_status":"closed","ping_status":"closed","sticky":false,"template":"","format":"standard","meta":{"_et_pb_use_builder":"","_et_pb_old_content":"","_et_gb_content_width":"","footnotes":""},"categories":[220,222,574],"tags":[],"class_list":["post-140632","post","type-post","status-publish","format-standard","has-post-thumbnail","hentry","category-ascla-west-pt-pt","category-bangalore-pt-pt","category-ordenacoes"],"jetpack_featured_media_url":"https:\/\/i0.wp.com\/www.claret.org\/wp-content\/uploads\/2023\/01\/MJ-O1-scaled.jpg?fit=2880%2C1580&ssl=1","jetpack_sharing_enabled":true,"jetpack_shortlink":"https:\/\/wp.me\/pdaBmi-AAg","jetpack_likes_enabled":true,"_links":{"self":[{"href":"https:\/\/www.claret.org\/pt-pt\/wp-json\/wp\/v2\/posts\/140632","targetHints":{"allow":["GET"]}}],"collection":[{"href":"https:\/\/www.claret.org\/pt-pt\/wp-json\/wp\/v2\/posts"}],"about":[{"href":"https:\/\/www.claret.org\/pt-pt\/wp-json\/wp\/v2\/types\/post"}],"author":[{"embeddable":true,"href":"https:\/\/www.claret.org\/pt-pt\/wp-json\/wp\/v2\/users\/69"}],"replies":[{"embeddable":true,"href":"https:\/\/www.claret.org\/pt-pt\/wp-json\/wp\/v2\/comments?post=140632"}],"version-history":[{"count":0,"href":"https:\/\/www.claret.org\/pt-pt\/wp-json\/wp\/v2\/posts\/140632\/revisions"}],"wp:featuredmedia":[{"embeddable":true,"href":"https:\/\/www.claret.org\/pt-pt\/wp-json\/wp\/v2\/media\/140623"}],"wp:attachment":[{"href":"https:\/\/www.claret.org\/pt-pt\/wp-json\/wp\/v2\/media?parent=140632"}],"wp:term":[{"taxonomy":"category","embeddable":true,"href":"https:\/\/www.claret.org\/pt-pt\/wp-json\/wp\/v2\/categories?post=140632"},{"taxonomy":"post_tag","embeddable":true,"href":"https:\/\/www.claret.org\/pt-pt\/wp-json\/wp\/v2\/tags?post=140632"}],"curies":[{"name":"wp","href":"https:\/\/api.w.org\/{rel}","templated":true}]}}