{"id":143721,"date":"2023-02-21T09:02:00","date_gmt":"2023-02-21T08:02:00","guid":{"rendered":"https:\/\/www.claret.org\/familia-claretiana-se-reune-em-madri-para-compartilhar-sonhos-e-compromissos\/"},"modified":"2023-02-24T14:38:08","modified_gmt":"2023-02-24T13:38:08","slug":"familia-claretiana-se-reune-em-madri-para-compartilhar-sonhos-e-compromissos","status":"publish","type":"post","link":"https:\/\/www.claret.org\/pt-pt\/familia-claretiana-se-reune-em-madri-para-compartilhar-sonhos-e-compromissos\/","title":{"rendered":"Fam\u00edlia Claretiana se re\u00fane em Madri para compartilhar sonhos e compromissos"},"content":{"rendered":"\n<p class=\"has-drop-cap\">Madri, Espanha: No dia 18 de fevereiro foi realizado um encontro da Fam\u00edlia Claretiana em Madri, no Col\u00e9gio Claret. Mission\u00e1rias Claretianas, Filia\u00e7\u00e3o Cordimariana, Leigos Claretianos e Mission\u00e1rios Claretianos se reuniram em um contexto de sinodalidade, com o objetivo de sentir e pensar com a Igreja, compartilhando sonhos, buscas, esperan\u00e7as, vida e miss\u00e3o em torno do mesmo carisma.<\/p>\n\n<p>Ap\u00f3s a ora\u00e7\u00e3o inicial e a sauda\u00e7\u00e3o do superior maior dos Mission\u00e1rios Claretianos da Prov\u00edncia de Santiago, Mar\u00eda del Mar \u00c1lvarez, vice-diretora geral da Filia\u00e7\u00e3o Cordimariana, fez uma breve apresenta\u00e7\u00e3o das conclus\u00f5es do \u00faltimo encontro mundial da Fam\u00edlia Claretiana, realizado em Roma, em dezembro de 2021. \u00c1lvarez aprofundou os tra\u00e7os carism\u00e1ticos essenciais da Fam\u00edlia Claretiana e os compromissos e projetos adquiridos naquele encontro.<\/p>\n\n<p>Entre os compromissos assumidos est\u00e3o a necessidade de dar a conhecer a Fam\u00edlia Claretiana com seu rico patrim\u00f4nio comum e o que \u00e9 pr\u00f3prio de cada institui\u00e7\u00e3o, promover projetos pastorais e desenvolver mecanismos de comunica\u00e7\u00e3o em rede familiar. Tamb\u00e9m falaram da urg\u00eancia de nomear um elo de cada um dos ramos para aprofundar o conhecimento m\u00fatuo atrav\u00e9s das reuni\u00f5es, criar uma equipe de coordena\u00e7\u00e3o para a Fam\u00edlia Claretiana em Madri e dotar a organiza\u00e7\u00e3o de personalidade jur\u00eddica.<\/p>\n\n<p>Na sess\u00e3o informativa, os Mission\u00e1rios Claretianos anunciaram as pr\u00f3ximas ordena\u00e7\u00f5es diaconais e a celebra\u00e7\u00e3o do cap\u00edtulo geral dos Mission\u00e1rios Claretianos em Rocca di Papa (It\u00e1lia) de 6 a 31 de julho. Tamb\u00e9m se informou sobre a pr\u00f3xima Assembleia Geral dos Leigos Claretianos em Bilbao e se destacou o 50\u00ba anivers\u00e1rio da aprova\u00e7\u00e3o pontif\u00edcia da institui\u00e7\u00e3o da Filia\u00e7\u00e3o Cordimariana.<\/p>\n\n<p>O encontro foi conclu\u00eddo com uma Eucaristia presidida pelo Pe. Adolfo Lamata, na qual exortou a transformar o mundo com a for\u00e7a do amor. Por fim, houve um \u00e1gape fraterno para compartilhar e agradecer pelo encontro.<\/p>\n\n<p>A Prov\u00edncia de Santiago \u00e9 a regi\u00e3o dos Mission\u00e1rios Claretianos que agrupa comunidades na Espanha, Fran\u00e7a, R\u00fassia e Su\u00ed\u00e7a.<\/p>\n\n<p><\/p>\n\n<figure class=\"wp-block-gallery has-nested-images columns-default is-cropped wp-block-gallery-1 is-layout-flex wp-block-gallery-is-layout-flex\">\n<figure class=\"wp-block-image size-large\"><img data-recalc-dims=\"1\" loading=\"lazy\" decoding=\"async\" width=\"600\" height=\"450\" data-id=\"143329\" src=\"https:\/\/i0.wp.com\/www.claret.org\/wp-content\/uploads\/2023\/02\/whatsapp_image_2023-02-20_at_09.43.32.jpeg?resize=600%2C450&#038;ssl=1\" alt=\"\" class=\"wp-image-143329\" title=\"\" srcset=\"https:\/\/www.claret.org\/wp-content\/uploads\/2023\/02\/whatsapp_image_2023-02-20_at_09.43.32.jpeg 600w, https:\/\/www.claret.org\/wp-content\/uploads\/2023\/02\/whatsapp_image_2023-02-20_at_09.43.32-480x360.jpeg 480w\" sizes=\"(min-width: 0px) and (max-width: 480px) 480px, (min-width: 481px) 600px, 100vw\" \/><\/figure>\n\n\n\n<figure class=\"wp-block-image size-large\"><img data-recalc-dims=\"1\" loading=\"lazy\" decoding=\"async\" width=\"600\" height=\"450\" data-id=\"143335\" src=\"https:\/\/i0.wp.com\/www.claret.org\/wp-content\/uploads\/2023\/02\/whatsapp_image_2023-02-20_at_09.43.33.jpeg?resize=600%2C450&#038;ssl=1\" alt=\"\" class=\"wp-image-143335\" title=\"\" srcset=\"https:\/\/www.claret.org\/wp-content\/uploads\/2023\/02\/whatsapp_image_2023-02-20_at_09.43.33.jpeg 600w, https:\/\/www.claret.org\/wp-content\/uploads\/2023\/02\/whatsapp_image_2023-02-20_at_09.43.33-480x360.jpeg 480w\" sizes=\"(min-width: 0px) and (max-width: 480px) 480px, (min-width: 481px) 600px, 100vw\" \/><\/figure>\n<\/figure>\n\n<p><\/p>\n","protected":false},"excerpt":{"rendered":"<p>Madri, Espanha: No dia 18 de fevereiro foi realizado um encontro da Fam\u00edlia Claretiana em Madri, no Col\u00e9gio Claret. Mission\u00e1rias Claretianas, Filia\u00e7\u00e3o Cordimariana, Leigos Claretianos e Mission\u00e1rios Claretianos se reuniram em um contexto de sinodalidade, com o objetivo de sentir e pensar com a Igreja, compartilhando sonhos, buscas, esperan\u00e7as, vida e miss\u00e3o em torno do [&hellip;]<\/p>\n","protected":false},"author":69,"featured_media":143327,"comment_status":"closed","ping_status":"closed","sticky":false,"template":"","format":"standard","meta":{"_et_pb_use_builder":"","_et_pb_old_content":"","_et_gb_content_width":"","footnotes":""},"categories":[280,529,339],"tags":[],"class_list":["post-143721","post","type-post","status-publish","format-standard","has-post-thumbnail","hentry","category-ecla-pt-pt","category-familia-claretiana-pt-pt","category-santiago-pt-pt"],"jetpack_featured_media_url":"https:\/\/i0.wp.com\/www.claret.org\/wp-content\/uploads\/2023\/02\/captura_de_pantalla_2023-02-20_a_las_9.45.41.png?fit=600%2C244&ssl=1","jetpack_sharing_enabled":true,"jetpack_shortlink":"https:\/\/wp.me\/pdaBmi-Bo5","jetpack_likes_enabled":true,"_links":{"self":[{"href":"https:\/\/www.claret.org\/pt-pt\/wp-json\/wp\/v2\/posts\/143721","targetHints":{"allow":["GET"]}}],"collection":[{"href":"https:\/\/www.claret.org\/pt-pt\/wp-json\/wp\/v2\/posts"}],"about":[{"href":"https:\/\/www.claret.org\/pt-pt\/wp-json\/wp\/v2\/types\/post"}],"author":[{"embeddable":true,"href":"https:\/\/www.claret.org\/pt-pt\/wp-json\/wp\/v2\/users\/69"}],"replies":[{"embeddable":true,"href":"https:\/\/www.claret.org\/pt-pt\/wp-json\/wp\/v2\/comments?post=143721"}],"version-history":[{"count":0,"href":"https:\/\/www.claret.org\/pt-pt\/wp-json\/wp\/v2\/posts\/143721\/revisions"}],"wp:featuredmedia":[{"embeddable":true,"href":"https:\/\/www.claret.org\/pt-pt\/wp-json\/wp\/v2\/media\/143327"}],"wp:attachment":[{"href":"https:\/\/www.claret.org\/pt-pt\/wp-json\/wp\/v2\/media?parent=143721"}],"wp:term":[{"taxonomy":"category","embeddable":true,"href":"https:\/\/www.claret.org\/pt-pt\/wp-json\/wp\/v2\/categories?post=143721"},{"taxonomy":"post_tag","embeddable":true,"href":"https:\/\/www.claret.org\/pt-pt\/wp-json\/wp\/v2\/tags?post=143721"}],"curies":[{"name":"wp","href":"https:\/\/api.w.org\/{rel}","templated":true}]}}