{"id":144012,"date":"2023-03-01T11:20:13","date_gmt":"2023-03-01T10:20:13","guid":{"rendered":"https:\/\/www.claret.org\/depois-de-muitos-anos-valencia-sauda-a-ordenacao-diaconal-de-um-claretiano\/"},"modified":"2023-03-01T13:33:53","modified_gmt":"2023-03-01T12:33:53","slug":"depois-de-muitos-anos-valencia-sauda-a-ordenacao-diaconal-de-um-claretiano","status":"publish","type":"post","link":"https:\/\/www.claret.org\/pt-pt\/depois-de-muitos-anos-valencia-sauda-a-ordenacao-diaconal-de-um-claretiano\/","title":{"rendered":"DEPOIS DE MUITOS ANOS, VAL\u00caNCIA SA\u00daDA A ORDENA\u00c7\u00c3O DIACONAL DE UM CLARETIANO"},"content":{"rendered":"\n<p class=\"has-drop-cap\"><p><strong>Val\u00eancia, Espanha<\/strong>. Em uma alegre cerim\u00f4nia realizada no s\u00e1bado, 25 de fevereiro de 2023, a par\u00f3quia de Fuensanta, em Val\u00eancia, testemunhou a ordena\u00e7\u00e3o de um novo di\u00e1cono claretiano, Rev. Carlos Puerto CMF. Este foi um momento significativo para os claretianos, pois nenhuma ordena\u00e7\u00e3o ocorreu em Val\u00eancia desde 1990.<\/p><\/p>\n\n<p>A cerim\u00f4nia teve in\u00edcio \u00e0s 18h00 com um ambiente festivo marcado pelo barulho de bombinhas e traques, t\u00edpicos da regi\u00e3o. O ato contou com a presen\u00e7a de familiares, amigos e claretianos de diversas casas.<\/p>\n\n<p>O Pe. Adolfo Lamata CMF, Superior Provincial de Santiago, deu as boas-vindas aos presentes, agradecendo a presen\u00e7a de todos neste momento t\u00e3o significativo para os claretianos. O grupo de jovens da escola Benimaclet animou o coral.<\/p>\n\n<p>O presidente da celebra\u00e7\u00e3o, Dom Lu\u00edz Angel animou o novo di\u00e1cono a viver toda a sua vida e a sentir-se como servidor dos irm\u00e3os, espiritualmente pronto para oferecer a Palavra e para oferecer-se aos mais necessitados, recordando sempre que deve estar em comunh\u00e3o com os pastores.<\/p>\n\n<p>Em sua resposta, o Di\u00e1como Puerto agradeceu aos presentes e expressou seu desejo de ser fiel \u00e0 voca\u00e7\u00e3o recebida. Declarou,<\/p>\n\n<blockquote class=\"wp-block-quote is-layout-flow wp-block-quote-is-layout-flow\">\n<p> \u201cContinuemos a servir aquele que nos envia para que o seu amor incendeie o mundo\u201d.<\/p>\n<\/blockquote>\n\n<p>A Prov\u00edncia de Santiago dos Mission\u00e1rios Claretianos inclui casas em diferentes pa\u00edses: Espanha, Fran\u00e7a, R\u00fassia e Su\u00ed\u00e7a.<\/p>\n\n<p><\/p>\n\n<p><p>Fonte | <em>Ignacio Virgilito<\/em>, diretor de Comunica\u00e7\u00f5es da Prov\u00edncia de Santiago<\/p><\/p>\n\n<p><\/p>\n\n<figure class=\"wp-block-gallery has-nested-images columns-default is-cropped wp-block-gallery-1 is-layout-flex wp-block-gallery-is-layout-flex\">\n<figure class=\"wp-block-image size-large\"><img data-recalc-dims=\"1\" loading=\"lazy\" decoding=\"async\" width=\"768\" height=\"1024\" data-id=\"143973\" src=\"https:\/\/i0.wp.com\/www.claret.org\/wp-content\/uploads\/2023\/03\/carlo_puerto_diacono.jpeg?resize=768%2C1024&#038;ssl=1\" alt=\"\" class=\"wp-image-143973\" title=\"\" srcset=\"https:\/\/www.claret.org\/wp-content\/uploads\/2023\/03\/carlo_puerto_diacono.jpeg 768w, https:\/\/www.claret.org\/wp-content\/uploads\/2023\/03\/carlo_puerto_diacono-480x640.jpeg 480w\" sizes=\"(min-width: 0px) and (max-width: 480px) 480px, (min-width: 481px) 768px, 100vw\" \/><\/figure>\n\n\n\n<figure class=\"wp-block-image size-large\"><img data-recalc-dims=\"1\" loading=\"lazy\" decoding=\"async\" width=\"768\" height=\"1024\" data-id=\"143979\" src=\"https:\/\/i0.wp.com\/www.claret.org\/wp-content\/uploads\/2023\/03\/img_5125.jpg?resize=768%2C1024&#038;ssl=1\" alt=\"\" class=\"wp-image-143979\" title=\"\" srcset=\"https:\/\/www.claret.org\/wp-content\/uploads\/2023\/03\/img_5125-768x1024.jpg 768w, https:\/\/www.claret.org\/wp-content\/uploads\/2023\/03\/img_5125-480x640.jpg 480w\" sizes=\"(min-width: 0px) and (max-width: 480px) 480px, (min-width: 481px) 768px, 100vw\" \/><\/figure>\n<\/figure>\n","protected":false},"excerpt":{"rendered":"<p>Val\u00eancia, Espanha. Em uma alegre cerim\u00f4nia realizada no s\u00e1bado, 25 de fevereiro de 2023, a par\u00f3quia de Fuensanta, em Val\u00eancia, testemunhou a ordena\u00e7\u00e3o de um novo di\u00e1cono claretiano, Rev. Carlos Puerto CMF. Este foi um momento significativo para os claretianos, pois nenhuma ordena\u00e7\u00e3o ocorreu em Val\u00eancia desde 1990. A cerim\u00f4nia teve in\u00edcio \u00e0s 18h00 com [&hellip;]<\/p>\n","protected":false},"author":69,"featured_media":143989,"comment_status":"closed","ping_status":"closed","sticky":false,"template":"","format":"standard","meta":{"_et_pb_use_builder":"","_et_pb_old_content":"","_et_gb_content_width":"","footnotes":""},"categories":[280,574,339],"tags":[],"class_list":["post-144012","post","type-post","status-publish","format-standard","has-post-thumbnail","hentry","category-ecla-pt-pt","category-ordenacoes","category-santiago-pt-pt"],"jetpack_featured_media_url":"https:\/\/i0.wp.com\/www.claret.org\/wp-content\/uploads\/2023\/03\/img_5123.jpg?fit=900%2C843&ssl=1","jetpack_sharing_enabled":true,"jetpack_shortlink":"https:\/\/wp.me\/pdaBmi-BsM","jetpack_likes_enabled":true,"_links":{"self":[{"href":"https:\/\/www.claret.org\/pt-pt\/wp-json\/wp\/v2\/posts\/144012","targetHints":{"allow":["GET"]}}],"collection":[{"href":"https:\/\/www.claret.org\/pt-pt\/wp-json\/wp\/v2\/posts"}],"about":[{"href":"https:\/\/www.claret.org\/pt-pt\/wp-json\/wp\/v2\/types\/post"}],"author":[{"embeddable":true,"href":"https:\/\/www.claret.org\/pt-pt\/wp-json\/wp\/v2\/users\/69"}],"replies":[{"embeddable":true,"href":"https:\/\/www.claret.org\/pt-pt\/wp-json\/wp\/v2\/comments?post=144012"}],"version-history":[{"count":0,"href":"https:\/\/www.claret.org\/pt-pt\/wp-json\/wp\/v2\/posts\/144012\/revisions"}],"wp:featuredmedia":[{"embeddable":true,"href":"https:\/\/www.claret.org\/pt-pt\/wp-json\/wp\/v2\/media\/143989"}],"wp:attachment":[{"href":"https:\/\/www.claret.org\/pt-pt\/wp-json\/wp\/v2\/media?parent=144012"}],"wp:term":[{"taxonomy":"category","embeddable":true,"href":"https:\/\/www.claret.org\/pt-pt\/wp-json\/wp\/v2\/categories?post=144012"},{"taxonomy":"post_tag","embeddable":true,"href":"https:\/\/www.claret.org\/pt-pt\/wp-json\/wp\/v2\/tags?post=144012"}],"curies":[{"name":"wp","href":"https:\/\/api.w.org\/{rel}","templated":true}]}}