{"id":146055,"date":"2023-03-31T12:00:00","date_gmt":"2023-03-31T10:00:00","guid":{"rendered":"https:\/\/www.claret.org\/equipar-e-animar-os-superiores-locais-da-provincia-da-nigeria-leste-para-realizar-seu-sonho-provincial\/"},"modified":"2023-03-31T14:06:13","modified_gmt":"2023-03-31T12:06:13","slug":"equipar-e-animar-os-superiores-locais-da-provincia-da-nigeria-leste-para-realizar-seu-sonho-provincial","status":"publish","type":"post","link":"https:\/\/www.claret.org\/pt-pt\/equipar-e-animar-os-superiores-locais-da-provincia-da-nigeria-leste-para-realizar-seu-sonho-provincial\/","title":{"rendered":"Equipar e Animar os Superiores Locais da Prov\u00edncia da Nig\u00e9ria Leste para realizar seu sonho provincial"},"content":{"rendered":"\n<p class=\"has-drop-cap\"><p><strong>New Owerri, Nig\u00e9ria<\/strong>. Os Mission\u00e1rios Claretianos da Prov\u00edncia da Nig\u00e9ria Leste realizaram um semin\u00e1rio e workshop de um dia para seus 17 Superiores Locais em 30 de mar\u00e7o de 2023 na C\u00faria Provincial em New Owerri. Os Superiores Locais das miss\u00f5es do norte, no entanto, n\u00e3o aderiram porque ter\u00e3o o mesmo programa no final do ano.<\/p><\/p>\n\n<p>O workshop, o primeiro do g\u00eanero ap\u00f3s a celebra\u00e7\u00e3o de seu VIII Cap\u00edtulo Provincial em junho de 2022, \u00e9 uma realiza\u00e7\u00e3o do que a Prov\u00edncia sonhou durante o Cap\u00edtulo. Visava equipar os Superiores Locais para poderem animar as suas comunidades e revitalizar o zelo dos membros da comunidade. \u00c9 tamb\u00e9m injetar vida nova nas comunidades, capacitar os membros para maior envolvimento e dedica\u00e7\u00e3o em seus diferentes apostolados. Da mesma forma, \u00e9 ajud\u00e1-los a crescer individualmente e como claretianos respons\u00e1veis por si mesmos e pelas comunidades em miss\u00e3o com o sonho comum de ir audaciosamente \u00e0s periferias para evangelizar e animar a propaga\u00e7\u00e3o do Evangelho.<\/p>\n\n<p><\/p>\n\n<figure class=\"wp-block-gallery has-nested-images columns-default is-cropped wp-block-gallery-1 is-layout-flex wp-block-gallery-is-layout-flex\">\n<figure class=\"wp-block-image size-large\"><img data-recalc-dims=\"1\" loading=\"lazy\" decoding=\"async\" width=\"1024\" height=\"514\" data-id=\"146019\" src=\"https:\/\/i0.wp.com\/www.claret.org\/wp-content\/uploads\/2023\/03\/Local-Superiors-Seminar-And-Workshop-March-2023-11-1.jpg?resize=1024%2C514&#038;ssl=1\" alt=\"\" class=\"wp-image-146019\" title=\"\" srcset=\"https:\/\/www.claret.org\/wp-content\/uploads\/2023\/03\/Local-Superiors-Seminar-And-Workshop-March-2023-11-1-980x492.jpg 980w, https:\/\/www.claret.org\/wp-content\/uploads\/2023\/03\/Local-Superiors-Seminar-And-Workshop-March-2023-11-1-480x241.jpg 480w\" sizes=\"(min-width: 0px) and (max-width: 480px) 480px, (min-width: 481px) and (max-width: 980px) 980px, (min-width: 981px) 1024px, 100vw\" \/><\/figure>\n\n\n\n<figure class=\"wp-block-image size-large\"><img data-recalc-dims=\"1\" loading=\"lazy\" decoding=\"async\" width=\"1024\" height=\"461\" data-id=\"145983\" src=\"https:\/\/i0.wp.com\/www.claret.org\/wp-content\/uploads\/2023\/03\/Local-Superiors-Seminar-And-Workshop-March-2023-2.jpg?resize=1024%2C461&#038;ssl=1\" alt=\"\" class=\"wp-image-145983\" title=\"\" srcset=\"https:\/\/www.claret.org\/wp-content\/uploads\/2023\/03\/Local-Superiors-Seminar-And-Workshop-March-2023-2-980x441.jpg 980w, https:\/\/www.claret.org\/wp-content\/uploads\/2023\/03\/Local-Superiors-Seminar-And-Workshop-March-2023-2-480x216.jpg 480w\" sizes=\"(min-width: 0px) and (max-width: 480px) 480px, (min-width: 481px) and (max-width: 980px) 980px, (min-width: 981px) 1024px, 100vw\" \/><\/figure>\n\n\n\n<figure class=\"wp-block-image size-large\"><img data-recalc-dims=\"1\" loading=\"lazy\" decoding=\"async\" width=\"1024\" height=\"449\" data-id=\"145995\" src=\"https:\/\/i0.wp.com\/www.claret.org\/wp-content\/uploads\/2023\/03\/Local-Superiors-Seminar-And-Workshop-March-2023-10.jpg?resize=1024%2C449&#038;ssl=1\" alt=\"\" class=\"wp-image-145995\" title=\"\" srcset=\"https:\/\/www.claret.org\/wp-content\/uploads\/2023\/03\/Local-Superiors-Seminar-And-Workshop-March-2023-10-980x430.jpg 980w, https:\/\/www.claret.org\/wp-content\/uploads\/2023\/03\/Local-Superiors-Seminar-And-Workshop-March-2023-10-480x211.jpg 480w\" sizes=\"(min-width: 0px) and (max-width: 480px) 480px, (min-width: 481px) and (max-width: 980px) 980px, (min-width: 981px) 1024px, 100vw\" \/><\/figure>\n<\/figure>\n\n<p><\/p>\n\n<p>Os membros do Conselho Provincial animaram e moderaram o workshop. As diferentes Prefeituras se revezaram para apresentar as diferentes se\u00e7\u00f5es do Plano de A\u00e7\u00e3o Provincial derivado do Documento do VIII Cap\u00edtulo Provincial. Os n\u00fameros 102 a 110 das Constitui\u00e7\u00f5es da Congrega\u00e7\u00e3o foram explicados a eles, enfatizando a voca\u00e7\u00e3o que os superiores recebem \u2013 animados de amor, paci\u00eancia e esp\u00edrito dial\u00f3gico \u2013 e a voca\u00e7\u00e3o de l\u00edderes. Foram convidados a trabalhar em comunh\u00e3o, com um s\u00f3 cora\u00e7\u00e3o com suas respectivas comunidades locais, sua Prov\u00edncia, a Congrega\u00e7\u00e3o universal e a Igreja universal em geral.<\/p>\n\n<p><p>No workshop, os participantes tiveram tempo para discutir em grupos e expressar ideias sobre maneiras de melhorar a viv\u00eancia do chamado puro e aut\u00eantico a ser enraizado e audacioso na miss\u00e3o como Prov\u00edncia, seu objetivo capitular. Eles apreciaram a experi\u00eancia de forma encantadora e expressaram sua vontade de ter tais encontros animados com frequ\u00eancia.<\/p><\/p>\n\n<p>Por fim, foi-lhes entregue um exemplar do Sonho da Prov\u00edncia, colocado dentro de uma moldura, como s\u00edmbolo de partilha coletiva e aceita\u00e7\u00e3o unificada para colocar todos os arsenais necess\u00e1rios para a sua concretiza\u00e7\u00e3o. O evento terminou com um almo\u00e7o partilhado.<\/p>\n\n<p><p>Fonte| Pe. Dominic Ukpong, CMF, <em>Secret\u00e1rio Provincial, Nig\u00e9ria Leste<\/em>.<\/p><\/p>\n\n<p><\/p>\n\n<figure class=\"wp-block-gallery has-nested-images columns-default is-cropped wp-block-gallery-2 is-layout-flex wp-block-gallery-is-layout-flex\">\n<figure class=\"wp-block-image size-large\"><img data-recalc-dims=\"1\" loading=\"lazy\" decoding=\"async\" width=\"1024\" height=\"768\" data-id=\"146025\" src=\"https:\/\/i0.wp.com\/www.claret.org\/wp-content\/uploads\/2023\/03\/Local-Superiors-Seminar-And-Workshop-March-2023-6.jpg?resize=1024%2C768&#038;ssl=1\" alt=\"\" class=\"wp-image-146025\" title=\"\" srcset=\"https:\/\/www.claret.org\/wp-content\/uploads\/2023\/03\/Local-Superiors-Seminar-And-Workshop-March-2023-6-980x735.jpg 980w, https:\/\/www.claret.org\/wp-content\/uploads\/2023\/03\/Local-Superiors-Seminar-And-Workshop-March-2023-6-480x360.jpg 480w\" sizes=\"(min-width: 0px) and (max-width: 480px) 480px, (min-width: 481px) and (max-width: 980px) 980px, (min-width: 981px) 1024px, 100vw\" \/><\/figure>\n\n\n\n<figure class=\"wp-block-image size-large\"><img data-recalc-dims=\"1\" loading=\"lazy\" decoding=\"async\" width=\"1024\" height=\"449\" data-id=\"146013\" src=\"https:\/\/i0.wp.com\/www.claret.org\/wp-content\/uploads\/2023\/03\/Local-Superiors-Seminar-And-Workshop-March-2023-12.jpg?resize=1024%2C449&#038;ssl=1\" alt=\"\" class=\"wp-image-146013\" title=\"\" srcset=\"https:\/\/www.claret.org\/wp-content\/uploads\/2023\/03\/Local-Superiors-Seminar-And-Workshop-March-2023-12-980x430.jpg 980w, https:\/\/www.claret.org\/wp-content\/uploads\/2023\/03\/Local-Superiors-Seminar-And-Workshop-March-2023-12-480x211.jpg 480w\" sizes=\"(min-width: 0px) and (max-width: 480px) 480px, (min-width: 481px) and (max-width: 980px) 980px, (min-width: 981px) 1024px, 100vw\" \/><\/figure>\n\n\n\n<figure class=\"wp-block-image size-large\"><img data-recalc-dims=\"1\" loading=\"lazy\" decoding=\"async\" width=\"1024\" height=\"633\" data-id=\"146037\" src=\"https:\/\/i0.wp.com\/www.claret.org\/wp-content\/uploads\/2023\/03\/Local-Superiors-Seminar-And-Workshop-March-2023-4-1.jpg?resize=1024%2C633&#038;ssl=1\" alt=\"\" class=\"wp-image-146037\" title=\"\" srcset=\"https:\/\/www.claret.org\/wp-content\/uploads\/2023\/03\/Local-Superiors-Seminar-And-Workshop-March-2023-4-1-980x606.jpg 980w, https:\/\/www.claret.org\/wp-content\/uploads\/2023\/03\/Local-Superiors-Seminar-And-Workshop-March-2023-4-1-480x297.jpg 480w\" sizes=\"(min-width: 0px) and (max-width: 480px) 480px, (min-width: 481px) and (max-width: 980px) 980px, (min-width: 981px) 1024px, 100vw\" \/><\/figure>\n<\/figure>\n\n<p><span id=\"docs-internal-guid-c2c87b5b-7fff-66d5-bd02-71b160f7492a\"><p dir=\"ltr\" style=\"line-height: 1.38; margin-top: 0pt; margin-bottom: 10pt;\"><\/p><\/span><\/p>\n","protected":false},"excerpt":{"rendered":"<p>New Owerri, Nig\u00e9ria. Os Mission\u00e1rios Claretianos da Prov\u00edncia da Nig\u00e9ria Leste realizaram um semin\u00e1rio e workshop de um dia para seus 17 Superiores Locais em 30 de mar\u00e7o de 2023 na C\u00faria Provincial em New Owerri. Os Superiores Locais das miss\u00f5es do norte, no entanto, n\u00e3o aderiram porque ter\u00e3o o mesmo programa no final do [&hellip;]<\/p>\n","protected":false},"author":69,"featured_media":146047,"comment_status":"closed","ping_status":"closed","sticky":false,"template":"","format":"standard","meta":{"_et_pb_use_builder":"","_et_pb_old_content":"","_et_gb_content_width":"","footnotes":""},"categories":[143],"tags":[],"class_list":["post-146055","post","type-post","status-publish","format-standard","has-post-thumbnail","hentry","category-east-nigeria-pt-pt"],"jetpack_featured_media_url":"https:\/\/i0.wp.com\/www.claret.org\/wp-content\/uploads\/2023\/03\/Local-Superiors-Seminar-And-Workshop-March-2023-1-1-scaled.jpg?fit=2880%2C1541&ssl=1","jetpack_sharing_enabled":true,"jetpack_shortlink":"https:\/\/wp.me\/pdaBmi-BZJ","jetpack_likes_enabled":true,"_links":{"self":[{"href":"https:\/\/www.claret.org\/pt-pt\/wp-json\/wp\/v2\/posts\/146055","targetHints":{"allow":["GET"]}}],"collection":[{"href":"https:\/\/www.claret.org\/pt-pt\/wp-json\/wp\/v2\/posts"}],"about":[{"href":"https:\/\/www.claret.org\/pt-pt\/wp-json\/wp\/v2\/types\/post"}],"author":[{"embeddable":true,"href":"https:\/\/www.claret.org\/pt-pt\/wp-json\/wp\/v2\/users\/69"}],"replies":[{"embeddable":true,"href":"https:\/\/www.claret.org\/pt-pt\/wp-json\/wp\/v2\/comments?post=146055"}],"version-history":[{"count":0,"href":"https:\/\/www.claret.org\/pt-pt\/wp-json\/wp\/v2\/posts\/146055\/revisions"}],"wp:featuredmedia":[{"embeddable":true,"href":"https:\/\/www.claret.org\/pt-pt\/wp-json\/wp\/v2\/media\/146047"}],"wp:attachment":[{"href":"https:\/\/www.claret.org\/pt-pt\/wp-json\/wp\/v2\/media?parent=146055"}],"wp:term":[{"taxonomy":"category","embeddable":true,"href":"https:\/\/www.claret.org\/pt-pt\/wp-json\/wp\/v2\/categories?post=146055"},{"taxonomy":"post_tag","embeddable":true,"href":"https:\/\/www.claret.org\/pt-pt\/wp-json\/wp\/v2\/tags?post=146055"}],"curies":[{"name":"wp","href":"https:\/\/api.w.org\/{rel}","templated":true}]}}