{"id":146444,"date":"2023-04-20T17:00:00","date_gmt":"2023-04-20T15:00:00","guid":{"rendered":"https:\/\/www.claret.org\/?p=146444"},"modified":"2023-04-20T14:58:10","modified_gmt":"2023-04-20T12:58:10","slug":"itvr-de-madri-conclui-a-52a-semana-nacional-dos-institutos-de-vida-religiosa","status":"publish","type":"post","link":"https:\/\/www.claret.org\/pt-pt\/itvr-de-madri-conclui-a-52a-semana-nacional-dos-institutos-de-vida-religiosa\/","title":{"rendered":"ITVR de Madri conclui a 52\u00aa Semana Nacional dos Institutos de Vida Religiosa"},"content":{"rendered":"\n<p class=\"has-drop-cap\"><strong>Madri, Espanha.<\/strong> O Instituto de Vida Religiosa (ITVR) de Madri organizou com sucesso a 52\u00aa Semana Nacional dos Institutos de Vida Religiosa de 12 a 15 de abril de 2023 com onze confer\u00eancias educativas, di\u00e1logos, uma mesa redonda , um concerto-ora\u00e7\u00e3o e celebra\u00e7\u00f5es eucar\u00edsticas di\u00e1rias.<\/p>\n\n<p>Pe. Antonio Bellella, CMF, Diretor do Instituto, inaugurou o evento na Aula Magna do CEU da Universidade San Pablo, afirmando que o objetivo \u00e9 oferecer <em>&#8220;uma reflex\u00e3o serena sobre a esperan\u00e7a, entendendo-a como ela \u00e9: uma virtude teologal que mostra sua efic\u00e1cia na vida cotidiana que nos rodeia&#8221;<\/em>. A presen\u00e7a no evento preencheu a capacidade dispon\u00edvel para os presentes no local. Al\u00e9m disso, mais de duzentas comunidades religiosas na Espanha e em outros pa\u00edses acompanharam o evento via streaming.<\/p>\n\n<p>Da mesa presidencial do primeiro dia, Sua Excel\u00eancia Dom Bernardito Auza, N\u00fancio Apost\u00f3lico, tamb\u00e9m cumprimentou os presentes, parabenizando os organizadores deste evento e enfatizando a import\u00e2ncia das \u00faltimas mensagens do Papa Francisco aos consagrados. O cardeal claretiano Aquilino Bocos, CMF, dirigiu aos participantes palavras fraternas e cheias de afeto, recordando a todos a ora\u00e7\u00e3o <em>&#8220;de um homem excepcional, o cardeal Eduardo Pironio, que esperamos ver em breve nos altares&#8221;.<\/em><\/p>\n\n<p>Pe. Adolfo Lamata CMF, Provincial da Prov\u00edncia Claretiana de Santiago, encorajou os presentes a aprender a arte de tecer redes de rela\u00e7\u00f5es a servi\u00e7o da esperan\u00e7a, seguindo o exemplo de seu fundador, Santo Ant\u00f4nio Maria Claret. Falando em nome do Pe. Mathew Vattamattam, Superior Geral dos Mission\u00e1rios Claretianos e presidente do Instituto Teol\u00f3gico de Vida Religiosa, Pe. Adolfo exortou os participantes a <em>&#8220;se tornarem tecel\u00f5es e buscadores de itiner\u00e1rios de esperan\u00e7a durante estes dias&#8221;.<\/em> Posteriormente, o Ir. Jes\u00fas Miguel Zamora, Secret\u00e1rio Geral da Confer\u00eancia Espanhola de Religiosos (CONFER), exortou os consagrados a serem mais do que meras testemunhas na sociedade e na Igreja, seguindo o exemplo daqueles que os precederam.<\/p>\n\n<p><\/p>\n\n<p><\/p>\n\n<figure class=\"wp-block-gallery has-nested-images columns-default is-cropped wp-block-gallery-1 is-layout-flex wp-block-gallery-is-layout-flex\">\n<figure class=\"wp-block-image size-large\"><img data-recalc-dims=\"1\" loading=\"lazy\" decoding=\"async\" width=\"1024\" height=\"619\" data-id=\"146401\" src=\"https:\/\/i0.wp.com\/www.claret.org\/wp-content\/uploads\/2023\/04\/IMG-20230418-WA0012.jpg?resize=1024%2C619&#038;ssl=1\" alt=\"\" class=\"wp-image-146401\" title=\"\" srcset=\"https:\/\/www.claret.org\/wp-content\/uploads\/2023\/04\/IMG-20230418-WA0012-980x592.jpg 980w, https:\/\/www.claret.org\/wp-content\/uploads\/2023\/04\/IMG-20230418-WA0012-480x290.jpg 480w\" sizes=\"(min-width: 0px) and (max-width: 480px) 480px, (min-width: 481px) and (max-width: 980px) 980px, (min-width: 981px) 1024px, 100vw\" \/><\/figure>\n\n\n\n<figure class=\"wp-block-image size-large\"><img data-recalc-dims=\"1\" loading=\"lazy\" decoding=\"async\" width=\"1024\" height=\"667\" data-id=\"146395\" src=\"https:\/\/i0.wp.com\/www.claret.org\/wp-content\/uploads\/2023\/04\/IMG-20230418-WA0015.jpg?resize=1024%2C667&#038;ssl=1\" alt=\"\" class=\"wp-image-146395\" title=\"\" srcset=\"https:\/\/www.claret.org\/wp-content\/uploads\/2023\/04\/IMG-20230418-WA0015-980x639.jpg 980w, https:\/\/www.claret.org\/wp-content\/uploads\/2023\/04\/IMG-20230418-WA0015-480x313.jpg 480w\" sizes=\"(min-width: 0px) and (max-width: 480px) 480px, (min-width: 481px) and (max-width: 980px) 980px, (min-width: 981px) 1024px, 100vw\" \/><\/figure>\n\n\n\n<figure class=\"wp-block-image size-large\"><img data-recalc-dims=\"1\" loading=\"lazy\" decoding=\"async\" width=\"1024\" height=\"531\" data-id=\"146383\" src=\"https:\/\/i0.wp.com\/www.claret.org\/wp-content\/uploads\/2023\/04\/IMG-20230418-WA0004.jpg?resize=1024%2C531&#038;ssl=1\" alt=\"\" class=\"wp-image-146383\" title=\"\" srcset=\"https:\/\/www.claret.org\/wp-content\/uploads\/2023\/04\/IMG-20230418-WA0004-980x508.jpg 980w, https:\/\/www.claret.org\/wp-content\/uploads\/2023\/04\/IMG-20230418-WA0004-480x249.jpg 480w\" sizes=\"(min-width: 0px) and (max-width: 480px) 480px, (min-width: 481px) and (max-width: 980px) 980px, (min-width: 981px) 1024px, 100vw\" \/><\/figure>\n<\/figure>\n\n<p><\/p>\n\n<p><\/p>\n\n<p>Entre os ilustres convidados estavam Nadia Coppa, ASC, Presidente da UISG (Uni\u00e3o Internacional das Superioras Gerais) &#8211; pela primeira vez na Espanha -; Liliana Franco, ODN, CLAR (Confer\u00eancia Latino-Americana de Religiosos) Presidente; e Mariano Delgado, Decano da Faculdade de Teologia da Universidade de Friburgo (Su\u00ed\u00e7a). Al\u00e9m disso, as apresenta\u00e7\u00f5es dos sacerdotes claretianos, Antonio S\u00e1nchez Orantos e Anthony Igbokwe, foram elogiadas por sua an\u00e1lise aprofundada da esperan\u00e7a e da vida consagrada como caminho da utopia evang\u00e9lica rumo \u00e0 realiza\u00e7\u00e3o.<\/p>\n\n<p>Na mesa redonda do dia 14, religiosos e sacerdotes compartilharam suas experi\u00eancias sobre solidariedade, discernimento e o desafio da interculturalidade. V\u00e1rios bispos e cardeais, como os cardeais arcebispo Carlos Osoro e arcebispo Aquilino Bocos, CMF, e os bispos, arcebispo Vicente Jim\u00e9nez, arcebispo Luis \u00c1ngel de las Heras, CMF, e arcebispo Fernando Prado, CMF, participaram ativamente do evento, consolidando-o como um dos eventos mais esperados na Igreja da Espanha.<\/p>\n\n<p><strong>Instituto de Vida Religiosa (ITVR) de Madri<\/strong><\/p>\n\n<p>\u00c9 um centro superior de pesquisa e ensino fundado em 1971 pelos Mission\u00e1rios Claretianos. \u00c9 uma Se\u00e7\u00e3o da Faculdade de Teologia da Pontif\u00edcia Universidade de Salamanca (Campus de Madri) dedicada ao estudo e \u00e0 reflex\u00e3o sobre a vida consagrada a partir de v\u00e1rias perspectivas teol\u00f3gicas e pr\u00e1ticas.<\/p>\n\n<p>Fontes | Ignacio Virgilito, <em>Diretor de Comunica\u00e7\u00f5es da Prov\u00edncia de Santiago<\/em><\/p>\n\n<p><\/p>\n\n<p><\/p>\n\n<figure class=\"wp-block-gallery has-nested-images columns-default is-cropped wp-block-gallery-2 is-layout-flex wp-block-gallery-is-layout-flex\">\n<figure class=\"wp-block-image size-full\"><img data-recalc-dims=\"1\" loading=\"lazy\" decoding=\"async\" width=\"742\" height=\"412\" data-id=\"146425\" src=\"https:\/\/i0.wp.com\/www.claret.org\/wp-content\/uploads\/2023\/04\/IMG-20230418-WA0007.jpg?resize=742%2C412&#038;ssl=1\" alt=\"\" class=\"wp-image-146425\" title=\"\" srcset=\"https:\/\/www.claret.org\/wp-content\/uploads\/2023\/04\/IMG-20230418-WA0007.jpg 742w, https:\/\/www.claret.org\/wp-content\/uploads\/2023\/04\/IMG-20230418-WA0007-480x267.jpg 480w\" sizes=\"(min-width: 0px) and (max-width: 480px) 480px, (min-width: 481px) 742px, 100vw\" \/><\/figure>\n\n\n\n<figure class=\"wp-block-image size-large\"><img data-recalc-dims=\"1\" loading=\"lazy\" decoding=\"async\" width=\"1024\" height=\"582\" data-id=\"146417\" src=\"https:\/\/i0.wp.com\/www.claret.org\/wp-content\/uploads\/2023\/04\/IMG-20230418-WA0005.jpg?resize=1024%2C582&#038;ssl=1\" alt=\"\" class=\"wp-image-146417\" title=\"\" srcset=\"https:\/\/www.claret.org\/wp-content\/uploads\/2023\/04\/IMG-20230418-WA0005-980x557.jpg 980w, https:\/\/www.claret.org\/wp-content\/uploads\/2023\/04\/IMG-20230418-WA0005-480x273.jpg 480w\" sizes=\"(min-width: 0px) and (max-width: 480px) 480px, (min-width: 481px) and (max-width: 980px) 980px, (min-width: 981px) 1024px, 100vw\" \/><\/figure>\n\n\n\n<figure class=\"wp-block-image size-large\"><img data-recalc-dims=\"1\" loading=\"lazy\" decoding=\"async\" width=\"1024\" height=\"677\" data-id=\"146412\" src=\"https:\/\/i0.wp.com\/www.claret.org\/wp-content\/uploads\/2023\/04\/IMG-20230418-WA0008-1.jpg?resize=1024%2C677&#038;ssl=1\" alt=\"\" class=\"wp-image-146412\" title=\"\" srcset=\"https:\/\/www.claret.org\/wp-content\/uploads\/2023\/04\/IMG-20230418-WA0008-1-980x648.jpg 980w, https:\/\/www.claret.org\/wp-content\/uploads\/2023\/04\/IMG-20230418-WA0008-1-480x317.jpg 480w\" sizes=\"(min-width: 0px) and (max-width: 480px) 480px, (min-width: 481px) and (max-width: 980px) 980px, (min-width: 981px) 1024px, 100vw\" \/><\/figure>\n<\/figure>\n","protected":false},"excerpt":{"rendered":"<p>Madri, Espanha. O Instituto de Vida Religiosa (ITVR) de Madri organizou com sucesso a 52\u00aa Semana Nacional dos Institutos de Vida Religiosa de 12 a 15 de abril de 2023 com onze confer\u00eancias educativas, di\u00e1logos, uma mesa redonda , um concerto-ora\u00e7\u00e3o e celebra\u00e7\u00f5es eucar\u00edsticas di\u00e1rias. Pe. Antonio Bellella, CMF, Diretor do Instituto, inaugurou o evento [&hellip;]<\/p>\n","protected":false},"author":1,"featured_media":146435,"comment_status":"closed","ping_status":"closed","sticky":false,"template":"","format":"standard","meta":{"_et_pb_use_builder":"","_et_pb_old_content":"","_et_gb_content_width":"","footnotes":""},"categories":[418],"tags":[],"class_list":["post-146444","post","type-post","status-publish","format-standard","has-post-thumbnail","hentry","category-vida-consagrada-pt-pt"],"jetpack_featured_media_url":"https:\/\/i0.wp.com\/www.claret.org\/wp-content\/uploads\/2023\/04\/IMG-20230418-WA0003-1.jpg?fit=1599%2C649&ssl=1","jetpack_sharing_enabled":true,"jetpack_shortlink":"https:\/\/wp.me\/pdaBmi-C60","jetpack_likes_enabled":true,"_links":{"self":[{"href":"https:\/\/www.claret.org\/pt-pt\/wp-json\/wp\/v2\/posts\/146444","targetHints":{"allow":["GET"]}}],"collection":[{"href":"https:\/\/www.claret.org\/pt-pt\/wp-json\/wp\/v2\/posts"}],"about":[{"href":"https:\/\/www.claret.org\/pt-pt\/wp-json\/wp\/v2\/types\/post"}],"author":[{"embeddable":true,"href":"https:\/\/www.claret.org\/pt-pt\/wp-json\/wp\/v2\/users\/1"}],"replies":[{"embeddable":true,"href":"https:\/\/www.claret.org\/pt-pt\/wp-json\/wp\/v2\/comments?post=146444"}],"version-history":[{"count":0,"href":"https:\/\/www.claret.org\/pt-pt\/wp-json\/wp\/v2\/posts\/146444\/revisions"}],"wp:featuredmedia":[{"embeddable":true,"href":"https:\/\/www.claret.org\/pt-pt\/wp-json\/wp\/v2\/media\/146435"}],"wp:attachment":[{"href":"https:\/\/www.claret.org\/pt-pt\/wp-json\/wp\/v2\/media?parent=146444"}],"wp:term":[{"taxonomy":"category","embeddable":true,"href":"https:\/\/www.claret.org\/pt-pt\/wp-json\/wp\/v2\/categories?post=146444"},{"taxonomy":"post_tag","embeddable":true,"href":"https:\/\/www.claret.org\/pt-pt\/wp-json\/wp\/v2\/tags?post=146444"}],"curies":[{"name":"wp","href":"https:\/\/api.w.org\/{rel}","templated":true}]}}