{"id":146616,"date":"2023-04-21T12:00:00","date_gmt":"2023-04-21T10:00:00","guid":{"rendered":"https:\/\/www.claret.org\/curso-para-novos-secretarios-das-provincias-e-delegacoes-claretianas-realizado-em-roma\/"},"modified":"2023-04-21T15:33:56","modified_gmt":"2023-04-21T13:33:56","slug":"curso-para-novos-secretarios-das-provincias-e-delegacoes-claretianas-realizado-em-roma","status":"publish","type":"post","link":"https:\/\/www.claret.org\/pt-pt\/curso-para-novos-secretarios-das-provincias-e-delegacoes-claretianas-realizado-em-roma\/","title":{"rendered":"Curso para Novos Secret\u00e1rios das Prov\u00edncias e Delega\u00e7\u00f5es Claretianas realizado em Roma"},"content":{"rendered":"\n<p class=\"has-drop-cap\"><strong>Roma, It\u00e1lia. <\/strong>Secret\u00e1rios Provinciais\/Delega\u00e7\u00f5es rec\u00e9m-nomeados realizaram o Curso de Secret\u00e1rio ministrado pelo Secretariado Geral na C\u00faria Geral em Roma de 13 a 19 de abril de 2023. Treze novos secret\u00e1rios dos diferentes Organismos Maiores da Congrega\u00e7\u00e3o mais o Secret\u00e1rio Geral de &lt; a href=&#8221;https:\/\/www.schoenstatt.org\/it\/tag\/padri-di-schoenstatt\/&#8221;&gt;<em>Padres de Schoenstatt<\/em> a congrega\u00e7\u00e3o participou do referido curso que visava proporcionar as ferramentas e recursos necess\u00e1rios para se destacar na fun\u00e7\u00e3o de secretaria.<\/p>\n\n<p>O curso durou sete dias, com cada dia repleto de sess\u00f5es informativas e workshops. Ao longo do curso, os participantes aprofundaram temas como <a href=\"https:\/\/www.claret.org\/pt-pt\/atualizacoes-na-area-de-comunicacao-da-congregacao\/\">iClaret<\/a> e comunica\u00e7\u00e3o dentro da congrega\u00e7\u00e3o, fun\u00e7\u00f5es de secret\u00e1rio, processo de admiss\u00e3o, profiss\u00e3o, renova\u00e7\u00e3o e ordena\u00e7\u00f5es, casas e resid\u00eancias, deveres do secret\u00e1rio local, normas emergentes da Igreja, gest\u00e3o de arquivos, elei\u00e7\u00f5es e procedimentos de vota\u00e7\u00e3o, prote\u00e7\u00e3o de menores e medidas de preven\u00e7\u00e3o de abuso sexual, etc.<\/p>\n\n<p><\/p>\n\n<figure class=\"wp-block-gallery has-nested-images columns-default is-cropped wp-block-gallery-1 is-layout-flex wp-block-gallery-is-layout-flex\">\n<figure class=\"wp-block-image size-large\"><img data-recalc-dims=\"1\" loading=\"lazy\" decoding=\"async\" width=\"1024\" height=\"680\" data-id=\"146466\" src=\"https:\/\/i0.wp.com\/www.claret.org\/wp-content\/uploads\/2023\/04\/New-Secretaries-course-in-Rome-April-2023-2.jpg?resize=1024%2C680&#038;ssl=1\" alt=\"\" class=\"wp-image-146466\" title=\"\" srcset=\"https:\/\/www.claret.org\/wp-content\/uploads\/2023\/04\/New-Secretaries-course-in-Rome-April-2023-2-980x651.jpg 980w, https:\/\/www.claret.org\/wp-content\/uploads\/2023\/04\/New-Secretaries-course-in-Rome-April-2023-2-480x319.jpg 480w\" sizes=\"(min-width: 0px) and (max-width: 480px) 480px, (min-width: 481px) and (max-width: 980px) 980px, (min-width: 981px) 1024px, 100vw\" \/><\/figure>\n\n\n\n<figure class=\"wp-block-image size-large\"><img data-recalc-dims=\"1\" loading=\"lazy\" decoding=\"async\" width=\"1024\" height=\"680\" data-id=\"146459\" src=\"https:\/\/i0.wp.com\/www.claret.org\/wp-content\/uploads\/2023\/04\/New-Secretaries-course-in-Rome-April-2023-8.jpg?resize=1024%2C680&#038;ssl=1\" alt=\"\" class=\"wp-image-146459\" title=\"\" srcset=\"https:\/\/www.claret.org\/wp-content\/uploads\/2023\/04\/New-Secretaries-course-in-Rome-April-2023-8-980x651.jpg 980w, https:\/\/www.claret.org\/wp-content\/uploads\/2023\/04\/New-Secretaries-course-in-Rome-April-2023-8-480x319.jpg 480w\" sizes=\"(min-width: 0px) and (max-width: 480px) 480px, (min-width: 481px) and (max-width: 980px) 980px, (min-width: 981px) 1024px, 100vw\" \/><\/figure>\n\n\n\n<figure class=\"wp-block-image size-large\"><img data-recalc-dims=\"1\" loading=\"lazy\" decoding=\"async\" width=\"1024\" height=\"680\" data-id=\"146454\" src=\"https:\/\/i0.wp.com\/www.claret.org\/wp-content\/uploads\/2023\/04\/New-Secretaries-Course-April-2023-119.jpg?resize=1024%2C680&#038;ssl=1\" alt=\"\" class=\"wp-image-146454\" title=\"\" srcset=\"https:\/\/www.claret.org\/wp-content\/uploads\/2023\/04\/New-Secretaries-Course-April-2023-119-980x651.jpg 980w, https:\/\/www.claret.org\/wp-content\/uploads\/2023\/04\/New-Secretaries-Course-April-2023-119-480x319.jpg 480w\" sizes=\"(min-width: 0px) and (max-width: 480px) 480px, (min-width: 481px) and (max-width: 980px) 980px, (min-width: 981px) 1024px, 100vw\" \/><\/figure>\n<\/figure>\n\n<p><\/p>\n\n<p>Para al\u00e9m destas sess\u00f5es informativas e te\u00f3ricas, as tardes foram dedicadas a workshops pr\u00e1ticos. Entre elas, a atualiza\u00e7\u00e3o do banco de dados da Congrega\u00e7\u00e3o (comumente conhecido pelos secret\u00e1rios como SECLAR), o uso de formul\u00e1rios de notifica\u00e7\u00e3o, a cria\u00e7\u00e3o de boletins e o gerenciamento eficaz das m\u00eddias sociais dos Organismos Maiores. Tr\u00eas equipes colaboraram para a realiza\u00e7\u00e3o do curso: Secretariado, Equipe do Instituto Iuridicum Claretiano e <a href=\"https:\/\/www.claret.org\/pt-pt\/atualizacoes-na-area-de-comunicacao-da-congregacao\/\">Equipe iClaret<\/a>. Os Padres Claretianos Efren Limpo (Secret\u00e1rio Geral), Joseph Ikemefuna Iwobi (Secret\u00e1rio de Prefeituras) e Jos\u00e9 Felix Valderrabano (Procurador Geral) facilitaram as sess\u00f5es te\u00f3ricas da manh\u00e3, e o Pe. Louie R. Guades III (iClaret) as oficinas da tarde.<\/p>\n\n<p>O curso foi conclu\u00eddo com uma sess\u00e3o de partilha e avalia\u00e7\u00e3o seguida de uma Missa de encerramento, presidida pelo Pe. Efren Limpo CMF, Secret\u00e1rio Geral.<\/p>\n\n<p><span id=\"docs-internal-guid-c818bd70-7fff-7ba3-010d-22ca3c55530b\"><span style=\"font-size: 14pt; font-family: Constantia, serif; color: rgb(0, 0, 0 ); background-color: transparent; font-variant-numeric: normal; font-variant-east-asian: normal; font-variant-alternates: normal; vertical-align: baseline;\">Os participantes foram: K. Annroy Aravinth <\/span><span style=\"tamanho da fonte: 14pt; fam&#xED;lia da fonte: Constantia, serif; cor: rgb(0, 0, 0); cor de fundo: transparente; estilo da fonte: it&#xE1;lico; font-variant-numeric: normal; font-variant-east-asian: normal; font-variant-alternates: normal; vertical-align: baseline;\">(Delega\u00e7\u00e3o Independente S\u00e3o Jos\u00e9 Vaz), <\/span><span style=\"tamanho da fonte: 14pt; fam&#xED;lia da fonte: Constantia, serif; cor: rgb(0, 0, 0); cor de fundo: transparente; fonte-variante-num&#xE9;rica: normal; fonte-variante-leste-asi&#xE1;tico: normal ; fonte-variante-alternativa:: normal; vertical-align: baseline;\">Dominic Ukpong (<\/span><span style=\"font-size: 14pt; font-family: Constantia, serif; color: rgb(0, 0, 0); background-color: transparent; font-style: italic; font-variant-numeric: normal; font-variant-east-asian: normal; font-variant-alternates: normal; vertical-align: baseline;\">Prov\u00edncia Leste da Nig\u00e9ria), <\/span><span style=\"font-size: 14pt; font-family: Constantia, serif; color: rgb(0, 0, 0); background-color: transparent; font-variant-numeric: normal; font-variant-east-asian: normal; font-variant-alternates: normal; vertical-align: baseline;\">Fernando Estevao Kapewa <\/span><span style=\"font-size: 14pt; font-family: Constantia, serif; color: rgb(0, 0, 0); background-color: transparent; font-style: italic; font-variant-numeric: normal; font-variant-east-asian: normal; font-variant-alternates: normal; vertical-align: baseline;\">(Delega\u00e7\u00e3o Independente M\u00e3e da \u00c1frica), <\/span><span style=\"font-size: 14pt; font-family: Constantia, serif; color: rgb(0, 0, 0); background-color: transparent; font-variant-numeric: normal; font-variant-east-asian: normal; font-variant-alternates: normal; vertical-align: baseline;\">Evans Iregi Njiraini (<\/span><span style=\"font-size: 14pt; font-family: Constantia, serif; color: rgb(0, 0, 0); background-color: transparent; font-style: italic; font-variant-numeric: normal; font-variant-east-asian: normal; font-variant-alternates: normal; vertical-align: baseline;\">Prov\u00edncia da Alemanha), <\/span><span style=\"font-size: 14pt; font-family: Constantia, serif; color: rgb(0, 0, 0); background-color: transparent; font-variant-numeric: normal; font-variant-east-asian: normal; font-variant-alternates: normal; vertical-align: baseline;\">Wigbert Papa <\/span><span style=\"font-size: 14pt; font-family: Constantia, serif; color: rgb(0, 0, 0); background-color: transparent; font-style: italic; font-variant-numeric: normal; font-variant-east-asian: normal; font-variant-alternates: normal; vertical-align: baseline;\">(Prov\u00edncia Padre Rhoel Gallardo), <\/span><span style=\"font-size: 14pt; font-family: Constantia, serif; color: rgb(0, 0, 0); background-color: transparent; font-variant-numeric: normal; font-variant-east-asian: normal; font-variant-alternates: normal; vertical-align: baseline;\">Sabas Crist\u00f3bal Garc\u00eda Gonz\u00e1lez <\/span><span style=\"font-size: 14pt; font-family: Constantia, serif; color: rgb(0, 0, 0); background-color: transparent; font-style: italic; font-variant-numeric: normal; font-variant-east-asian: normal; font-variant-alternates: normal; vertical-align: baseline;\">(Prov\u00edncia do M\u00e9xico), <\/span><span style=\"font-size: 14pt; font-family: Constantia, serif; color: rgb(0, 0, 0); background-color: transparent; font-variant-numeric: normal; font-variant-east-asian: normal; font-variant-alternates: normal; vertical-align: baseline;\">Clement Kata <\/span><span style=\"font-size: 14pt; font-family: Constantia, serif; color: rgb(0, 0, 0); background-color: transparent; font-style: italic; font-variant-numeric: normal; font-variant-east-asian: normal; font-variant-alternates: normal; vertical-align: baseline;\">(Prov\u00edncia Peru-Bol\u00edvia), <\/span><span style=\"font-size: 14pt; font-family: Constantia, serif; color: rgb(0, 0, 0); background-color: transparent; font-variant-numeric: normal; font-variant-east-asian: normal; font-variant-alternates: normal; vertical-align: baseline;\">Ponson Toppo <\/span><span style=\"font-size: 14pt; font-family: Constantia, serif; color: rgb(0, 0, 0); background-color: transparent; font-style: italic; font-variant-numeric: normal; font-variant-east-asian: normal; font-variant-alternates: normal; vertical-align: baseline;\">Delega\u00e7\u00e3o Independente de Calcut\u00e1), <\/span><span style=\"font-size: 14pt; font-family: Constantia, serif; color: rgb(0, 0, 0); background-color: transparent; font-variant-numeric: normal; font-variant-east-asian: normal; font-variant-alternates: normal; vertical-align: baseline;\">Jean Agustin Nkoto <\/span><span style=\"font-size: 14pt; font-family: Constantia, serif; color: rgb(0, 0, 0); background-color: transparent; font-style: italic; font-variant-numeric: normal; font-variant-east-asian: normal; font-variant-alternates: normal; vertical-align: baseline;\">(Delega\u00e7\u00e3o Independente dos Camar\u00f5es), <\/span><span style=\"font-size: 14pt; font-family: Constantia, serif; color: rgb(0, 0, 0); background-color: transparent; font-variant-numeric: normal; font-variant-east-asian: normal; font-variant-alternates: normal; vertical-align: baseline;\">Enojo Paul Ameh <\/span><span style=\"font-size: 14pt; font-family: Constantia, serif; color: rgb(0, 0, 0); background-color: transparent; font-style: italic; font-variant-numeric: normal; font-variant-east-asian: normal; font-variant-alternates: normal; vertical-align: baseline;\">(Delega\u00e7\u00e3o Independente Oeste da Nig\u00e9ria), <\/span><span style=\"font-size: 14pt; font-family: Constantia, serif; color: rgb(0, 0, 0); background-color: transparent; font-variant-numeric: normal; font-variant-east-asian: normal; font-variant-alternates: normal; vertical-align: baseline;\">Axel-Joel Yolanda <\/span><span style=\"font-size: 14pt; font-family: Constantia, serif; color: rgb(0, 0, 0); background-color: transparent; font-style: italic; font-variant-numeric: normal; font-variant-east-asian: normal; font-variant-alternates: normal; vertical-align: baseline;\">(Delega\u00e7\u00e3o Independente Padre Xifr\u00e9), <\/span><span style=\"font-size: 14pt; font-family: Constantia, serif; color: rgb(0, 0, 0); background-color: transparent; font-variant-numeric: normal; font-variant-east-asian: normal; font-variant-alternates: normal; vertical-align: baseline;\">Jhon Jairo Florez Palacio <\/span><span style=\"font-size: 14pt; font-family: Constantia, serif; color: rgb(0, 0, 0); background-color: transparent; font-style: italic; font-variant-numeric: normal; font-variant-east-asian: normal; font-variant-alternates: normal; vertical-align: baseline;\">(Prov\u00edncia da Col\u00f4mbia-Venezuela), <\/span><span style=\"font-size: 14pt; font-family: Constantia, serif; color: rgb(0, 0, 0); background-color: transparent; font-variant-numeric: normal; font-variant-east-asian: normal; font-variant-alternates: normal; vertical-align: baseline;\">Marco Antonio Pineda Baca <\/span><span style=\"font-size: 14pt; font-family: Constantia, serif; color: rgb(0, 0, 0); background-color: transparent; font-style: italic; font-variant-numeric: normal; font-variant-east-asian: normal; font-variant-alternates: normal; vertical-align: baseline;\">(Prov\u00edncia da Am\u00e9rica Central), <\/span><span style=\"font-size: 14pt; font-family: Constantia, serif; color: rgb(0, 0, 0); background-color: transparent; font-variant-numeric: normal; font-variant-east-asian: normal; font-variant-alternates: normal; vertical-align: baseline;\"> Pe. K\u00fchlcke <\/span><span style=\"font-size: 14pt; font-family: Constantia, serif; color: rgb(0, 0, 0); background-color: transparent; font-style: italic; font-variant-numeric: normal; font-variant-east-asian: normal; font-variant-alternates: normal; vertical-align: baseline;\">(Padres de Schoenstatt).<\/span><\/span><\/p>\n\n<p><\/p>\n\n<figure class=\"wp-block-gallery has-nested-images columns-default is-cropped wp-block-gallery-2 is-layout-flex wp-block-gallery-is-layout-flex\">\n<figure class=\"wp-block-image size-large\"><img data-recalc-dims=\"1\" loading=\"lazy\" decoding=\"async\" width=\"1024\" height=\"680\" data-id=\"146472\" src=\"https:\/\/i0.wp.com\/www.claret.org\/wp-content\/uploads\/2023\/04\/New-Secretaries-course-in-Rome-April-2023-7.jpg?resize=1024%2C680&#038;ssl=1\" alt=\"\" class=\"wp-image-146472\" title=\"\" srcset=\"https:\/\/www.claret.org\/wp-content\/uploads\/2023\/04\/New-Secretaries-course-in-Rome-April-2023-7-980x651.jpg 980w, https:\/\/www.claret.org\/wp-content\/uploads\/2023\/04\/New-Secretaries-course-in-Rome-April-2023-7-480x319.jpg 480w\" sizes=\"(min-width: 0px) and (max-width: 480px) 480px, (min-width: 481px) and (max-width: 980px) 980px, (min-width: 981px) 1024px, 100vw\" \/><\/figure>\n\n\n\n<figure class=\"wp-block-image size-large\"><img data-recalc-dims=\"1\" loading=\"lazy\" decoding=\"async\" width=\"1024\" height=\"680\" data-id=\"146475\" src=\"https:\/\/i0.wp.com\/www.claret.org\/wp-content\/uploads\/2023\/04\/New-Secretaries-course-in-Rome-April-2023-6.jpg?resize=1024%2C680&#038;ssl=1\" alt=\"\" class=\"wp-image-146475\" title=\"\" srcset=\"https:\/\/www.claret.org\/wp-content\/uploads\/2023\/04\/New-Secretaries-course-in-Rome-April-2023-6-980x651.jpg 980w, https:\/\/www.claret.org\/wp-content\/uploads\/2023\/04\/New-Secretaries-course-in-Rome-April-2023-6-480x319.jpg 480w\" sizes=\"(min-width: 0px) and (max-width: 480px) 480px, (min-width: 481px) and (max-width: 980px) 980px, (min-width: 981px) 1024px, 100vw\" \/><\/figure>\n\n\n\n<figure class=\"wp-block-image size-large\"><img data-recalc-dims=\"1\" loading=\"lazy\" decoding=\"async\" width=\"1024\" height=\"680\" data-id=\"146490\" src=\"https:\/\/i0.wp.com\/www.claret.org\/wp-content\/uploads\/2023\/04\/New-Secretaries-course-in-Rome-April-2023-12.jpg?resize=1024%2C680&#038;ssl=1\" alt=\"\" class=\"wp-image-146490\" title=\"\" srcset=\"https:\/\/www.claret.org\/wp-content\/uploads\/2023\/04\/New-Secretaries-course-in-Rome-April-2023-12-980x651.jpg 980w, https:\/\/www.claret.org\/wp-content\/uploads\/2023\/04\/New-Secretaries-course-in-Rome-April-2023-12-480x319.jpg 480w\" sizes=\"(min-width: 0px) and (max-width: 480px) 480px, (min-width: 481px) and (max-width: 980px) 980px, (min-width: 981px) 1024px, 100vw\" \/><\/figure>\n\n\n\n<figure class=\"wp-block-image size-large\"><img data-recalc-dims=\"1\" loading=\"lazy\" decoding=\"async\" width=\"1024\" height=\"680\" data-id=\"146496\" src=\"https:\/\/i0.wp.com\/www.claret.org\/wp-content\/uploads\/2023\/04\/New-Secretaries-course-in-Rome-April-2023-14.jpg?resize=1024%2C680&#038;ssl=1\" alt=\"\" class=\"wp-image-146496\" title=\"\" srcset=\"https:\/\/www.claret.org\/wp-content\/uploads\/2023\/04\/New-Secretaries-course-in-Rome-April-2023-14-980x651.jpg 980w, https:\/\/www.claret.org\/wp-content\/uploads\/2023\/04\/New-Secretaries-course-in-Rome-April-2023-14-480x319.jpg 480w\" sizes=\"(min-width: 0px) and (max-width: 480px) 480px, (min-width: 481px) and (max-width: 980px) 980px, (min-width: 981px) 1024px, 100vw\" \/><\/figure>\n\n\n\n<figure class=\"wp-block-image size-large\"><img data-recalc-dims=\"1\" loading=\"lazy\" decoding=\"async\" width=\"1024\" height=\"680\" data-id=\"146484\" src=\"https:\/\/i0.wp.com\/www.claret.org\/wp-content\/uploads\/2023\/04\/New-Secretaries-course-in-Rome-April-2023-9-1.jpg?resize=1024%2C680&#038;ssl=1\" alt=\"\" class=\"wp-image-146484\" title=\"\" srcset=\"https:\/\/www.claret.org\/wp-content\/uploads\/2023\/04\/New-Secretaries-course-in-Rome-April-2023-9-1-980x651.jpg 980w, https:\/\/www.claret.org\/wp-content\/uploads\/2023\/04\/New-Secretaries-course-in-Rome-April-2023-9-1-480x319.jpg 480w\" sizes=\"(min-width: 0px) and (max-width: 480px) 480px, (min-width: 481px) and (max-width: 980px) 980px, (min-width: 981px) 1024px, 100vw\" \/><\/figure>\n\n\n\n<figure class=\"wp-block-image size-large\"><img data-recalc-dims=\"1\" loading=\"lazy\" decoding=\"async\" width=\"1024\" height=\"680\" data-id=\"146502\" src=\"https:\/\/i0.wp.com\/www.claret.org\/wp-content\/uploads\/2023\/04\/New-Secretaries-course-in-Rome-April-2023-17.jpg?resize=1024%2C680&#038;ssl=1\" alt=\"\" class=\"wp-image-146502\" title=\"\" srcset=\"https:\/\/www.claret.org\/wp-content\/uploads\/2023\/04\/New-Secretaries-course-in-Rome-April-2023-17-980x651.jpg 980w, https:\/\/www.claret.org\/wp-content\/uploads\/2023\/04\/New-Secretaries-course-in-Rome-April-2023-17-480x319.jpg 480w\" sizes=\"(min-width: 0px) and (max-width: 480px) 480px, (min-width: 481px) and (max-width: 980px) 980px, (min-width: 981px) 1024px, 100vw\" \/><\/figure>\n\n\n\n<figure class=\"wp-block-image size-large\"><img data-recalc-dims=\"1\" loading=\"lazy\" decoding=\"async\" width=\"1024\" height=\"680\" data-id=\"146508\" src=\"https:\/\/i0.wp.com\/www.claret.org\/wp-content\/uploads\/2023\/04\/New-Secretaries-course-in-Rome-April-2023-21.jpg?resize=1024%2C680&#038;ssl=1\" alt=\"\" class=\"wp-image-146508\" title=\"\" srcset=\"https:\/\/www.claret.org\/wp-content\/uploads\/2023\/04\/New-Secretaries-course-in-Rome-April-2023-21-980x651.jpg 980w, https:\/\/www.claret.org\/wp-content\/uploads\/2023\/04\/New-Secretaries-course-in-Rome-April-2023-21-480x319.jpg 480w\" sizes=\"(min-width: 0px) and (max-width: 480px) 480px, (min-width: 481px) and (max-width: 980px) 980px, (min-width: 981px) 1024px, 100vw\" \/><\/figure>\n\n\n\n<figure class=\"wp-block-image size-large\"><img data-recalc-dims=\"1\" loading=\"lazy\" decoding=\"async\" width=\"1024\" height=\"680\" data-id=\"146514\" src=\"https:\/\/i0.wp.com\/www.claret.org\/wp-content\/uploads\/2023\/04\/New-Secretaries-course-in-Rome-April-2023-22.jpg?resize=1024%2C680&#038;ssl=1\" alt=\"\" class=\"wp-image-146514\" title=\"\" srcset=\"https:\/\/www.claret.org\/wp-content\/uploads\/2023\/04\/New-Secretaries-course-in-Rome-April-2023-22-980x651.jpg 980w, https:\/\/www.claret.org\/wp-content\/uploads\/2023\/04\/New-Secretaries-course-in-Rome-April-2023-22-480x319.jpg 480w\" sizes=\"(min-width: 0px) and (max-width: 480px) 480px, (min-width: 481px) and (max-width: 980px) 980px, (min-width: 981px) 1024px, 100vw\" \/><\/figure>\n\n\n\n<figure class=\"wp-block-image size-large\"><img data-recalc-dims=\"1\" loading=\"lazy\" decoding=\"async\" width=\"1024\" height=\"680\" data-id=\"146520\" src=\"https:\/\/i0.wp.com\/www.claret.org\/wp-content\/uploads\/2023\/04\/New-Secretaries-course-in-Rome-April-2023-23.jpg?resize=1024%2C680&#038;ssl=1\" alt=\"\" class=\"wp-image-146520\" title=\"\" srcset=\"https:\/\/www.claret.org\/wp-content\/uploads\/2023\/04\/New-Secretaries-course-in-Rome-April-2023-23-980x651.jpg 980w, https:\/\/www.claret.org\/wp-content\/uploads\/2023\/04\/New-Secretaries-course-in-Rome-April-2023-23-480x319.jpg 480w\" sizes=\"(min-width: 0px) and (max-width: 480px) 480px, (min-width: 481px) and (max-width: 980px) 980px, (min-width: 981px) 1024px, 100vw\" \/><\/figure>\n\n\n\n<figure class=\"wp-block-image size-large\"><img data-recalc-dims=\"1\" loading=\"lazy\" decoding=\"async\" width=\"1024\" height=\"342\" data-id=\"146538\" src=\"https:\/\/i0.wp.com\/www.claret.org\/wp-content\/uploads\/2023\/04\/New-Secretaries-course-in-Rome-April-2023-26-1.jpg?resize=1024%2C342&#038;ssl=1\" alt=\"\" class=\"wp-image-146538\" title=\"\" srcset=\"https:\/\/www.claret.org\/wp-content\/uploads\/2023\/04\/New-Secretaries-course-in-Rome-April-2023-26-1-980x328.jpg 980w, https:\/\/www.claret.org\/wp-content\/uploads\/2023\/04\/New-Secretaries-course-in-Rome-April-2023-26-1-480x161.jpg 480w\" sizes=\"(min-width: 0px) and (max-width: 480px) 480px, (min-width: 481px) and (max-width: 980px) 980px, (min-width: 981px) 1024px, 100vw\" \/><\/figure>\n<\/figure>\n\n<p><\/p>\n","protected":false},"excerpt":{"rendered":"<p>Roma, It\u00e1lia. Secret\u00e1rios Provinciais\/Delega\u00e7\u00f5es rec\u00e9m-nomeados realizaram o Curso de Secret\u00e1rio ministrado pelo Secretariado Geral na C\u00faria Geral em Roma de 13 a 19 de abril de 2023. Treze novos secret\u00e1rios dos diferentes Organismos Maiores da Congrega\u00e7\u00e3o mais o Secret\u00e1rio Geral de &lt; a href=&#8221;https:\/\/www.schoenstatt.org\/it\/tag\/padri-di-schoenstatt\/&#8221;&gt;Padres de Schoenstatt a congrega\u00e7\u00e3o participou do referido curso que visava proporcionar [&hellip;]<\/p>\n","protected":false},"author":69,"featured_media":146548,"comment_status":"closed","ping_status":"closed","sticky":false,"template":"","format":"standard","meta":{"_et_pb_use_builder":"","_et_pb_old_content":"","_et_gb_content_width":"","footnotes":""},"categories":[1099,595],"tags":[],"class_list":["post-146616","post","type-post","status-publish","format-standard","has-post-thumbnail","hentry","category-congregacao","category-secretaria-geral"],"jetpack_featured_media_url":"https:\/\/i0.wp.com\/www.claret.org\/wp-content\/uploads\/2023\/04\/New-Secretaries-course-in-Rome-April-2023-25-scaled.jpg?fit=2880%2C1617&ssl=1","jetpack_sharing_enabled":true,"jetpack_shortlink":"https:\/\/wp.me\/pdaBmi-C8M","jetpack_likes_enabled":true,"_links":{"self":[{"href":"https:\/\/www.claret.org\/pt-pt\/wp-json\/wp\/v2\/posts\/146616","targetHints":{"allow":["GET"]}}],"collection":[{"href":"https:\/\/www.claret.org\/pt-pt\/wp-json\/wp\/v2\/posts"}],"about":[{"href":"https:\/\/www.claret.org\/pt-pt\/wp-json\/wp\/v2\/types\/post"}],"author":[{"embeddable":true,"href":"https:\/\/www.claret.org\/pt-pt\/wp-json\/wp\/v2\/users\/69"}],"replies":[{"embeddable":true,"href":"https:\/\/www.claret.org\/pt-pt\/wp-json\/wp\/v2\/comments?post=146616"}],"version-history":[{"count":0,"href":"https:\/\/www.claret.org\/pt-pt\/wp-json\/wp\/v2\/posts\/146616\/revisions"}],"wp:featuredmedia":[{"embeddable":true,"href":"https:\/\/www.claret.org\/pt-pt\/wp-json\/wp\/v2\/media\/146548"}],"wp:attachment":[{"href":"https:\/\/www.claret.org\/pt-pt\/wp-json\/wp\/v2\/media?parent=146616"}],"wp:term":[{"taxonomy":"category","embeddable":true,"href":"https:\/\/www.claret.org\/pt-pt\/wp-json\/wp\/v2\/categories?post=146616"},{"taxonomy":"post_tag","embeddable":true,"href":"https:\/\/www.claret.org\/pt-pt\/wp-json\/wp\/v2\/tags?post=146616"}],"curies":[{"name":"wp","href":"https:\/\/api.w.org\/{rel}","templated":true}]}}