{"id":14689,"date":"2018-04-03T12:32:25","date_gmt":"2018-04-03T10:32:25","guid":{"rendered":"https:\/\/www.claret.org\/jmj-2019-fc-convite\/"},"modified":"2018-05-20T19:21:33","modified_gmt":"2018-05-20T17:21:33","slug":"jmj-2019-fc-convite","status":"publish","type":"post","link":"https:\/\/www.claret.org\/pt-pt\/jmj-2019-fc-convite\/","title":{"rendered":"JMJ 2019 + FC Convite"},"content":{"rendered":"<p>Aqui est\u00e1 o v\u00eddeo-convite para a pr\u00f3xima Jornada Mundial da Juventude 2019 no evento da Fam\u00edlia Claretiana que se realizar\u00e1 de 17 a 29 de janeiro no Panam\u00e1, Panam\u00e1. Para mais detalhes, visitar:  http:\/\/www.jmj2019fc.com<\/p>\n","protected":false},"excerpt":{"rendered":"<p>Aqui est\u00e1 o v\u00eddeo-convite para a pr\u00f3xima Jornada Mundial da Juventude 2019 no evento da Fam\u00edlia Claretiana que se realizar\u00e1 de 17 a 29 de janeiro no Panam\u00e1, Panam\u00e1. Para mais detalhes, visitar: http:\/\/www.jmj2019fc.com<\/p>\n","protected":false},"author":2,"featured_media":14298,"comment_status":"closed","ping_status":"closed","sticky":false,"template":"","format":"standard","meta":{"_et_pb_use_builder":"","_et_pb_old_content":"","_et_gb_content_width":"","footnotes":""},"categories":[370,529,354,486],"tags":[],"class_list":["post-14689","post","type-post","status-publish","format-standard","has-post-thumbnail","hentry","category-centroamerica-pt-pt","category-familia-claretiana-pt-pt","category-micla-pt-pt","category-pastoral-juvenil-e-vocacional"],"jetpack_featured_media_url":"https:\/\/i0.wp.com\/www.claret.org\/wp-content\/uploads\/2018\/04\/jmj-2019-fc-invitaci-n.jpg?fit=1280%2C720&ssl=1","jetpack_sharing_enabled":true,"jetpack_shortlink":"https:\/\/wp.me\/pdaBmi-3OV","jetpack_likes_enabled":true,"_links":{"self":[{"href":"https:\/\/www.claret.org\/pt-pt\/wp-json\/wp\/v2\/posts\/14689","targetHints":{"allow":["GET"]}}],"collection":[{"href":"https:\/\/www.claret.org\/pt-pt\/wp-json\/wp\/v2\/posts"}],"about":[{"href":"https:\/\/www.claret.org\/pt-pt\/wp-json\/wp\/v2\/types\/post"}],"author":[{"embeddable":true,"href":"https:\/\/www.claret.org\/pt-pt\/wp-json\/wp\/v2\/users\/2"}],"replies":[{"embeddable":true,"href":"https:\/\/www.claret.org\/pt-pt\/wp-json\/wp\/v2\/comments?post=14689"}],"version-history":[{"count":0,"href":"https:\/\/www.claret.org\/pt-pt\/wp-json\/wp\/v2\/posts\/14689\/revisions"}],"wp:featuredmedia":[{"embeddable":true,"href":"https:\/\/www.claret.org\/pt-pt\/wp-json\/wp\/v2\/media\/14298"}],"wp:attachment":[{"href":"https:\/\/www.claret.org\/pt-pt\/wp-json\/wp\/v2\/media?parent=14689"}],"wp:term":[{"taxonomy":"category","embeddable":true,"href":"https:\/\/www.claret.org\/pt-pt\/wp-json\/wp\/v2\/categories?post=14689"},{"taxonomy":"post_tag","embeddable":true,"href":"https:\/\/www.claret.org\/pt-pt\/wp-json\/wp\/v2\/tags?post=14689"}],"curies":[{"name":"wp","href":"https:\/\/api.w.org\/{rel}","templated":true}]}}