{"id":147529,"date":"2023-05-16T12:00:00","date_gmt":"2023-05-16T10:00:00","guid":{"rendered":"https:\/\/www.claret.org\/o-workshop-claretiano-de-lideranca-discernidora-para-a-europa-termina-em-vic\/"},"modified":"2023-05-18T15:26:21","modified_gmt":"2023-05-18T13:26:21","slug":"o-workshop-claretiano-de-lideranca-discernidora-para-a-europa-termina-em-vic","status":"publish","type":"post","link":"https:\/\/www.claret.org\/pt-pt\/o-workshop-claretiano-de-lideranca-discernidora-para-a-europa-termina-em-vic\/","title":{"rendered":"O Workshop Claretiano de Lideran\u00e7a Discernidora para a Europa termina em Vic"},"content":{"rendered":"\n<p class=\"has-drop-cap\"><strong>Vic, Espanha.<\/strong> De 1 a 13 de maio de 2023, a Casa de Espiritualidade Claretiana de Vic, Barcelona, sediou o Treinamento Claretiano de Discernimento para L\u00edderes, organizado para os membros da Confer\u00eancia Claretiana da Europa (CEPAL). Quinze claretianos dos Organismos Maiores de Santiago, Sanctus Paulus, F\u00e1tima, Pol\u00f4nia, e quatro das Equipes Gerais &#8211; o Coordenador da Equipe de Comunica\u00e7\u00e3o da C\u00faria Geral e o Superior Local do Claretianum de Roma e membros do Centro de Espiritualidade Claretiana (CESC) em Vic- participaram do referido workshop.<\/p>\n\n<p>O workshop centrou-se na promo\u00e7\u00e3o do crescimento pessoal e na forma\u00e7\u00e3o para o exerc\u00edcio de uma \u201clideran\u00e7a com discernimento\u201d no quadro das orienta\u00e7\u00f5es eclesi\u00e1sticas e congregacionais. Por meio de diversas din\u00e2micas pedag\u00f3gicas, os participantes puderam aprofundar seus conhecimentos sobre lideran\u00e7a e aplicar as recentes contribui\u00e7\u00f5es das ci\u00eancias humanas em sua pr\u00e1tica.<\/p>\n\n<p>Destacou-se a participa\u00e7\u00e3o ativa e a integra\u00e7\u00e3o fraterna dos presentes, que representavam diversas culturas e l\u00ednguas. O esp\u00edrito de colabora\u00e7\u00e3o e interesse se manifestou na liturgia, nos servi\u00e7os, nos espa\u00e7os de intera\u00e7\u00e3o e na conviv\u00eancia ao longo dos dias.<\/p>\n\n<p><\/p>\n\n<figure class=\"wp-block-gallery has-nested-images columns-default is-cropped wp-block-gallery-1 is-layout-flex wp-block-gallery-is-layout-flex\">\n<figure class=\"wp-block-image size-large\"><img data-recalc-dims=\"1\" loading=\"lazy\" decoding=\"async\" width=\"1024\" height=\"461\" data-id=\"147471\" src=\"https:\/\/i0.wp.com\/www.claret.org\/wp-content\/uploads\/2023\/05\/Dicerning-Leadership-Workshop-in-Vic-Spain-May-2023-15-1.jpg?resize=1024%2C461&#038;ssl=1\" alt=\"\" class=\"wp-image-147471\" title=\"\" srcset=\"https:\/\/www.claret.org\/wp-content\/uploads\/2023\/05\/Dicerning-Leadership-Workshop-in-Vic-Spain-May-2023-15-1-980x441.jpg 980w, https:\/\/www.claret.org\/wp-content\/uploads\/2023\/05\/Dicerning-Leadership-Workshop-in-Vic-Spain-May-2023-15-1-480x216.jpg 480w\" sizes=\"(min-width: 0px) and (max-width: 480px) 480px, (min-width: 481px) and (max-width: 980px) 980px, (min-width: 981px) 1024px, 100vw\" \/><\/figure>\n\n\n\n<figure class=\"wp-block-image size-large\"><img data-recalc-dims=\"1\" loading=\"lazy\" decoding=\"async\" width=\"1024\" height=\"462\" data-id=\"147405\" src=\"https:\/\/i0.wp.com\/www.claret.org\/wp-content\/uploads\/2023\/05\/Dicerning-Leadership-Workshop-in-Vic-Spain-May-2023-11.jpg?resize=1024%2C462&#038;ssl=1\" alt=\"\" class=\"wp-image-147405\" title=\"\" srcset=\"https:\/\/www.claret.org\/wp-content\/uploads\/2023\/05\/Dicerning-Leadership-Workshop-in-Vic-Spain-May-2023-11-980x442.jpg 980w, https:\/\/www.claret.org\/wp-content\/uploads\/2023\/05\/Dicerning-Leadership-Workshop-in-Vic-Spain-May-2023-11-480x217.jpg 480w\" sizes=\"(min-width: 0px) and (max-width: 480px) 480px, (min-width: 481px) and (max-width: 980px) 980px, (min-width: 981px) 1024px, 100vw\" \/><\/figure>\n\n\n\n<figure class=\"wp-block-image size-large\"><img data-recalc-dims=\"1\" loading=\"lazy\" decoding=\"async\" width=\"1024\" height=\"576\" data-id=\"147399\" src=\"https:\/\/i0.wp.com\/www.claret.org\/wp-content\/uploads\/2023\/05\/Dicerning-Leadership-Workshop-in-Vic-Spain-May-2023-18.jpg?resize=1024%2C576&#038;ssl=1\" alt=\"\" class=\"wp-image-147399\" title=\"\" srcset=\"https:\/\/www.claret.org\/wp-content\/uploads\/2023\/05\/Dicerning-Leadership-Workshop-in-Vic-Spain-May-2023-18-980x551.jpg 980w, https:\/\/www.claret.org\/wp-content\/uploads\/2023\/05\/Dicerning-Leadership-Workshop-in-Vic-Spain-May-2023-18-480x270.jpg 480w\" sizes=\"(min-width: 0px) and (max-width: 480px) 480px, (min-width: 481px) and (max-width: 980px) 980px, (min-width: 981px) 1024px, 100vw\" \/><\/figure>\n<\/figure>\n\n<p><\/p>\n\n<p><\/p>\n\n<p>Ao meio do workshop, os participantes tiveram a oportunidade de visitar as instala\u00e7\u00f5es do CESC e assistir ao filme &#8220;<em>Libres<\/em>&#8220;, um document\u00e1rio que ofereceu o testemunho vital e de f\u00e9 de monges e monjas contemplativos de alguns mosteiros espanh\u00f3is.<\/p>\n\n<p>Depois de um dia de descanso, a segunda semana do workshop concentrou-se em temas como gest\u00e3o de governan\u00e7a, processos de mudan\u00e7a e transforma\u00e7\u00e3o, fun\u00e7\u00f5es e ferramentas de lideran\u00e7a, di\u00e1logo compassivo, generativo e espiritual e tratamento de polaridades e conflitos.<\/p>\n\n<p>No \u00faltimo dia do workshop, os participantes tiveram um encontro online com o Superior Geral, Pe. Mathew Vattamattam CMF, que compartilhou palavras de encorajamento com os presentes e relatou as \u00faltimas not\u00edcias da Congrega\u00e7\u00e3o. Os participantes tamb\u00e9m tiveram a oportunidade de apresentar v\u00e1rios projetos, como a JMJ Claret Way, a pr\u00f3xima oficina para cibermission\u00e1rios, assim como o site do CESC.<\/p>\n\n<p>O workshop foi conclu\u00eddo oficialmente com uma ora\u00e7\u00e3o vespertina enriquecida com partilhas e reflex\u00f5es pessoais.<\/p>\n\n<p><\/p>\n\n<p><\/p>\n\n<figure class=\"wp-block-gallery has-nested-images columns-default is-cropped wp-block-gallery-2 is-layout-flex wp-block-gallery-is-layout-flex\">\n<figure class=\"wp-block-image size-large\"><img data-recalc-dims=\"1\" loading=\"lazy\" decoding=\"async\" width=\"1024\" height=\"422\" data-id=\"147417\" src=\"https:\/\/i0.wp.com\/www.claret.org\/wp-content\/uploads\/2023\/05\/Dicerning-Leadership-Workshop-in-Vic-Spain-May-2023-1.jpg?resize=1024%2C422&#038;ssl=1\" alt=\"\" class=\"wp-image-147417\" title=\"\" srcset=\"https:\/\/www.claret.org\/wp-content\/uploads\/2023\/05\/Dicerning-Leadership-Workshop-in-Vic-Spain-May-2023-1-980x404.jpg 980w, https:\/\/www.claret.org\/wp-content\/uploads\/2023\/05\/Dicerning-Leadership-Workshop-in-Vic-Spain-May-2023-1-480x198.jpg 480w\" sizes=\"(min-width: 0px) and (max-width: 480px) 480px, (min-width: 481px) and (max-width: 980px) 980px, (min-width: 981px) 1024px, 100vw\" \/><\/figure>\n\n\n\n<figure class=\"wp-block-image size-large\"><img data-recalc-dims=\"1\" loading=\"lazy\" decoding=\"async\" width=\"1024\" height=\"576\" data-id=\"147423\" src=\"https:\/\/i0.wp.com\/www.claret.org\/wp-content\/uploads\/2023\/05\/Dicerning-Leadership-Workshop-in-Vic-Spain-May-2023-5.jpg?resize=1024%2C576&#038;ssl=1\" alt=\"\" class=\"wp-image-147423\" title=\"\" srcset=\"https:\/\/www.claret.org\/wp-content\/uploads\/2023\/05\/Dicerning-Leadership-Workshop-in-Vic-Spain-May-2023-5-980x551.jpg 980w, https:\/\/www.claret.org\/wp-content\/uploads\/2023\/05\/Dicerning-Leadership-Workshop-in-Vic-Spain-May-2023-5-480x270.jpg 480w\" sizes=\"(min-width: 0px) and (max-width: 480px) 480px, (min-width: 481px) and (max-width: 980px) 980px, (min-width: 981px) 1024px, 100vw\" \/><\/figure>\n\n\n\n<figure class=\"wp-block-image size-large\"><img data-recalc-dims=\"1\" loading=\"lazy\" decoding=\"async\" width=\"1024\" height=\"576\" data-id=\"147429\" src=\"https:\/\/i0.wp.com\/www.claret.org\/wp-content\/uploads\/2023\/05\/Dicerning-Leadership-Workshop-in-Vic-Spain-May-2023-6.jpg?resize=1024%2C576&#038;ssl=1\" alt=\"\" class=\"wp-image-147429\" title=\"\" srcset=\"https:\/\/www.claret.org\/wp-content\/uploads\/2023\/05\/Dicerning-Leadership-Workshop-in-Vic-Spain-May-2023-6-980x551.jpg 980w, https:\/\/www.claret.org\/wp-content\/uploads\/2023\/05\/Dicerning-Leadership-Workshop-in-Vic-Spain-May-2023-6-480x270.jpg 480w\" sizes=\"(min-width: 0px) and (max-width: 480px) 480px, (min-width: 481px) and (max-width: 980px) 980px, (min-width: 981px) 1024px, 100vw\" \/><\/figure>\n\n\n\n<figure class=\"wp-block-image size-large\"><img data-recalc-dims=\"1\" loading=\"lazy\" decoding=\"async\" width=\"1024\" height=\"576\" data-id=\"147435\" src=\"https:\/\/i0.wp.com\/www.claret.org\/wp-content\/uploads\/2023\/05\/Dicerning-Leadership-Workshop-in-Vic-Spain-May-2023-12.jpg?resize=1024%2C576&#038;ssl=1\" alt=\"\" class=\"wp-image-147435\" title=\"\" srcset=\"https:\/\/www.claret.org\/wp-content\/uploads\/2023\/05\/Dicerning-Leadership-Workshop-in-Vic-Spain-May-2023-12-980x551.jpg 980w, https:\/\/www.claret.org\/wp-content\/uploads\/2023\/05\/Dicerning-Leadership-Workshop-in-Vic-Spain-May-2023-12-480x270.jpg 480w\" sizes=\"(min-width: 0px) and (max-width: 480px) 480px, (min-width: 481px) and (max-width: 980px) 980px, (min-width: 981px) 1024px, 100vw\" \/><\/figure>\n\n\n\n<figure class=\"wp-block-image size-large\"><img data-recalc-dims=\"1\" loading=\"lazy\" decoding=\"async\" width=\"1024\" height=\"461\" data-id=\"147441\" src=\"https:\/\/i0.wp.com\/www.claret.org\/wp-content\/uploads\/2023\/05\/Dicerning-Leadership-Workshop-in-Vic-Spain-May-2023-13.jpg?resize=1024%2C461&#038;ssl=1\" alt=\"\" class=\"wp-image-147441\" title=\"\" srcset=\"https:\/\/www.claret.org\/wp-content\/uploads\/2023\/05\/Dicerning-Leadership-Workshop-in-Vic-Spain-May-2023-13-980x441.jpg 980w, https:\/\/www.claret.org\/wp-content\/uploads\/2023\/05\/Dicerning-Leadership-Workshop-in-Vic-Spain-May-2023-13-480x216.jpg 480w\" sizes=\"(min-width: 0px) and (max-width: 480px) 480px, (min-width: 481px) and (max-width: 980px) 980px, (min-width: 981px) 1024px, 100vw\" \/><\/figure>\n\n\n\n<figure class=\"wp-block-image size-large\"><img data-recalc-dims=\"1\" loading=\"lazy\" decoding=\"async\" width=\"1024\" height=\"576\" data-id=\"147477\" src=\"https:\/\/i0.wp.com\/www.claret.org\/wp-content\/uploads\/2023\/05\/Dicerning-Leadership-Workshop-in-Vic-Spain-May-2023-4.jpg?resize=1024%2C576&#038;ssl=1\" alt=\"\" class=\"wp-image-147477\" title=\"\" srcset=\"https:\/\/www.claret.org\/wp-content\/uploads\/2023\/05\/Dicerning-Leadership-Workshop-in-Vic-Spain-May-2023-4-980x551.jpg 980w, https:\/\/www.claret.org\/wp-content\/uploads\/2023\/05\/Dicerning-Leadership-Workshop-in-Vic-Spain-May-2023-4-480x270.jpg 480w\" sizes=\"(min-width: 0px) and (max-width: 480px) 480px, (min-width: 481px) and (max-width: 980px) 980px, (min-width: 981px) 1024px, 100vw\" \/><\/figure>\n\n\n\n<figure class=\"wp-block-image size-large\"><img data-recalc-dims=\"1\" loading=\"lazy\" decoding=\"async\" width=\"1024\" height=\"461\" data-id=\"147453\" src=\"https:\/\/i0.wp.com\/www.claret.org\/wp-content\/uploads\/2023\/05\/Dicerning-Leadership-Workshop-in-Vic-Spain-May-2023-17.jpg?resize=1024%2C461&#038;ssl=1\" alt=\"\" class=\"wp-image-147453\" title=\"\" srcset=\"https:\/\/www.claret.org\/wp-content\/uploads\/2023\/05\/Dicerning-Leadership-Workshop-in-Vic-Spain-May-2023-17-980x441.jpg 980w, https:\/\/www.claret.org\/wp-content\/uploads\/2023\/05\/Dicerning-Leadership-Workshop-in-Vic-Spain-May-2023-17-480x216.jpg 480w\" sizes=\"(min-width: 0px) and (max-width: 480px) 480px, (min-width: 481px) and (max-width: 980px) 980px, (min-width: 981px) 1024px, 100vw\" \/><\/figure>\n\n\n\n<figure class=\"wp-block-image size-large\"><img data-recalc-dims=\"1\" loading=\"lazy\" decoding=\"async\" width=\"1024\" height=\"576\" data-id=\"147459\" src=\"https:\/\/i0.wp.com\/www.claret.org\/wp-content\/uploads\/2023\/05\/Dicerning-Leadership-Workshop-in-Vic-Spain-May-2023-20.jpg?resize=1024%2C576&#038;ssl=1\" alt=\"\" class=\"wp-image-147459\" title=\"\" srcset=\"https:\/\/www.claret.org\/wp-content\/uploads\/2023\/05\/Dicerning-Leadership-Workshop-in-Vic-Spain-May-2023-20-980x551.jpg 980w, https:\/\/www.claret.org\/wp-content\/uploads\/2023\/05\/Dicerning-Leadership-Workshop-in-Vic-Spain-May-2023-20-480x270.jpg 480w\" sizes=\"(min-width: 0px) and (max-width: 480px) 480px, (min-width: 481px) and (max-width: 980px) 980px, (min-width: 981px) 1024px, 100vw\" \/><\/figure>\n\n\n\n<figure class=\"wp-block-image size-large\"><img data-recalc-dims=\"1\" loading=\"lazy\" decoding=\"async\" width=\"1024\" height=\"576\" data-id=\"147465\" src=\"https:\/\/i0.wp.com\/www.claret.org\/wp-content\/uploads\/2023\/05\/Dicerning-Leadership-Workshop-in-Vic-Spain-May-2023-21.jpg?resize=1024%2C576&#038;ssl=1\" alt=\"\" class=\"wp-image-147465\" title=\"\" srcset=\"https:\/\/www.claret.org\/wp-content\/uploads\/2023\/05\/Dicerning-Leadership-Workshop-in-Vic-Spain-May-2023-21-980x551.jpg 980w, https:\/\/www.claret.org\/wp-content\/uploads\/2023\/05\/Dicerning-Leadership-Workshop-in-Vic-Spain-May-2023-21-480x270.jpg 480w\" sizes=\"(min-width: 0px) and (max-width: 480px) 480px, (min-width: 481px) and (max-width: 980px) 980px, (min-width: 981px) 1024px, 100vw\" \/><\/figure>\n<\/figure>\n","protected":false},"excerpt":{"rendered":"<p>Vic, Espanha. De 1 a 13 de maio de 2023, a Casa de Espiritualidade Claretiana de Vic, Barcelona, sediou o Treinamento Claretiano de Discernimento para L\u00edderes, organizado para os membros da Confer\u00eancia Claretiana da Europa (CEPAL). Quinze claretianos dos Organismos Maiores de Santiago, Sanctus Paulus, F\u00e1tima, Pol\u00f4nia, e quatro das Equipes Gerais &#8211; o Coordenador [&hellip;]<\/p>\n","protected":false},"author":1,"featured_media":147487,"comment_status":"closed","ping_status":"closed","sticky":false,"template":"","format":"standard","meta":{"_et_pb_use_builder":"","_et_pb_old_content":"","_et_gb_content_width":"","footnotes":""},"categories":[1099,4987],"tags":[],"class_list":["post-147529","post","type-post","status-publish","format-standard","has-post-thumbnail","hentry","category-congregacao","category-workshop-de-lideranca-de-discernimento"],"jetpack_featured_media_url":"https:\/\/i0.wp.com\/www.claret.org\/wp-content\/uploads\/2023\/05\/Dicerning-Leadership-Workshop-in-Vic-Spain-May-2023-2-scaled.jpg?fit=2880%2C1271&ssl=1","jetpack_sharing_enabled":true,"jetpack_shortlink":"https:\/\/wp.me\/pdaBmi-Cnv","jetpack_likes_enabled":true,"_links":{"self":[{"href":"https:\/\/www.claret.org\/pt-pt\/wp-json\/wp\/v2\/posts\/147529","targetHints":{"allow":["GET"]}}],"collection":[{"href":"https:\/\/www.claret.org\/pt-pt\/wp-json\/wp\/v2\/posts"}],"about":[{"href":"https:\/\/www.claret.org\/pt-pt\/wp-json\/wp\/v2\/types\/post"}],"author":[{"embeddable":true,"href":"https:\/\/www.claret.org\/pt-pt\/wp-json\/wp\/v2\/users\/1"}],"replies":[{"embeddable":true,"href":"https:\/\/www.claret.org\/pt-pt\/wp-json\/wp\/v2\/comments?post=147529"}],"version-history":[{"count":0,"href":"https:\/\/www.claret.org\/pt-pt\/wp-json\/wp\/v2\/posts\/147529\/revisions"}],"wp:featuredmedia":[{"embeddable":true,"href":"https:\/\/www.claret.org\/pt-pt\/wp-json\/wp\/v2\/media\/147487"}],"wp:attachment":[{"href":"https:\/\/www.claret.org\/pt-pt\/wp-json\/wp\/v2\/media?parent=147529"}],"wp:term":[{"taxonomy":"category","embeddable":true,"href":"https:\/\/www.claret.org\/pt-pt\/wp-json\/wp\/v2\/categories?post=147529"},{"taxonomy":"post_tag","embeddable":true,"href":"https:\/\/www.claret.org\/pt-pt\/wp-json\/wp\/v2\/tags?post=147529"}],"curies":[{"name":"wp","href":"https:\/\/api.w.org\/{rel}","templated":true}]}}