{"id":148644,"date":"2023-06-09T13:00:52","date_gmt":"2023-06-09T11:00:52","guid":{"rendered":"https:\/\/www.claret.org\/novo-governo-da-provincia-eua-canada\/"},"modified":"2023-06-13T15:29:30","modified_gmt":"2023-06-13T13:29:30","slug":"novo-governo-da-provincia-eua-canada","status":"publish","type":"post","link":"https:\/\/www.claret.org\/pt-pt\/novo-governo-da-provincia-eua-canada\/","title":{"rendered":"Novo Governo da Prov\u00edncia EUA-CANAD\u00c1"},"content":{"rendered":"\n<p class=\"has-drop-cap\">O Cap\u00edtulo Provincial da Prov\u00edncia EUA-Canad\u00e1 elegeu os Consultores para acompanhar o Pe. Paul Keller, CMF, o rec\u00e9m-eleito Superior Provincial como parte do Governo da Prov\u00edncia EUA-CANAD\u00c1 para os pr\u00f3ximos seis anos de 2023-2029. <br\/><\/p>\n\n<p>S\u00e3o eles:<br\/>Prefeito de Forma\u00e7\u00e3o &#8211; Pe. Francisco Javier Reyes CMF<br\/>Ec\u00f4nomo da Prov\u00edncia &#8211; Pe. Thomas McGann, CMF<br\/>Prefeito de Apostolado &#8211; Pe. Jegan Reegan Soosai, CMF<br\/>Prefeito de Desenvolvimento Pessoal &#8211; Pe. Eddie De Leon, CMF<\/p>\n\n<p><\/p>\n\n<p><\/p>\n\n<figure class=\"wp-block-gallery has-nested-images columns-default is-cropped wp-block-gallery-1 is-layout-flex wp-block-gallery-is-layout-flex\">\n<figure class=\"wp-block-image size-full\"><img data-recalc-dims=\"1\" loading=\"lazy\" decoding=\"async\" width=\"800\" height=\"540\" data-id=\"148535\" src=\"https:\/\/i0.wp.com\/www.claret.org\/wp-content\/uploads\/2023\/06\/352411744_252431690767547_8586731692559832861_n.jpg?resize=800%2C540&#038;ssl=1\" alt=\"\" class=\"wp-image-148535\" title=\"\" srcset=\"https:\/\/www.claret.org\/wp-content\/uploads\/2023\/06\/352411744_252431690767547_8586731692559832861_n.jpg 800w, https:\/\/www.claret.org\/wp-content\/uploads\/2023\/06\/352411744_252431690767547_8586731692559832861_n-480x324.jpg 480w\" sizes=\"(min-width: 0px) and (max-width: 480px) 480px, (min-width: 481px) 800px, 100vw\" \/><\/figure>\n<\/figure>\n","protected":false},"excerpt":{"rendered":"<p>O Cap\u00edtulo Provincial da Prov\u00edncia EUA-Canad\u00e1 elegeu os Consultores para acompanhar o Pe. Paul Keller, CMF, o rec\u00e9m-eleito Superior Provincial como parte do Governo da Prov\u00edncia EUA-CANAD\u00c1 para os pr\u00f3ximos seis anos de 2023-2029. S\u00e3o eles:Prefeito de Forma\u00e7\u00e3o &#8211; Pe. Francisco Javier Reyes CMFEc\u00f4nomo da Prov\u00edncia &#8211; Pe. Thomas McGann, CMFPrefeito de Apostolado &#8211; Pe. [&hellip;]<\/p>\n","protected":false},"author":69,"featured_media":148533,"comment_status":"closed","ping_status":"closed","sticky":false,"template":"","format":"standard","meta":{"_et_pb_use_builder":"","_et_pb_old_content":"","_et_gb_content_width":"","footnotes":""},"categories":[600],"tags":[],"class_list":["post-148644","post","type-post","status-publish","format-standard","has-post-thumbnail","hentry","category-usa-canada-pt-pt"],"jetpack_featured_media_url":"https:\/\/i0.wp.com\/www.claret.org\/wp-content\/uploads\/2023\/06\/Beige-Minimalist-Team-Members-Instagram-Post-1.jpg?fit=1080%2C1080&ssl=1","jetpack_sharing_enabled":true,"jetpack_shortlink":"https:\/\/wp.me\/pdaBmi-CFu","jetpack_likes_enabled":true,"_links":{"self":[{"href":"https:\/\/www.claret.org\/pt-pt\/wp-json\/wp\/v2\/posts\/148644","targetHints":{"allow":["GET"]}}],"collection":[{"href":"https:\/\/www.claret.org\/pt-pt\/wp-json\/wp\/v2\/posts"}],"about":[{"href":"https:\/\/www.claret.org\/pt-pt\/wp-json\/wp\/v2\/types\/post"}],"author":[{"embeddable":true,"href":"https:\/\/www.claret.org\/pt-pt\/wp-json\/wp\/v2\/users\/69"}],"replies":[{"embeddable":true,"href":"https:\/\/www.claret.org\/pt-pt\/wp-json\/wp\/v2\/comments?post=148644"}],"version-history":[{"count":0,"href":"https:\/\/www.claret.org\/pt-pt\/wp-json\/wp\/v2\/posts\/148644\/revisions"}],"wp:featuredmedia":[{"embeddable":true,"href":"https:\/\/www.claret.org\/pt-pt\/wp-json\/wp\/v2\/media\/148533"}],"wp:attachment":[{"href":"https:\/\/www.claret.org\/pt-pt\/wp-json\/wp\/v2\/media?parent=148644"}],"wp:term":[{"taxonomy":"category","embeddable":true,"href":"https:\/\/www.claret.org\/pt-pt\/wp-json\/wp\/v2\/categories?post=148644"},{"taxonomy":"post_tag","embeddable":true,"href":"https:\/\/www.claret.org\/pt-pt\/wp-json\/wp\/v2\/tags?post=148644"}],"curies":[{"name":"wp","href":"https:\/\/api.w.org\/{rel}","templated":true}]}}