{"id":149166,"date":"2023-06-29T12:00:00","date_gmt":"2023-06-29T10:00:00","guid":{"rendered":"https:\/\/www.claret.org\/os-superiores-maiores-e-membros-do-conselho-da-ascla-west-concluem-reuniao-frutifera-em-bangalore\/"},"modified":"2023-06-29T14:14:23","modified_gmt":"2023-06-29T12:14:23","slug":"os-superiores-maiores-e-membros-do-conselho-da-ascla-west-concluem-reuniao-frutifera-em-bangalore","status":"publish","type":"post","link":"https:\/\/www.claret.org\/pt-pt\/os-superiores-maiores-e-membros-do-conselho-da-ascla-west-concluem-reuniao-frutifera-em-bangalore\/","title":{"rendered":"Os Superiores Maiores e Membros do Conselho da ASCLA West concluem reuni\u00e3o frut\u00edfera em Bangalore"},"content":{"rendered":"\n<p class=\"has-drop-cap\">Bangalore, \u00cdndia. Os Superiores Maiores e Membros do Conselho da ASCLA Ocidental se reuniram para uma reuni\u00e3o de tr\u00eas dias, de 25 a 27 de junho de 2023, em Claret Nivas, Bangalore, \u00cdndia. O encontro, do qual participaram representantes dos seis Organismos Maiores da ASCLA Ocidental, enfocou aspectos-chave cruciais para os futuros empreendimentos do organismo.<\/p>\n\n<p>Com um total de 33 participantes, o encontro foi uma oportunidade para os Superiores Maiores e conselheiros colaborarem, trocarem ideias e abordarem assuntos importantes. Sob o tema de promover o crescimento e desenvolvimento da ASCLA Ocidental, as discuss\u00f5es giraram em torno de v\u00e1rios t\u00f3picos centrais.<\/p>\n\n<p>A reuni\u00e3o come\u00e7ou finalizando os preparativos de longo prazo para a Profiss\u00e3o Perp\u00e9tua, um marco significativo na jornada dos membros da ASCLA Ocidental. Por meio de conversas esclarecedoras e experi\u00eancias compartilhadas, os Superiores Maiores e os membros do conselho forneceram orienta\u00e7\u00e3o e apoio para garantir uma transi\u00e7\u00e3o tranquila para os indiv\u00edduos que buscam a Profiss\u00e3o Perp\u00e9tua.<\/p>\n\n<p>Os desafios e preocupa\u00e7\u00f5es relacionados \u00e0 Forma\u00e7\u00e3o, um aspecto cr\u00edtico das atividades da ASCLA Ocidental, tamb\u00e9m foram amplamente discutidos. Os participantes dialogaram abertamente, compartilhando suas percep\u00e7\u00f5es e propondo estrat\u00e9gias para abordar os problemas identificados. Ao analisar os desafios de forma colaborativa, a reuni\u00e3o teve como objetivo aprimorar o processo de forma\u00e7\u00e3o e garantir uma abordagem abrangente para o crescimento dos membros da ASCLA Ocidental.<\/p>\n\n<p>Um dos objetivos principais era estudar, discutir e finalizar o Plano de Forma\u00e7\u00e3o da ASCLA Ocidental. Este documento abrangente serviria como um roteiro, delineando a vis\u00e3o e as metas da confer\u00eancia para os pr\u00f3ximos anos, ao moldar coletivamente este plano.<\/p>\n\n<p>A reuni\u00e3o enfatizou ainda a import\u00e2ncia da colabora\u00e7\u00e3o entre as Prefeituras, que inclui compartilhar sonhos, projetos e compromissos sob medida para o n\u00edvel ASCLA Ocidental. Os participantes tiveram a oportunidade de compartilhar as melhores pr\u00e1ticas, aprender com as experi\u00eancias uns dos outros e forjar conex\u00f5es mais fortes. Esta troca de conhecimentos e percep\u00e7\u00f5es visava promover uma rede de apoio entre os principais organismos da ASCLA Ocidental.<\/p>\n\n<p>\u00c0 medida que a reuni\u00e3o avan\u00e7ava para o final, os superiores maiores e membros do conselho conclu\u00edram os Programas ASCLA West Common. Esses programas, desenvolvidos por meio de cuidadosa delibera\u00e7\u00e3o e consenso, servir\u00e3o como uma plataforma para promover a uni\u00e3o e a sinergia dentro da organiza\u00e7\u00e3o. Ao alinhar seus esfor\u00e7os e recursos, a ASCLA Ocidental pode maximizar seu impacto e alcan\u00e7ar seus objetivos comuns com mais efici\u00eancia.<\/p>\n\n<p><p>Fonte: Pe. Ponson Toppo, <em>Secret\u00e1rio, Delega\u00e7\u00e3o Independente de Calcut\u00e1.<\/em><\/p><\/p>\n\n<p><\/p>\n\n<p><\/p>\n\n<figure class=\"wp-block-gallery has-nested-images columns-default is-cropped wp-block-gallery-1 is-layout-flex wp-block-gallery-is-layout-flex\">\n<figure class=\"wp-block-image size-large\"><img data-recalc-dims=\"1\" loading=\"lazy\" decoding=\"async\" width=\"1024\" height=\"684\" data-id=\"149140\" src=\"https:\/\/i0.wp.com\/www.claret.org\/wp-content\/uploads\/2023\/06\/ASCLA-West-Major-Superiors-and-council-June-2023-6-1.jpg?resize=1024%2C684&#038;ssl=1\" alt=\"\" class=\"wp-image-149140\" title=\"\" srcset=\"https:\/\/www.claret.org\/wp-content\/uploads\/2023\/06\/ASCLA-West-Major-Superiors-and-council-June-2023-6-1-980x655.jpg 980w, https:\/\/www.claret.org\/wp-content\/uploads\/2023\/06\/ASCLA-West-Major-Superiors-and-council-June-2023-6-1-480x321.jpg 480w\" sizes=\"(min-width: 0px) and (max-width: 480px) 480px, (min-width: 481px) and (max-width: 980px) 980px, (min-width: 981px) 1024px, 100vw\" \/><\/figure>\n\n\n\n<figure class=\"wp-block-image size-large\"><img data-recalc-dims=\"1\" loading=\"lazy\" decoding=\"async\" width=\"1024\" height=\"684\" data-id=\"149138\" src=\"https:\/\/i0.wp.com\/www.claret.org\/wp-content\/uploads\/2023\/06\/ASCLA-West-Major-Superiors-and-council-June-2023-8-1.jpg?resize=1024%2C684&#038;ssl=1\" alt=\"\" class=\"wp-image-149138\" title=\"\" srcset=\"https:\/\/www.claret.org\/wp-content\/uploads\/2023\/06\/ASCLA-West-Major-Superiors-and-council-June-2023-8-1-980x655.jpg 980w, https:\/\/www.claret.org\/wp-content\/uploads\/2023\/06\/ASCLA-West-Major-Superiors-and-council-June-2023-8-1-480x321.jpg 480w\" sizes=\"(min-width: 0px) and (max-width: 480px) 480px, (min-width: 481px) and (max-width: 980px) 980px, (min-width: 981px) 1024px, 100vw\" \/><\/figure>\n\n\n\n<figure class=\"wp-block-image size-large\"><img data-recalc-dims=\"1\" loading=\"lazy\" decoding=\"async\" width=\"1024\" height=\"684\" data-id=\"149150\" src=\"https:\/\/i0.wp.com\/www.claret.org\/wp-content\/uploads\/2023\/06\/ASCLA-West-Major-Superiors-and-council-June-2023-9-1.jpg?resize=1024%2C684&#038;ssl=1\" alt=\"\" class=\"wp-image-149150\" title=\"\" srcset=\"https:\/\/www.claret.org\/wp-content\/uploads\/2023\/06\/ASCLA-West-Major-Superiors-and-council-June-2023-9-1-980x655.jpg 980w, https:\/\/www.claret.org\/wp-content\/uploads\/2023\/06\/ASCLA-West-Major-Superiors-and-council-June-2023-9-1-480x321.jpg 480w\" sizes=\"(min-width: 0px) and (max-width: 480px) 480px, (min-width: 481px) and (max-width: 980px) 980px, (min-width: 981px) 1024px, 100vw\" \/><\/figure>\n<\/figure>\n","protected":false},"excerpt":{"rendered":"<p>Bangalore, \u00cdndia. Os Superiores Maiores e Membros do Conselho da ASCLA Ocidental se reuniram para uma reuni\u00e3o de tr\u00eas dias, de 25 a 27 de junho de 2023, em Claret Nivas, Bangalore, \u00cdndia. O encontro, do qual participaram representantes dos seis Organismos Maiores da ASCLA Ocidental, enfocou aspectos-chave cruciais para os futuros empreendimentos do organismo. [&hellip;]<\/p>\n","protected":false},"author":69,"featured_media":149160,"comment_status":"closed","ping_status":"closed","sticky":false,"template":"","format":"standard","meta":{"_et_pb_use_builder":"","_et_pb_old_content":"","_et_gb_content_width":"","footnotes":""},"categories":[220],"tags":[],"class_list":["post-149166","post","type-post","status-publish","format-standard","has-post-thumbnail","hentry","category-ascla-west-pt-pt"],"jetpack_featured_media_url":"https:\/\/i0.wp.com\/www.claret.org\/wp-content\/uploads\/2023\/06\/ASCLA-West-Major-Superiors-and-council-June-2023-12.jpg?fit=1509%2C760&ssl=1","jetpack_sharing_enabled":true,"jetpack_shortlink":"https:\/\/wp.me\/pdaBmi-CNU","jetpack_likes_enabled":true,"_links":{"self":[{"href":"https:\/\/www.claret.org\/pt-pt\/wp-json\/wp\/v2\/posts\/149166","targetHints":{"allow":["GET"]}}],"collection":[{"href":"https:\/\/www.claret.org\/pt-pt\/wp-json\/wp\/v2\/posts"}],"about":[{"href":"https:\/\/www.claret.org\/pt-pt\/wp-json\/wp\/v2\/types\/post"}],"author":[{"embeddable":true,"href":"https:\/\/www.claret.org\/pt-pt\/wp-json\/wp\/v2\/users\/69"}],"replies":[{"embeddable":true,"href":"https:\/\/www.claret.org\/pt-pt\/wp-json\/wp\/v2\/comments?post=149166"}],"version-history":[{"count":0,"href":"https:\/\/www.claret.org\/pt-pt\/wp-json\/wp\/v2\/posts\/149166\/revisions"}],"wp:featuredmedia":[{"embeddable":true,"href":"https:\/\/www.claret.org\/pt-pt\/wp-json\/wp\/v2\/media\/149160"}],"wp:attachment":[{"href":"https:\/\/www.claret.org\/pt-pt\/wp-json\/wp\/v2\/media?parent=149166"}],"wp:term":[{"taxonomy":"category","embeddable":true,"href":"https:\/\/www.claret.org\/pt-pt\/wp-json\/wp\/v2\/categories?post=149166"},{"taxonomy":"post_tag","embeddable":true,"href":"https:\/\/www.claret.org\/pt-pt\/wp-json\/wp\/v2\/tags?post=149166"}],"curies":[{"name":"wp","href":"https:\/\/api.w.org\/{rel}","templated":true}]}}