{"id":151139,"date":"2023-07-03T16:06:49","date_gmt":"2023-07-03T14:06:49","guid":{"rendered":"https:\/\/www.claret.org\/comecou-o-ano-jubilar-claretiano-175-anos-espalhando-a-chama-do-espirito\/"},"modified":"2023-07-15T16:12:33","modified_gmt":"2023-07-15T14:12:33","slug":"comecou-o-ano-jubilar-claretiano-175-anos-espalhando-a-chama-do-espirito","status":"publish","type":"post","link":"https:\/\/www.claret.org\/pt-pt\/comecou-o-ano-jubilar-claretiano-175-anos-espalhando-a-chama-do-espirito\/","title":{"rendered":"Come\u00e7ou o Ano Jubilar Claretiano! 175 anos espalhando a chama do Esp\u00edrito"},"content":{"rendered":"\n<p class=\"has-drop-cap\"><p><strong>Roma, It\u00e1lia<\/strong>. No dia 1\u00ba de julho de 2023, aconteceu na Capela da C\u00faria Geral de Roma uma significativa cerim\u00f4nia inaugural do Ano Jubilar Claretiano, os 175 anos de propaga\u00e7\u00e3o da chama do Esp\u00edrito, 175 anos de sua funda\u00e7\u00e3o.<\/p><\/p>\n\n<p>Pe. Mathew Vattamattam, CMF, Superior Geral, presidiu o evento, que foi transmitido ao vivo no canal iClaret no YouTube e na p\u00e1gina do Facebook, permitindo que toda a Congrega\u00e7\u00e3o participasse da celebra\u00e7\u00e3o. A Prov\u00edncia do M\u00e9xico e a Delega\u00e7\u00e3o Independente dos Camar\u00f5es forneceram tradu\u00e7\u00f5es simult\u00e2neas em espanhol e franc\u00eas, respectivamente.<\/p>\n\n<p>No in\u00edcio do programa, Pe. Henry Omonisaye, CMF, deu uma explica\u00e7\u00e3o detalhada sobre o significado e a estrutura da celebra\u00e7\u00e3o. Depois, Pe. Mathew Vattamattam, CMF, fez as palavras de abertura e conduziu uma ora\u00e7\u00e3o selecionada entre as quatro ora\u00e7\u00f5es criadas para o Jubileu pelo CESC (Centro de Espiritualidade Claretiana). Seguiu-se a leitura da autobiografia de Santo Ant\u00f4nio Claret, que narrava a funda\u00e7\u00e3o da Congrega\u00e7\u00e3o.<\/p>\n\n<p><\/p>\n\n<p><\/p>\n\n<p><\/p>\n\n<figure class=\"wp-block-gallery has-nested-images columns-default is-cropped wp-block-gallery-1 is-layout-flex wp-block-gallery-is-layout-flex\">\n<figure class=\"wp-block-image size-large\"><img data-recalc-dims=\"1\" loading=\"lazy\" decoding=\"async\" width=\"1023\" height=\"574\" data-id=\"149298\" src=\"https:\/\/i0.wp.com\/www.claret.org\/wp-content\/uploads\/2023\/07\/175-Foundation-Jubilee-Innaguration-Jully-1-2023-3.jpg?resize=1023%2C574&#038;ssl=1\" alt=\"\" class=\"wp-image-149298\" title=\"\" srcset=\"https:\/\/www.claret.org\/wp-content\/uploads\/2023\/07\/175-Foundation-Jubilee-Innaguration-Jully-1-2023-3.jpg 1023w, https:\/\/www.claret.org\/wp-content\/uploads\/2023\/07\/175-Foundation-Jubilee-Innaguration-Jully-1-2023-3-980x550.jpg 980w, https:\/\/www.claret.org\/wp-content\/uploads\/2023\/07\/175-Foundation-Jubilee-Innaguration-Jully-1-2023-3-480x269.jpg 480w\" sizes=\"(min-width: 0px) and (max-width: 480px) 480px, (min-width: 481px) and (max-width: 980px) 980px, (min-width: 981px) 1023px, 100vw\" \/><\/figure>\n\n\n\n<figure class=\"wp-block-image size-large\"><img data-recalc-dims=\"1\" loading=\"lazy\" decoding=\"async\" width=\"1024\" height=\"572\" data-id=\"149310\" src=\"https:\/\/i0.wp.com\/www.claret.org\/wp-content\/uploads\/2023\/07\/175-Foundation-Jubilee-Innaguration-Jully-1-2023.png?resize=1024%2C572&#038;ssl=1\" alt=\"\" class=\"wp-image-149310\" title=\"\" srcset=\"https:\/\/www.claret.org\/wp-content\/uploads\/2023\/07\/175-Foundation-Jubilee-Innaguration-Jully-1-2023-1024x572.png 1024w, https:\/\/www.claret.org\/wp-content\/uploads\/2023\/07\/175-Foundation-Jubilee-Innaguration-Jully-1-2023-980x547.png 980w, https:\/\/www.claret.org\/wp-content\/uploads\/2023\/07\/175-Foundation-Jubilee-Innaguration-Jully-1-2023-480x268.png 480w\" sizes=\"(min-width: 0px) and (max-width: 480px) 480px, (min-width: 481px) and (max-width: 980px) 980px, (min-width: 981px) 1024px, 100vw\" \/><\/figure>\n\n\n\n<figure class=\"wp-block-image size-large\"><img data-recalc-dims=\"1\" loading=\"lazy\" decoding=\"async\" width=\"1024\" height=\"569\" data-id=\"149304\" src=\"https:\/\/i0.wp.com\/www.claret.org\/wp-content\/uploads\/2023\/07\/175-Foundation-Jubilee-Innaguration-Jully-1-2023-3.png?resize=1024%2C569&#038;ssl=1\" alt=\"\" class=\"wp-image-149304\" title=\"\" srcset=\"https:\/\/www.claret.org\/wp-content\/uploads\/2023\/07\/175-Foundation-Jubilee-Innaguration-Jully-1-2023-3-1024x569.png 1024w, https:\/\/www.claret.org\/wp-content\/uploads\/2023\/07\/175-Foundation-Jubilee-Innaguration-Jully-1-2023-3-980x545.png 980w, https:\/\/www.claret.org\/wp-content\/uploads\/2023\/07\/175-Foundation-Jubilee-Innaguration-Jully-1-2023-3-480x267.png 480w\" sizes=\"(min-width: 0px) and (max-width: 480px) 480px, (min-width: 481px) and (max-width: 980px) 980px, (min-width: 981px) 1024px, 100vw\" \/><\/figure>\n<\/figure>\n\n<p><\/p>\n\n<p><\/p>\n\n<p><\/p>\n\n<p>Durante o evento, Pe. Carlos Sanchez, CMF, forneceu uma explica\u00e7\u00e3o perspicaz sobre o significado do mural de Cerezo Barredo, CMF, localizado na abside da Capela da C\u00faria Geral. Ele tra\u00e7ou conex\u00f5es entre o envio dos ap\u00f3stolos e a miss\u00e3o dos claretianos, destacando sua relev\u00e2ncia para os claretianos em linha com a defini\u00e7\u00e3o mission\u00e1ria de Claret. Al\u00e9m disso, concluiu com um v\u00eddeo com a &#8220;defini\u00e7\u00e3o de mission\u00e1rio&#8221; em quatro idiomas, elaborado pela Comunidade Lecco da It\u00e1lia. O evento envolveu tamb\u00e9m a leitura da narra\u00e7\u00e3o b\u00edblica do Pentecostes dos Atos dos Ap\u00f3stolos.<\/p>\n\n<p>A congrega\u00e7\u00e3o se reuniu para refletir sobre a defini\u00e7\u00e3o do mission\u00e1rio, expressando gratid\u00e3o e buscando perd\u00e3o. Nessa reflex\u00e3o, reconheceram quatro momentos significativos de sua hist\u00f3ria: a funda\u00e7\u00e3o, a expans\u00e3o mission\u00e1ria, os m\u00e1rtires e a renova\u00e7\u00e3o p\u00f3s-conciliar.<\/p>\n\n<p>No final, Pe. Manuel Tamargo, CMF, delineou os diferentes componentes e eventos que acontecer\u00e3o at\u00e9 a data final de 16 de julho de 2024. Ele enfatizou o pr\u00f3ximo Congresso de Espiritualidade, que ocorrer\u00e1 de 7 a 15 de julho de 2024, em Vic, Espanha, e encorajou todos os Organismos Maiores a se prepararem para o in\u00edcio do Jubileu em suas respectivas Prov\u00edncias e Delega\u00e7\u00f5es em 16 de julho de 2023. Em seguida, o Padre Geral deu a b\u00ean\u00e7\u00e3o final.<\/p>\n\n<p>Durante a cerim\u00f4nia, foram tocadas duas composi\u00e7\u00f5es distintas especialmente criadas para o Jubileu: o Hino do Jubileu composto pelo Pe. Luis Enrique Ortiz, CMF, e a Defini\u00e7\u00e3o de Mission\u00e1rio pelo Pe. Marcelino Onyeocha, CMF. Estas composi\u00e7\u00f5es foram criadas especialmente para a ocasi\u00e3o, e acrescentaram uma atmosfera solene e reverente ao evento.<\/p>\n\n<p>A abertura do Ano Jubilar marcou o in\u00edcio de um marco significativo para os claretianos, pois comemoravam 175 anos de sua funda\u00e7\u00e3o e esperavam um ano cheio de reflex\u00e3o espiritual, celebra\u00e7\u00e3o e renova\u00e7\u00e3o.<\/p>\n\n<p><\/p>\n\n<p><\/p>\n\n<figure class=\"wp-block-gallery has-nested-images columns-default is-cropped wp-block-gallery-2 is-layout-flex wp-block-gallery-is-layout-flex\">\n<figure class=\"wp-block-image size-large\"><img data-recalc-dims=\"1\" loading=\"lazy\" decoding=\"async\" width=\"1024\" height=\"564\" data-id=\"149334\" src=\"https:\/\/i0.wp.com\/www.claret.org\/wp-content\/uploads\/2023\/07\/175-Foundation-Jubilee-Innaguration-Jully-1-2023-6.png?resize=1024%2C564&#038;ssl=1\" alt=\"\" class=\"wp-image-149334\" title=\"\" srcset=\"https:\/\/www.claret.org\/wp-content\/uploads\/2023\/07\/175-Foundation-Jubilee-Innaguration-Jully-1-2023-6-1024x564.png 1024w, https:\/\/www.claret.org\/wp-content\/uploads\/2023\/07\/175-Foundation-Jubilee-Innaguration-Jully-1-2023-6-980x540.png 980w, https:\/\/www.claret.org\/wp-content\/uploads\/2023\/07\/175-Foundation-Jubilee-Innaguration-Jully-1-2023-6-480x265.png 480w\" sizes=\"(min-width: 0px) and (max-width: 480px) 480px, (min-width: 481px) and (max-width: 980px) 980px, (min-width: 981px) 1024px, 100vw\" \/><\/figure>\n\n\n\n<figure class=\"wp-block-image size-large\"><img data-recalc-dims=\"1\" loading=\"lazy\" decoding=\"async\" width=\"1024\" height=\"570\" data-id=\"149346\" src=\"https:\/\/i0.wp.com\/www.claret.org\/wp-content\/uploads\/2023\/07\/175-Foundation-Jubilee-Innaguration-Jully-1-2023-8.png?resize=1024%2C570&#038;ssl=1\" alt=\"\" class=\"wp-image-149346\" title=\"\" srcset=\"https:\/\/www.claret.org\/wp-content\/uploads\/2023\/07\/175-Foundation-Jubilee-Innaguration-Jully-1-2023-8-1024x570.png 1024w, https:\/\/www.claret.org\/wp-content\/uploads\/2023\/07\/175-Foundation-Jubilee-Innaguration-Jully-1-2023-8-980x546.png 980w, https:\/\/www.claret.org\/wp-content\/uploads\/2023\/07\/175-Foundation-Jubilee-Innaguration-Jully-1-2023-8-480x267.png 480w\" sizes=\"(min-width: 0px) and (max-width: 480px) 480px, (min-width: 481px) and (max-width: 980px) 980px, (min-width: 981px) 1024px, 100vw\" \/><\/figure>\n\n\n\n<figure class=\"wp-block-image size-large\"><img data-recalc-dims=\"1\" loading=\"lazy\" decoding=\"async\" width=\"1024\" height=\"572\" data-id=\"149328\" src=\"https:\/\/i0.wp.com\/www.claret.org\/wp-content\/uploads\/2023\/07\/175-Foundation-Jubilee-Innaguration-Jully-1-2023-7.png?resize=1024%2C572&#038;ssl=1\" alt=\"\" class=\"wp-image-149328\" title=\"\" srcset=\"https:\/\/www.claret.org\/wp-content\/uploads\/2023\/07\/175-Foundation-Jubilee-Innaguration-Jully-1-2023-7-1024x572.png 1024w, https:\/\/www.claret.org\/wp-content\/uploads\/2023\/07\/175-Foundation-Jubilee-Innaguration-Jully-1-2023-7-980x547.png 980w, https:\/\/www.claret.org\/wp-content\/uploads\/2023\/07\/175-Foundation-Jubilee-Innaguration-Jully-1-2023-7-480x268.png 480w\" sizes=\"(min-width: 0px) and (max-width: 480px) 480px, (min-width: 481px) and (max-width: 980px) 980px, (min-width: 981px) 1024px, 100vw\" \/><\/figure>\n<\/figure>\n","protected":false},"excerpt":{"rendered":"<p>Roma, It\u00e1lia. No dia 1\u00ba de julho de 2023, aconteceu na Capela da C\u00faria Geral de Roma uma significativa cerim\u00f4nia inaugural do Ano Jubilar Claretiano, os 175 anos de propaga\u00e7\u00e3o da chama do Esp\u00edrito, 175 anos de sua funda\u00e7\u00e3o. Pe. Mathew Vattamattam, CMF, Superior Geral, presidiu o evento, que foi transmitido ao vivo no canal [&hellip;]<\/p>\n","protected":false},"author":69,"featured_media":149362,"comment_status":"closed","ping_status":"closed","sticky":false,"template":"","format":"standard","meta":{"_et_pb_use_builder":"","_et_pb_old_content":"","_et_gb_content_width":"","footnotes":""},"categories":[542,5067,1099],"tags":[],"class_list":["post-151139","post","type-post","status-publish","format-standard","has-post-thumbnail","hentry","category-aniversarios-pt-pt","category-ano-jubilar","category-congregacao"],"jetpack_featured_media_url":"https:\/\/i0.wp.com\/www.claret.org\/wp-content\/uploads\/2023\/07\/175-Foundation-Jubilee-Innaguration-Jully-1-2023-1-3.jpg?fit=2048%2C926&ssl=1","jetpack_sharing_enabled":true,"jetpack_shortlink":"https:\/\/wp.me\/pdaBmi-DjJ","jetpack_likes_enabled":true,"_links":{"self":[{"href":"https:\/\/www.claret.org\/pt-pt\/wp-json\/wp\/v2\/posts\/151139","targetHints":{"allow":["GET"]}}],"collection":[{"href":"https:\/\/www.claret.org\/pt-pt\/wp-json\/wp\/v2\/posts"}],"about":[{"href":"https:\/\/www.claret.org\/pt-pt\/wp-json\/wp\/v2\/types\/post"}],"author":[{"embeddable":true,"href":"https:\/\/www.claret.org\/pt-pt\/wp-json\/wp\/v2\/users\/69"}],"replies":[{"embeddable":true,"href":"https:\/\/www.claret.org\/pt-pt\/wp-json\/wp\/v2\/comments?post=151139"}],"version-history":[{"count":0,"href":"https:\/\/www.claret.org\/pt-pt\/wp-json\/wp\/v2\/posts\/151139\/revisions"}],"wp:featuredmedia":[{"embeddable":true,"href":"https:\/\/www.claret.org\/pt-pt\/wp-json\/wp\/v2\/media\/149362"}],"wp:attachment":[{"href":"https:\/\/www.claret.org\/pt-pt\/wp-json\/wp\/v2\/media?parent=151139"}],"wp:term":[{"taxonomy":"category","embeddable":true,"href":"https:\/\/www.claret.org\/pt-pt\/wp-json\/wp\/v2\/categories?post=151139"},{"taxonomy":"post_tag","embeddable":true,"href":"https:\/\/www.claret.org\/pt-pt\/wp-json\/wp\/v2\/tags?post=151139"}],"curies":[{"name":"wp","href":"https:\/\/api.w.org\/{rel}","templated":true}]}}