{"id":153666,"date":"2023-08-15T12:00:00","date_gmt":"2023-08-15T10:00:00","guid":{"rendered":"https:\/\/www.claret.org\/compromisso-vitalicio-com-o-servico-profissao-perpetua-nos-camaroes\/"},"modified":"2023-08-15T12:00:00","modified_gmt":"2023-08-15T10:00:00","slug":"compromisso-vitalicio-com-o-servico-profissao-perpetua-nos-camaroes","status":"publish","type":"post","link":"https:\/\/www.claret.org\/pt-pt\/compromisso-vitalicio-com-o-servico-profissao-perpetua-nos-camaroes\/","title":{"rendered":"Compromisso vital\u00edcio com o servi\u00e7o: Profiss\u00e3o perp\u00e9tua nos Camar\u00f5es"},"content":{"rendered":"<p>Yaound\u00e9, Camar\u00f5es. Em uma cerim\u00f4nia solene realizada na par\u00f3quia de S\u00e3o Carlos Lwanga em Nkolbisson, Yaound\u00e9, cinco Mission\u00e1rios Claretianos fizeram seu compromisso perp\u00e9tuo com sua voca\u00e7\u00e3o mission\u00e1ria no dia 10 de agosto de 2023. Estudantes Claretianos Albert Pascal Embolo, Alphonse Marie Ekra, Norbert Doulani, Simon Armel Essomba e Wilson Tim professou com alegria e boa vontade seus votos de castidade, pobreza e obedi\u00eancia durante uma celebra\u00e7\u00e3o eucar\u00edstica presidida pelo Superior Maior dos Mission\u00e1rios Claretianos dos Camar\u00f5es, Pe. Jude Thaddeus Langeh, CMF.<\/p>\n<p>A cerim\u00f4nia foi marcada por uma atmosfera de devo\u00e7\u00e3o e reflex\u00e3o, com amigos, familiares e companheiros mission\u00e1rios reunidos para testemunhar esse passo significativo na vida desses jovens. A mensagem transmitida pelo Pe. Jude durante sua homilia ressoou profundamente com a congrega\u00e7\u00e3o. Inspirando-se na voca\u00e7\u00e3o do profeta Eliseu, destacou a import\u00e2ncia da coragem e do trabalho diligente na vida religiosa. Sublinhou que a voca\u00e7\u00e3o religiosa n\u00e3o \u00e9 um meio de promo\u00e7\u00e3o social, mas um profundo compromisso de servi\u00e7o desinteressado.<\/p>\n<p>As palavras do Pe. Jude ecoaram os sentimentos do Papa S\u00e3o Jo\u00e3o Paulo II, que enfatizou que a busca do Reino de Deus requer uma convers\u00e3o completa do cora\u00e7\u00e3o. Ele enfatizou a urg\u00eancia dos religiosos se arrependerem da pregui\u00e7a, uma for\u00e7a destrutiva que n\u00e3o apenas dificulta o crescimento pessoal, mas tamb\u00e9m impede o progresso da comunidade. &#8220;A pregui\u00e7a&#8221;, proclamou ele, &#8220;\u00e9 como um veneno para a vida religiosa&#8221;.<\/p>\n<p>Os jovens mission\u00e1rios foram incentivados a modelar suas vidas segundo a \u00e9tica de trabalho incans\u00e1vel demonstrada por Jesus Cristo e os ap\u00f3stolos. O exemplo de S\u00e3o Paulo, que trabalhou diligentemente para n\u00e3o ser um peso para a comunidade, foi destacado (1 Tessalonicenses 2,9). O legado do fundador da congrega\u00e7\u00e3o, Santo Ant\u00f4nio Maria Claret, tamb\u00e9m foi invocado como testemunho da for\u00e7a do trabalho \u00e1rduo e da dedica\u00e7\u00e3o.<\/p>\n<p>Fonte: Pe. Melvin Ngwakongnwi Neba, CMF, Encarregado de Comunica\u00e7\u00e3o, Mission\u00e1rios Claretianos, Camar\u00f5es.<\/p>\n","protected":false},"excerpt":{"rendered":"<p>Yaound\u00e9, Camar\u00f5es. Em uma cerim\u00f4nia solene realizada na par\u00f3quia de S\u00e3o Carlos Lwanga em Nkolbisson, Yaound\u00e9, cinco Mission\u00e1rios Claretianos fizeram seu compromisso perp\u00e9tuo com sua voca\u00e7\u00e3o mission\u00e1ria no dia 10 de agosto de 2023. Estudantes Claretianos Albert Pascal Embolo, Alphonse Marie Ekra, Norbert Doulani, Simon Armel Essomba e Wilson Tim professou com alegria e boa [&hellip;]<\/p>\n","protected":false},"author":69,"featured_media":153660,"comment_status":"closed","ping_status":"closed","sticky":false,"template":"","format":"standard","meta":{"_et_pb_use_builder":"","_et_pb_old_content":"","_et_gb_content_width":"","footnotes":""},"categories":[135,579],"tags":[],"class_list":["post-153666","post","type-post","status-publish","format-standard","has-post-thumbnail","hentry","category-cameroun-pt-pt","category-profissoes"],"jetpack_featured_media_url":"https:\/\/i0.wp.com\/www.claret.org\/wp-content\/uploads\/2023\/08\/P1030068.jpg?fit=1920%2C922&ssl=1","jetpack_sharing_enabled":true,"jetpack_shortlink":"https:\/\/wp.me\/pdaBmi-DYu","jetpack_likes_enabled":true,"_links":{"self":[{"href":"https:\/\/www.claret.org\/pt-pt\/wp-json\/wp\/v2\/posts\/153666","targetHints":{"allow":["GET"]}}],"collection":[{"href":"https:\/\/www.claret.org\/pt-pt\/wp-json\/wp\/v2\/posts"}],"about":[{"href":"https:\/\/www.claret.org\/pt-pt\/wp-json\/wp\/v2\/types\/post"}],"author":[{"embeddable":true,"href":"https:\/\/www.claret.org\/pt-pt\/wp-json\/wp\/v2\/users\/69"}],"replies":[{"embeddable":true,"href":"https:\/\/www.claret.org\/pt-pt\/wp-json\/wp\/v2\/comments?post=153666"}],"version-history":[{"count":0,"href":"https:\/\/www.claret.org\/pt-pt\/wp-json\/wp\/v2\/posts\/153666\/revisions"}],"wp:featuredmedia":[{"embeddable":true,"href":"https:\/\/www.claret.org\/pt-pt\/wp-json\/wp\/v2\/media\/153660"}],"wp:attachment":[{"href":"https:\/\/www.claret.org\/pt-pt\/wp-json\/wp\/v2\/media?parent=153666"}],"wp:term":[{"taxonomy":"category","embeddable":true,"href":"https:\/\/www.claret.org\/pt-pt\/wp-json\/wp\/v2\/categories?post=153666"},{"taxonomy":"post_tag","embeddable":true,"href":"https:\/\/www.claret.org\/pt-pt\/wp-json\/wp\/v2\/tags?post=153666"}],"curies":[{"name":"wp","href":"https:\/\/api.w.org\/{rel}","templated":true}]}}