{"id":157593,"date":"2023-10-09T12:00:00","date_gmt":"2023-10-09T10:00:00","guid":{"rendered":"https:\/\/www.claret.org\/capacitando-lideres-claretianos-workshop-de-lideranca-discernidora-na-conferencia-oeste-da-ascla\/"},"modified":"2023-10-16T21:34:36","modified_gmt":"2023-10-16T19:34:36","slug":"capacitando-lideres-claretianos-workshop-de-lideranca-discernidora-na-conferencia-oeste-da-ascla","status":"publish","type":"post","link":"https:\/\/www.claret.org\/pt-pt\/capacitando-lideres-claretianos-workshop-de-lideranca-discernidora-na-conferencia-oeste-da-ascla\/","title":{"rendered":"Capacitando L\u00edderes Claretianos: Workshop de Lideran\u00e7a Discernidora na Confer\u00eancia Oeste da ASCLA"},"content":{"rendered":"\n<p class=\"has-drop-cap\"><p><strong>Negombo, Sri Lanka<\/strong>. Os Claretianos do Sri Lanka e da \u00cdndia (Confer\u00eancia Oeste da ASCLA) reuniram-se para um workshop transformador intitulado \u201cLideran\u00e7a Discernidora Claretiana\u201d de 2 a 7 de outubro de 2023, no sereno Centro de Espiritualidade Pastures em Bolawalana, Negombo, Sri Lanka.<\/p><\/p>\n\n<p>Este workshop, parte de uma s\u00e9rie organizada em toda a Congrega\u00e7\u00e3o, teve como objetivo fomentar uma cultura de discernimento entre os claretianos de todo o mundo. Reuniu 25 participantes, representando diversas regi\u00f5es: 13 da Delega\u00e7\u00e3o Independente S\u00e3o Jos\u00e9 Vaz \u2013 Sri Lanka, 3 da Prov\u00edncia de Bangalore, 2 da Prov\u00edncia de Chennai, 2 da Prov\u00edncia de St. Thomas, 2 da Delega\u00e7\u00e3o Independente Nordeste da \u00cdndia, e 3 da Delega\u00e7\u00e3o Independente de Calcut\u00e1.<\/p>\n\n<p><\/p>\n\n<figure class=\"wp-block-gallery has-nested-images columns-default is-cropped wp-block-gallery-1 is-layout-flex wp-block-gallery-is-layout-flex\">\n<figure class=\"wp-block-image size-large\"><img data-recalc-dims=\"1\" loading=\"lazy\" decoding=\"async\" width=\"1024\" height=\"576\" data-id=\"157195\" src=\"https:\/\/i0.wp.com\/www.claret.org\/wp-content\/uploads\/2023\/10\/Discerning-Leadership-Workshop-in-ASCLA-West-Conference-Ocotber-2023-2.jpg?resize=1024%2C576&#038;ssl=1\" alt=\"\" class=\"wp-image-157195\" title=\"\" srcset=\"https:\/\/www.claret.org\/wp-content\/uploads\/2023\/10\/Discerning-Leadership-Workshop-in-ASCLA-West-Conference-Ocotber-2023-2-1024x576.jpg 1024w, https:\/\/www.claret.org\/wp-content\/uploads\/2023\/10\/Discerning-Leadership-Workshop-in-ASCLA-West-Conference-Ocotber-2023-2-980x551.jpg 980w, https:\/\/www.claret.org\/wp-content\/uploads\/2023\/10\/Discerning-Leadership-Workshop-in-ASCLA-West-Conference-Ocotber-2023-2-480x270.jpg 480w\" sizes=\"(min-width: 0px) and (max-width: 480px) 480px, (min-width: 481px) and (max-width: 980px) 980px, (min-width: 981px) 1024px, 100vw\" \/><\/figure>\n\n\n\n<figure class=\"wp-block-image size-large\"><img data-recalc-dims=\"1\" loading=\"lazy\" decoding=\"async\" width=\"1024\" height=\"770\" data-id=\"157201\" src=\"https:\/\/i0.wp.com\/www.claret.org\/wp-content\/uploads\/2023\/10\/Discerning-Leadership-Workshop-in-ASCLA-West-Conference-Ocotber-2023-4.jpg?resize=1024%2C770&#038;ssl=1\" alt=\"\" class=\"wp-image-157201\" title=\"\" srcset=\"https:\/\/www.claret.org\/wp-content\/uploads\/2023\/10\/Discerning-Leadership-Workshop-in-ASCLA-West-Conference-Ocotber-2023-4-1024x770.jpg 1024w, https:\/\/www.claret.org\/wp-content\/uploads\/2023\/10\/Discerning-Leadership-Workshop-in-ASCLA-West-Conference-Ocotber-2023-4-980x737.jpg 980w, https:\/\/www.claret.org\/wp-content\/uploads\/2023\/10\/Discerning-Leadership-Workshop-in-ASCLA-West-Conference-Ocotber-2023-4-480x361.jpg 480w\" sizes=\"(min-width: 0px) and (max-width: 480px) 480px, (min-width: 481px) and (max-width: 980px) 980px, (min-width: 981px) 1024px, 100vw\" \/><\/figure>\n\n\n\n<figure class=\"wp-block-image size-large\"><img data-recalc-dims=\"1\" loading=\"lazy\" decoding=\"async\" width=\"1024\" height=\"771\" data-id=\"157207\" src=\"https:\/\/i0.wp.com\/www.claret.org\/wp-content\/uploads\/2023\/10\/Discerning-Leadership-Workshop-in-ASCLA-West-Conference-Ocotber-2023-10.jpg?resize=1024%2C771&#038;ssl=1\" alt=\"\" class=\"wp-image-157207\" title=\"\" srcset=\"https:\/\/www.claret.org\/wp-content\/uploads\/2023\/10\/Discerning-Leadership-Workshop-in-ASCLA-West-Conference-Ocotber-2023-10-980x737.jpg 980w, https:\/\/www.claret.org\/wp-content\/uploads\/2023\/10\/Discerning-Leadership-Workshop-in-ASCLA-West-Conference-Ocotber-2023-10-480x361.jpg 480w\" sizes=\"(min-width: 0px) and (max-width: 480px) 480px, (min-width: 481px) and (max-width: 980px) 980px, (min-width: 981px) 1024px, 100vw\" \/><\/figure>\n<\/figure>\n\n<p><\/p>\n\n<p><\/p>\n\n<p>Os facilitadores, Pe. L. Anthony CMF (Delega\u00e7\u00e3o de Calcut\u00e1), Pe. Jaison Perumpalliolickal CMF (Delega\u00e7\u00e3o do Nordeste da \u00cdndia) e Pe. Michael Plamperampil CMF (Prov\u00edncia de St. Thomas), orientou os participantes atrav\u00e9s de nove m\u00f3dulos, sendo tr\u00eas ministrados online e seis conduzidos durante o workshop presencial em Negombo.<\/p>\n\n<p>A Missa inaugural, evento espiritualmente significativo, foi presidida pelo Superior Maior da Delega\u00e7\u00e3o Independente de S\u00e3o Jos\u00e9 Vaz, Pe. Joseph Jeyaseelan CMF. O Superior Geral, Pe. Mathew Vattamattam CMF apresentou uma sess\u00e3o online no \u00faltimo dia do workshop, abordando d\u00favidas e preocupa\u00e7\u00f5es dos participantes.<\/p>\n\n<p>Fonte: Pe. Annroy CMF, Secret\u00e1rio, Delega\u00e7\u00e3o Independente S\u00e3o Jos\u00e9 Vaz<\/p>\n\n<p><\/p>\n\n<p><\/p>\n\n<figure class=\"wp-block-gallery has-nested-images columns-default is-cropped wp-block-gallery-2 is-layout-flex wp-block-gallery-is-layout-flex\">\n<figure class=\"wp-block-image size-large\"><img data-recalc-dims=\"1\" loading=\"lazy\" decoding=\"async\" width=\"1024\" height=\"770\" data-id=\"157213\" src=\"https:\/\/i0.wp.com\/www.claret.org\/wp-content\/uploads\/2023\/10\/Discerning-Leadership-Workshop-in-ASCLA-West-Conference-Ocotber-2023-5.jpg?resize=1024%2C770&#038;ssl=1\" alt=\"\" class=\"wp-image-157213\" title=\"\" srcset=\"https:\/\/www.claret.org\/wp-content\/uploads\/2023\/10\/Discerning-Leadership-Workshop-in-ASCLA-West-Conference-Ocotber-2023-5-1024x770.jpg 1024w, https:\/\/www.claret.org\/wp-content\/uploads\/2023\/10\/Discerning-Leadership-Workshop-in-ASCLA-West-Conference-Ocotber-2023-5-980x737.jpg 980w, https:\/\/www.claret.org\/wp-content\/uploads\/2023\/10\/Discerning-Leadership-Workshop-in-ASCLA-West-Conference-Ocotber-2023-5-480x361.jpg 480w\" sizes=\"(min-width: 0px) and (max-width: 480px) 480px, (min-width: 481px) and (max-width: 980px) 980px, (min-width: 981px) 1024px, 100vw\" \/><\/figure>\n\n\n\n<figure class=\"wp-block-image size-large\"><img data-recalc-dims=\"1\" loading=\"lazy\" decoding=\"async\" width=\"1024\" height=\"462\" data-id=\"157219\" src=\"https:\/\/i0.wp.com\/www.claret.org\/wp-content\/uploads\/2023\/10\/Discerning-Leadership-Workshop-in-ASCLA-West-Conference-Ocotber-2023-7.jpg?resize=1024%2C462&#038;ssl=1\" alt=\"\" class=\"wp-image-157219\" title=\"\" srcset=\"https:\/\/www.claret.org\/wp-content\/uploads\/2023\/10\/Discerning-Leadership-Workshop-in-ASCLA-West-Conference-Ocotber-2023-7-1024x462.jpg 1024w, https:\/\/www.claret.org\/wp-content\/uploads\/2023\/10\/Discerning-Leadership-Workshop-in-ASCLA-West-Conference-Ocotber-2023-7-980x442.jpg 980w, https:\/\/www.claret.org\/wp-content\/uploads\/2023\/10\/Discerning-Leadership-Workshop-in-ASCLA-West-Conference-Ocotber-2023-7-480x216.jpg 480w\" sizes=\"(min-width: 0px) and (max-width: 480px) 480px, (min-width: 481px) and (max-width: 980px) 980px, (min-width: 981px) 1024px, 100vw\" \/><\/figure>\n\n\n\n<figure class=\"wp-block-image size-large\"><img data-recalc-dims=\"1\" loading=\"lazy\" decoding=\"async\" width=\"1024\" height=\"576\" data-id=\"157225\" src=\"https:\/\/i0.wp.com\/www.claret.org\/wp-content\/uploads\/2023\/10\/Discerning-Leadership-Workshop-in-ASCLA-West-Conference-Ocotber-2023-9.jpg?resize=1024%2C576&#038;ssl=1\" alt=\"\" class=\"wp-image-157225\" title=\"\" srcset=\"https:\/\/www.claret.org\/wp-content\/uploads\/2023\/10\/Discerning-Leadership-Workshop-in-ASCLA-West-Conference-Ocotber-2023-9-980x551.jpg 980w, https:\/\/www.claret.org\/wp-content\/uploads\/2023\/10\/Discerning-Leadership-Workshop-in-ASCLA-West-Conference-Ocotber-2023-9-480x270.jpg 480w\" sizes=\"(min-width: 0px) and (max-width: 480px) 480px, (min-width: 481px) and (max-width: 980px) 980px, (min-width: 981px) 1024px, 100vw\" \/><\/figure>\n\n\n\n<figure class=\"wp-block-image size-large\"><img data-recalc-dims=\"1\" loading=\"lazy\" decoding=\"async\" width=\"1024\" height=\"768\" data-id=\"157231\" src=\"https:\/\/i0.wp.com\/www.claret.org\/wp-content\/uploads\/2023\/10\/Discerning-Leadership-Workshop-in-ASCLA-West-Conference-Ocotber-2023-12.jpg?resize=1024%2C768&#038;ssl=1\" alt=\"\" class=\"wp-image-157231\" title=\"\" srcset=\"https:\/\/www.claret.org\/wp-content\/uploads\/2023\/10\/Discerning-Leadership-Workshop-in-ASCLA-West-Conference-Ocotber-2023-12-980x735.jpg 980w, https:\/\/www.claret.org\/wp-content\/uploads\/2023\/10\/Discerning-Leadership-Workshop-in-ASCLA-West-Conference-Ocotber-2023-12-480x360.jpg 480w\" sizes=\"(min-width: 0px) and (max-width: 480px) 480px, (min-width: 481px) and (max-width: 980px) 980px, (min-width: 981px) 1024px, 100vw\" \/><\/figure>\n\n\n\n<figure class=\"wp-block-image size-large\"><img data-recalc-dims=\"1\" loading=\"lazy\" decoding=\"async\" width=\"1024\" height=\"577\" data-id=\"157237\" src=\"https:\/\/i0.wp.com\/www.claret.org\/wp-content\/uploads\/2023\/10\/Discerning-Leadership-Workshop-in-ASCLA-West-Conference-Ocotber-2023-14.jpg?resize=1024%2C577&#038;ssl=1\" alt=\"\" class=\"wp-image-157237\" title=\"\" srcset=\"https:\/\/www.claret.org\/wp-content\/uploads\/2023\/10\/Discerning-Leadership-Workshop-in-ASCLA-West-Conference-Ocotber-2023-14-1024x577.jpg 1024w, https:\/\/www.claret.org\/wp-content\/uploads\/2023\/10\/Discerning-Leadership-Workshop-in-ASCLA-West-Conference-Ocotber-2023-14-980x552.jpg 980w, https:\/\/www.claret.org\/wp-content\/uploads\/2023\/10\/Discerning-Leadership-Workshop-in-ASCLA-West-Conference-Ocotber-2023-14-480x270.jpg 480w\" sizes=\"(min-width: 0px) and (max-width: 480px) 480px, (min-width: 481px) and (max-width: 980px) 980px, (min-width: 981px) 1024px, 100vw\" \/><\/figure>\n\n\n\n<figure class=\"wp-block-image size-large\"><img data-recalc-dims=\"1\" loading=\"lazy\" decoding=\"async\" width=\"1024\" height=\"768\" data-id=\"157243\" src=\"https:\/\/i0.wp.com\/www.claret.org\/wp-content\/uploads\/2023\/10\/Discerning-Leadership-Workshop-in-ASCLA-West-Conference-Ocotber-2023-15.jpg?resize=1024%2C768&#038;ssl=1\" alt=\"\" class=\"wp-image-157243\" title=\"\" srcset=\"https:\/\/www.claret.org\/wp-content\/uploads\/2023\/10\/Discerning-Leadership-Workshop-in-ASCLA-West-Conference-Ocotber-2023-15-1024x768.jpg 1024w, https:\/\/www.claret.org\/wp-content\/uploads\/2023\/10\/Discerning-Leadership-Workshop-in-ASCLA-West-Conference-Ocotber-2023-15-980x735.jpg 980w, https:\/\/www.claret.org\/wp-content\/uploads\/2023\/10\/Discerning-Leadership-Workshop-in-ASCLA-West-Conference-Ocotber-2023-15-480x360.jpg 480w\" sizes=\"(min-width: 0px) and (max-width: 480px) 480px, (min-width: 481px) and (max-width: 980px) 980px, (min-width: 981px) 1024px, 100vw\" \/><\/figure>\n<\/figure>\n\n<p><\/p>\n","protected":false},"excerpt":{"rendered":"<p>Negombo, Sri Lanka. Os Claretianos do Sri Lanka e da \u00cdndia (Confer\u00eancia Oeste da ASCLA) reuniram-se para um workshop transformador intitulado \u201cLideran\u00e7a Discernidora Claretiana\u201d de 2 a 7 de outubro de 2023, no sereno Centro de Espiritualidade Pastures em Bolawalana, Negombo, Sri Lanka. Este workshop, parte de uma s\u00e9rie organizada em toda a Congrega\u00e7\u00e3o, teve [&hellip;]<\/p>\n","protected":false},"author":69,"featured_media":157253,"comment_status":"closed","ping_status":"closed","sticky":false,"template":"","format":"standard","meta":{"_et_pb_use_builder":"","_et_pb_old_content":"","_et_gb_content_width":"","footnotes":""},"categories":[243,4987],"tags":[],"class_list":["post-157593","post","type-post","status-publish","format-standard","has-post-thumbnail","hentry","category-st-joseph-vaz-pt-pt","category-workshop-de-lideranca-de-discernimento"],"jetpack_featured_media_url":"https:\/\/i0.wp.com\/www.claret.org\/wp-content\/uploads\/2023\/10\/Discerning-Leadership-Workshop-in-ASCLA-West-Conference-Ocotber-2023-13.jpg?fit=1280%2C720&ssl=1","jetpack_sharing_enabled":true,"jetpack_shortlink":"https:\/\/wp.me\/pdaBmi-EZP","jetpack_likes_enabled":true,"_links":{"self":[{"href":"https:\/\/www.claret.org\/pt-pt\/wp-json\/wp\/v2\/posts\/157593","targetHints":{"allow":["GET"]}}],"collection":[{"href":"https:\/\/www.claret.org\/pt-pt\/wp-json\/wp\/v2\/posts"}],"about":[{"href":"https:\/\/www.claret.org\/pt-pt\/wp-json\/wp\/v2\/types\/post"}],"author":[{"embeddable":true,"href":"https:\/\/www.claret.org\/pt-pt\/wp-json\/wp\/v2\/users\/69"}],"replies":[{"embeddable":true,"href":"https:\/\/www.claret.org\/pt-pt\/wp-json\/wp\/v2\/comments?post=157593"}],"version-history":[{"count":0,"href":"https:\/\/www.claret.org\/pt-pt\/wp-json\/wp\/v2\/posts\/157593\/revisions"}],"wp:featuredmedia":[{"embeddable":true,"href":"https:\/\/www.claret.org\/pt-pt\/wp-json\/wp\/v2\/media\/157253"}],"wp:attachment":[{"href":"https:\/\/www.claret.org\/pt-pt\/wp-json\/wp\/v2\/media?parent=157593"}],"wp:term":[{"taxonomy":"category","embeddable":true,"href":"https:\/\/www.claret.org\/pt-pt\/wp-json\/wp\/v2\/categories?post=157593"},{"taxonomy":"post_tag","embeddable":true,"href":"https:\/\/www.claret.org\/pt-pt\/wp-json\/wp\/v2\/tags?post=157593"}],"curies":[{"name":"wp","href":"https:\/\/api.w.org\/{rel}","templated":true}]}}