{"id":158251,"date":"2023-10-25T12:16:27","date_gmt":"2023-10-25T10:16:27","guid":{"rendered":"https:\/\/www.claret.org\/app-fussimanya-o-novo-diretorio-espiritual-dos-missionarios-claretianos\/"},"modified":"2023-10-25T16:01:37","modified_gmt":"2023-10-25T14:01:37","slug":"app-fussimanya-o-novo-diretorio-espiritual-dos-missionarios-claretianos","status":"publish","type":"post","link":"https:\/\/www.claret.org\/pt-pt\/app-fussimanya-o-novo-diretorio-espiritual-dos-missionarios-claretianos\/","title":{"rendered":"App Fussimanya, o Novo Diret\u00f3rio Espiritual dos Mission\u00e1rios Claretianos"},"content":{"rendered":"\n<p class=\"has-drop-cap\"><p><strong>Roma, It\u00e1lia<\/strong>. No dia 24 de outubro de 2023, Festa de Santo Ant\u00f4nio Maria Claret, o Prefeito Geral de Espiritualidade e Vida Comunit\u00e1ria, relan\u00e7ou o aplicativo Fussimanya nos mercados App Store e Google Play. Lan\u00e7ado inicialmente em mar\u00e7o de 2021 como um simples aplicativo de ora\u00e7\u00e3o claretiana, o Governo Geral dos Mission\u00e1rios Claretianos posteriormente o converteu em seu Diret\u00f3rio Espiritual digital.<\/p><\/p>\n\n<p>O aplicativo agora est\u00e1 dispon\u00edvel em espanhol, ingl\u00eas, polon\u00eas, catal\u00e3o, bahasa indon\u00e9sio, franc\u00eas, italiano e portugu\u00eas. A equipe t\u00e9cnica adiciona continuamente tradu\u00e7\u00f5es das ora\u00e7\u00f5es e cantos em v\u00e1rios idiomas e em breve as disponibilizar\u00e1 em outras l\u00ednguas locais onde os claretianos est\u00e3o presentes. A tecnologia foi desenvolvida e mantida pela universidade da Prov\u00edncia Claretiana do Brasil. Recomenda-se atualizar o aplicativo na App Store ou Google Play para obter a vers\u00e3o mais recente.<\/p>\n\n<p><p>O App Fussimanya\u00a0<\/p><\/p>\n\n<p>O aplicativo Fussimanya (em alus\u00e3o \u00e0 Virgem de Fussimanya, cuja ermida fica a sete quil\u00f4metros de Sallent, cidade natal de Santo Ant\u00f4nio Maria Claret) apresenta um conjunto de ora\u00e7\u00f5es, textos e can\u00e7\u00f5es de inspira\u00e7\u00e3o claretiana para que voc\u00ea tenha sempre \u00e0 m\u00e3o. O aplicativo permite acessar recursos mesmo que estejam offline.<\/p>\n\n<p>Outros aplicativos dispon\u00edveis em celulares \u2013 Ano Claretiano e Claret Contigo.<\/p>\n\n<p><p>Baixe o aplicativo: <strong>O aplicativo Fussimanya<\/strong><\/p><\/p>\n\n<p class=\"has-text-align-left\"><\/p>\n\n<figure class=\"wp-block-gallery has-nested-images columns-default is-cropped wp-block-gallery-1 is-layout-flex wp-block-gallery-is-layout-flex\">\n<figure class=\"wp-block-image size-large\"><a href=\"https:\/\/apps.apple.com\/ph\/app\/fussimanya\/id1556693027\" target=\"_blank\" rel=\"noreferrer noopener nofollow\"><img data-recalc-dims=\"1\" loading=\"lazy\" decoding=\"async\" width=\"820\" height=\"549\" data-id=\"158076\" src=\"https:\/\/i0.wp.com\/www.claret.org\/wp-content\/uploads\/2023\/10\/app-store.png?resize=820%2C549&#038;ssl=1\" alt=\"\" class=\"wp-image-158076\" title=\"\" srcset=\"https:\/\/www.claret.org\/wp-content\/uploads\/2023\/10\/app-store.png 820w, https:\/\/www.claret.org\/wp-content\/uploads\/2023\/10\/app-store-480x321.png 480w\" sizes=\"(min-width: 0px) and (max-width: 480px) 480px, (min-width: 481px) 820px, 100vw\" \/><\/a><\/figure>\n\n\n\n<figure class=\"wp-block-image size-large\"><a href=\"https:\/\/play.google.com\/store\/apps\/details?id=com.claretiano.fussimanya&amp;pcampaignid=web_share\" target=\"_blank\" rel=\"noreferrer noopener nofollow\"><img data-recalc-dims=\"1\" loading=\"lazy\" decoding=\"async\" width=\"1024\" height=\"647\" data-id=\"158140\" src=\"https:\/\/i0.wp.com\/www.claret.org\/wp-content\/uploads\/2023\/10\/google-play-3.png?resize=1024%2C647&#038;ssl=1\" alt=\"\" class=\"wp-image-158140\" title=\"\" srcset=\"https:\/\/www.claret.org\/wp-content\/uploads\/2023\/10\/google-play-3-980x619.png 980w, https:\/\/www.claret.org\/wp-content\/uploads\/2023\/10\/google-play-3-480x303.png 480w\" sizes=\"(min-width: 0px) and (max-width: 480px) 480px, (min-width: 481px) and (max-width: 980px) 980px, (min-width: 981px) 1024px, 100vw\" \/><\/a><\/figure>\n<\/figure>\n\n<p><\/p>\n\n<p><\/p>\n\n<p class=\"has-text-align-left\"><p><strong>Ano Claretiano<\/strong> &#8211; App Store &#8211; Google Play<\/p><\/p>\n\n<p><p><strong>Claret Contigo<\/strong> &#8211; App Store &#8211; Google Play<\/p><\/p>\n\n<p><\/p>\n\n<p><\/p>\n\n<figure class=\"wp-block-gallery has-nested-images columns-default is-cropped wp-block-gallery-2 is-layout-flex wp-block-gallery-is-layout-flex\">\n<figure class=\"wp-block-image size-full\"><img data-recalc-dims=\"1\" loading=\"lazy\" decoding=\"async\" width=\"473\" height=\"972\" data-id=\"158221\" src=\"https:\/\/i0.wp.com\/www.claret.org\/wp-content\/uploads\/2023\/10\/IMG-20231025-WA0063-1.jpg?resize=473%2C972&#038;ssl=1\" alt=\"\" class=\"wp-image-158221\" title=\"\" srcset=\"https:\/\/i0.wp.com\/www.claret.org\/wp-content\/uploads\/2023\/10\/IMG-20231025-WA0063-1.jpg?w=473&amp;ssl=1 473w, https:\/\/i0.wp.com\/www.claret.org\/wp-content\/uploads\/2023\/10\/IMG-20231025-WA0063-1.jpg?resize=146%2C300&amp;ssl=1 146w, https:\/\/i0.wp.com\/www.claret.org\/wp-content\/uploads\/2023\/10\/IMG-20231025-WA0063-1.jpg?resize=73%2C150&amp;ssl=1 73w\" sizes=\"(max-width: 473px) 100vw, 473px\" \/><\/figure>\n\n\n\n<figure class=\"wp-block-image size-full\"><img data-recalc-dims=\"1\" loading=\"lazy\" decoding=\"async\" width=\"473\" height=\"971\" data-id=\"158233\" src=\"https:\/\/i0.wp.com\/www.claret.org\/wp-content\/uploads\/2023\/10\/IMG-20231025-WA0064-1.jpg?resize=473%2C971&#038;ssl=1\" alt=\"\" class=\"wp-image-158233\" title=\"\" srcset=\"https:\/\/i0.wp.com\/www.claret.org\/wp-content\/uploads\/2023\/10\/IMG-20231025-WA0064-1.jpg?w=473&amp;ssl=1 473w, https:\/\/i0.wp.com\/www.claret.org\/wp-content\/uploads\/2023\/10\/IMG-20231025-WA0064-1.jpg?resize=146%2C300&amp;ssl=1 146w, https:\/\/i0.wp.com\/www.claret.org\/wp-content\/uploads\/2023\/10\/IMG-20231025-WA0064-1.jpg?resize=73%2C150&amp;ssl=1 73w\" sizes=\"(max-width: 473px) 100vw, 473px\" \/><\/figure>\n\n\n\n<figure class=\"wp-block-image size-full\"><img data-recalc-dims=\"1\" loading=\"lazy\" decoding=\"async\" width=\"473\" height=\"972\" data-id=\"158227\" src=\"https:\/\/i0.wp.com\/www.claret.org\/wp-content\/uploads\/2023\/10\/IMG-20231025-WA0066-1.jpg?resize=473%2C972&#038;ssl=1\" alt=\"\" class=\"wp-image-158227\" title=\"\" srcset=\"https:\/\/i0.wp.com\/www.claret.org\/wp-content\/uploads\/2023\/10\/IMG-20231025-WA0066-1.jpg?w=473&amp;ssl=1 473w, https:\/\/i0.wp.com\/www.claret.org\/wp-content\/uploads\/2023\/10\/IMG-20231025-WA0066-1.jpg?resize=146%2C300&amp;ssl=1 146w, https:\/\/i0.wp.com\/www.claret.org\/wp-content\/uploads\/2023\/10\/IMG-20231025-WA0066-1.jpg?resize=73%2C150&amp;ssl=1 73w\" sizes=\"(max-width: 473px) 100vw, 473px\" \/><\/figure>\n<\/figure>\n","protected":false},"excerpt":{"rendered":"<p>Roma, It\u00e1lia. No dia 24 de outubro de 2023, Festa de Santo Ant\u00f4nio Maria Claret, o Prefeito Geral de Espiritualidade e Vida Comunit\u00e1ria, relan\u00e7ou o aplicativo Fussimanya nos mercados App Store e Google Play. Lan\u00e7ado inicialmente em mar\u00e7o de 2021 como um simples aplicativo de ora\u00e7\u00e3o claretiana, o Governo Geral dos Mission\u00e1rios Claretianos posteriormente o [&hellip;]<\/p>\n","protected":false},"author":69,"featured_media":158150,"comment_status":"closed","ping_status":"closed","sticky":false,"template":"","format":"standard","meta":{"_et_pb_use_builder":"","_et_pb_old_content":"","_et_gb_content_width":"","footnotes":""},"categories":[614],"tags":[],"class_list":["post-158251","post","type-post","status-publish","format-standard","has-post-thumbnail","hentry","category-espiritualidade"],"jetpack_featured_media_url":"https:\/\/i0.wp.com\/www.claret.org\/wp-content\/uploads\/2023\/10\/APP.jpg?fit=1890%2C1176&ssl=1","jetpack_sharing_enabled":true,"jetpack_shortlink":"https:\/\/wp.me\/pdaBmi-Far","jetpack_likes_enabled":true,"_links":{"self":[{"href":"https:\/\/www.claret.org\/pt-pt\/wp-json\/wp\/v2\/posts\/158251","targetHints":{"allow":["GET"]}}],"collection":[{"href":"https:\/\/www.claret.org\/pt-pt\/wp-json\/wp\/v2\/posts"}],"about":[{"href":"https:\/\/www.claret.org\/pt-pt\/wp-json\/wp\/v2\/types\/post"}],"author":[{"embeddable":true,"href":"https:\/\/www.claret.org\/pt-pt\/wp-json\/wp\/v2\/users\/69"}],"replies":[{"embeddable":true,"href":"https:\/\/www.claret.org\/pt-pt\/wp-json\/wp\/v2\/comments?post=158251"}],"version-history":[{"count":0,"href":"https:\/\/www.claret.org\/pt-pt\/wp-json\/wp\/v2\/posts\/158251\/revisions"}],"wp:featuredmedia":[{"embeddable":true,"href":"https:\/\/www.claret.org\/pt-pt\/wp-json\/wp\/v2\/media\/158150"}],"wp:attachment":[{"href":"https:\/\/www.claret.org\/pt-pt\/wp-json\/wp\/v2\/media?parent=158251"}],"wp:term":[{"taxonomy":"category","embeddable":true,"href":"https:\/\/www.claret.org\/pt-pt\/wp-json\/wp\/v2\/categories?post=158251"},{"taxonomy":"post_tag","embeddable":true,"href":"https:\/\/www.claret.org\/pt-pt\/wp-json\/wp\/v2\/tags?post=158251"}],"curies":[{"name":"wp","href":"https:\/\/api.w.org\/{rel}","templated":true}]}}