{"id":159366,"date":"2023-11-21T10:20:32","date_gmt":"2023-11-21T09:20:32","guid":{"rendered":"https:\/\/www.claret.org\/incla-capacita-fieis-com-experiencia-em-gerenciamento-de-projetos-e-captacao-de-recursos\/"},"modified":"2023-11-21T14:05:10","modified_gmt":"2023-11-21T13:05:10","slug":"incla-capacita-fieis-com-experiencia-em-gerenciamento-de-projetos-e-captacao-de-recursos","status":"publish","type":"post","link":"https:\/\/www.claret.org\/pt-pt\/incla-capacita-fieis-com-experiencia-em-gerenciamento-de-projetos-e-captacao-de-recursos\/","title":{"rendered":"InCLA capacita fi\u00e9is com experi\u00eancia em gerenciamento de projetos e capta\u00e7\u00e3o de recursos"},"content":{"rendered":"\n<p class=\"has-drop-cap\"><p><strong>Abuja, Nig\u00e9ria<\/strong>. Numa iniciativa transformadora, o Instituto de Vida Consagrada na \u00c1frica (InCLA) organizou um programa de Forma\u00e7\u00e3o em Gest\u00e3o de Projetos e Angaria\u00e7\u00e3o de Fundos em Abuja, Nig\u00e9ria, de 16 a 17 de novembro de 2023. O evento, liderado pelo Pe. Lord Winner, CMF, Procurador Geral da Miss\u00e3o e Diretor do Prisma, ao lado do Diretor do InCLA, Pe. Peter Okonkwo, CMF, atraiu um grupo diversificado de mais de 70 participantes, incluindo sacerdotes, religiosos e leigos.<\/p><\/p>\n\n<p>Representando v\u00e1rias congrega\u00e7\u00f5es, dioceses e par\u00f3quias de toda a Nig\u00e9ria, os participantes reuniram-se para atualizar as suas compet\u00eancias em gest\u00e3o de projetos e angaria\u00e7\u00e3o de fundos, alinhando-se com a miss\u00e3o do InCLA de capacitar indiv\u00edduos para minist\u00e9rios inovadores ao servi\u00e7o do povo de Deus.<\/p>\n\n<p>Pe. Lord Winner proporcionou aos participantes informa\u00e7\u00f5es valiosas sobre estrat\u00e9gias eficazes de gerenciamento de projetos e t\u00e9cnicas de capta\u00e7\u00e3o de recursos. O ambiente de aprendizagem colaborativa, enriquecido pelas diversas origens dos participantes, facilitou uma troca robusta de ideias e experi\u00eancias. Este evento n\u00e3o s\u00f3 equipou os participantes com ferramentas pr\u00e1ticas para a execu\u00e7\u00e3o bem-sucedida de projetos, mas tamb\u00e9m fortaleceu uma rede de indiv\u00edduos dedicados a iniciativas ministeriais pioneiras e impactantes em todo o pa\u00eds.<\/p>\n\n<p><\/p>\n\n<p><\/p>\n\n<figure class=\"wp-block-gallery has-nested-images columns-default is-cropped wp-block-gallery-1 is-layout-flex wp-block-gallery-is-layout-flex\">\n<figure class=\"wp-block-image size-large\"><img data-recalc-dims=\"1\" loading=\"lazy\" decoding=\"async\" width=\"1024\" height=\"576\" data-id=\"159257\" src=\"https:\/\/i0.wp.com\/www.claret.org\/wp-content\/uploads\/2023\/11\/8-nFG4P9IV626N1T6i9l2sg54QxRUJfFWnr4JSNm7CQ_plaintext_638360686972584035.jpg?resize=1024%2C576&#038;ssl=1\" alt=\"\" class=\"wp-image-159257\" title=\"\" srcset=\"https:\/\/www.claret.org\/wp-content\/uploads\/2023\/11\/8-nFG4P9IV626N1T6i9l2sg54QxRUJfFWnr4JSNm7CQ_plaintext_638360686972584035-1024x576.jpg 1024w, https:\/\/www.claret.org\/wp-content\/uploads\/2023\/11\/8-nFG4P9IV626N1T6i9l2sg54QxRUJfFWnr4JSNm7CQ_plaintext_638360686972584035-980x551.jpg 980w, https:\/\/www.claret.org\/wp-content\/uploads\/2023\/11\/8-nFG4P9IV626N1T6i9l2sg54QxRUJfFWnr4JSNm7CQ_plaintext_638360686972584035-480x270.jpg 480w\" sizes=\"(min-width: 0px) and (max-width: 480px) 480px, (min-width: 481px) and (max-width: 980px) 980px, (min-width: 981px) 1024px, 100vw\" \/><\/figure>\n\n\n\n<figure class=\"wp-block-image size-large\"><img data-recalc-dims=\"1\" loading=\"lazy\" decoding=\"async\" width=\"1024\" height=\"576\" data-id=\"159251\" src=\"https:\/\/i0.wp.com\/www.claret.org\/wp-content\/uploads\/2023\/11\/U26uK831iIDxYpraAceNji0v-_SSRdT69MlzAR9DIvQ_plaintext_638360686972614095.jpg?resize=1024%2C576&#038;ssl=1\" alt=\"\" class=\"wp-image-159251\" title=\"\" srcset=\"https:\/\/www.claret.org\/wp-content\/uploads\/2023\/11\/U26uK831iIDxYpraAceNji0v-_SSRdT69MlzAR9DIvQ_plaintext_638360686972614095-1024x576.jpg 1024w, https:\/\/www.claret.org\/wp-content\/uploads\/2023\/11\/U26uK831iIDxYpraAceNji0v-_SSRdT69MlzAR9DIvQ_plaintext_638360686972614095-980x551.jpg 980w, https:\/\/www.claret.org\/wp-content\/uploads\/2023\/11\/U26uK831iIDxYpraAceNji0v-_SSRdT69MlzAR9DIvQ_plaintext_638360686972614095-480x270.jpg 480w\" sizes=\"(min-width: 0px) and (max-width: 480px) 480px, (min-width: 481px) and (max-width: 980px) 980px, (min-width: 981px) 1024px, 100vw\" \/><\/figure>\n\n\n\n<figure class=\"wp-block-image size-large\"><img data-recalc-dims=\"1\" loading=\"lazy\" decoding=\"async\" width=\"1024\" height=\"576\" data-id=\"159245\" src=\"https:\/\/i0.wp.com\/www.claret.org\/wp-content\/uploads\/2023\/11\/lL67lmf261OaGo7XavZwdy_9noKzavkYstj72bDOXwU_plaintext_638360686971356252.jpg?resize=1024%2C576&#038;ssl=1\" alt=\"\" class=\"wp-image-159245\" title=\"\" srcset=\"https:\/\/www.claret.org\/wp-content\/uploads\/2023\/11\/lL67lmf261OaGo7XavZwdy_9noKzavkYstj72bDOXwU_plaintext_638360686971356252-1024x576.jpg 1024w, https:\/\/www.claret.org\/wp-content\/uploads\/2023\/11\/lL67lmf261OaGo7XavZwdy_9noKzavkYstj72bDOXwU_plaintext_638360686971356252-980x551.jpg 980w, https:\/\/www.claret.org\/wp-content\/uploads\/2023\/11\/lL67lmf261OaGo7XavZwdy_9noKzavkYstj72bDOXwU_plaintext_638360686971356252-480x270.jpg 480w\" sizes=\"(min-width: 0px) and (max-width: 480px) 480px, (min-width: 481px) and (max-width: 980px) 980px, (min-width: 981px) 1024px, 100vw\" \/><\/figure>\n<\/figure>\n\n<p><\/p>\n\n<p><\/p>\n\n<p>A Forma\u00e7\u00e3o em Gest\u00e3o de Projetos e Angaria\u00e7\u00e3o de Fundos do InCLA sublinhou o compromisso da organiza\u00e7\u00e3o em promover a compet\u00eancia entre os fi\u00e9is, permitindo-lhes iniciar formas novas e radicais de minist\u00e9rios. Este passo significativo alinha-se com a miss\u00e3o abrangente do InCLA de construir uma comunidade mais competente e capacitada, dedicada a servir o povo de Deus atrav\u00e9s de formas novas e transformadoras.<\/p>\n\n<p><\/p>\n\n<p><\/p>\n\n<figure class=\"wp-block-gallery has-nested-images columns-default is-cropped wp-block-gallery-2 is-layout-flex wp-block-gallery-is-layout-flex\">\n<figure class=\"wp-block-image size-large\"><img data-recalc-dims=\"1\" loading=\"lazy\" decoding=\"async\" width=\"1024\" height=\"576\" data-id=\"159263\" src=\"https:\/\/i0.wp.com\/www.claret.org\/wp-content\/uploads\/2023\/11\/a2D0qEPkds91rQqCCJ4m1bzojBAYJGXQZbOMLqWjlbE_plaintext_638360686971672606.jpg?resize=1024%2C576&#038;ssl=1\" alt=\"\" class=\"wp-image-159263\" title=\"\" srcset=\"https:\/\/www.claret.org\/wp-content\/uploads\/2023\/11\/a2D0qEPkds91rQqCCJ4m1bzojBAYJGXQZbOMLqWjlbE_plaintext_638360686971672606-1024x576.jpg 1024w, https:\/\/www.claret.org\/wp-content\/uploads\/2023\/11\/a2D0qEPkds91rQqCCJ4m1bzojBAYJGXQZbOMLqWjlbE_plaintext_638360686971672606-980x551.jpg 980w, https:\/\/www.claret.org\/wp-content\/uploads\/2023\/11\/a2D0qEPkds91rQqCCJ4m1bzojBAYJGXQZbOMLqWjlbE_plaintext_638360686971672606-480x270.jpg 480w\" sizes=\"(min-width: 0px) and (max-width: 480px) 480px, (min-width: 481px) and (max-width: 980px) 980px, (min-width: 981px) 1024px, 100vw\" \/><\/figure>\n\n\n\n<figure class=\"wp-block-image size-large\"><img data-recalc-dims=\"1\" loading=\"lazy\" decoding=\"async\" width=\"1024\" height=\"576\" data-id=\"159269\" src=\"https:\/\/i0.wp.com\/www.claret.org\/wp-content\/uploads\/2023\/11\/JS6nbArfRakQ3yJ35krgnMhXCpcyMD11wBmD69xgMyE_plaintext_638360686971200024.jpg?resize=1024%2C576&#038;ssl=1\" alt=\"\" class=\"wp-image-159269\" title=\"\" srcset=\"https:\/\/www.claret.org\/wp-content\/uploads\/2023\/11\/JS6nbArfRakQ3yJ35krgnMhXCpcyMD11wBmD69xgMyE_plaintext_638360686971200024-1024x576.jpg 1024w, https:\/\/www.claret.org\/wp-content\/uploads\/2023\/11\/JS6nbArfRakQ3yJ35krgnMhXCpcyMD11wBmD69xgMyE_plaintext_638360686971200024-980x551.jpg 980w, https:\/\/www.claret.org\/wp-content\/uploads\/2023\/11\/JS6nbArfRakQ3yJ35krgnMhXCpcyMD11wBmD69xgMyE_plaintext_638360686971200024-480x270.jpg 480w\" sizes=\"(min-width: 0px) and (max-width: 480px) 480px, (min-width: 481px) and (max-width: 980px) 980px, (min-width: 981px) 1024px, 100vw\" \/><\/figure>\n\n\n\n<figure class=\"wp-block-image size-large\"><img data-recalc-dims=\"1\" loading=\"lazy\" decoding=\"async\" width=\"1024\" height=\"576\" data-id=\"159275\" src=\"https:\/\/i0.wp.com\/www.claret.org\/wp-content\/uploads\/2023\/11\/k6g1aGnLB5AxkMGDmRaEadYdB007JqWW7999WseohZc_plaintext_638360686970731238.jpg?resize=1024%2C576&#038;ssl=1\" alt=\"\" class=\"wp-image-159275\" title=\"\" srcset=\"https:\/\/www.claret.org\/wp-content\/uploads\/2023\/11\/k6g1aGnLB5AxkMGDmRaEadYdB007JqWW7999WseohZc_plaintext_638360686970731238-1024x576.jpg 1024w, https:\/\/www.claret.org\/wp-content\/uploads\/2023\/11\/k6g1aGnLB5AxkMGDmRaEadYdB007JqWW7999WseohZc_plaintext_638360686970731238-980x551.jpg 980w, https:\/\/www.claret.org\/wp-content\/uploads\/2023\/11\/k6g1aGnLB5AxkMGDmRaEadYdB007JqWW7999WseohZc_plaintext_638360686970731238-480x270.jpg 480w\" sizes=\"(min-width: 0px) and (max-width: 480px) 480px, (min-width: 481px) and (max-width: 980px) 980px, (min-width: 981px) 1024px, 100vw\" \/><\/figure>\n<\/figure>\n","protected":false},"excerpt":{"rendered":"<p>Abuja, Nig\u00e9ria. Numa iniciativa transformadora, o Instituto de Vida Consagrada na \u00c1frica (InCLA) organizou um programa de Forma\u00e7\u00e3o em Gest\u00e3o de Projetos e Angaria\u00e7\u00e3o de Fundos em Abuja, Nig\u00e9ria, de 16 a 17 de novembro de 2023. O evento, liderado pelo Pe. Lord Winner, CMF, Procurador Geral da Miss\u00e3o e Diretor do Prisma, ao lado [&hellip;]<\/p>\n","protected":false},"author":69,"featured_media":159285,"comment_status":"closed","ping_status":"closed","sticky":false,"template":"","format":"standard","meta":{"_et_pb_use_builder":"","_et_pb_old_content":"","_et_gb_content_width":"","footnotes":""},"categories":[418,449],"tags":[],"class_list":["post-159366","post","type-post","status-publish","format-standard","has-post-thumbnail","hentry","category-vida-consagrada-pt-pt","category-procure-mision"],"jetpack_featured_media_url":"https:\/\/i0.wp.com\/www.claret.org\/wp-content\/uploads\/2023\/11\/R9AP4bhYKe08zHPkI9urAvURfJaUuUUsBMFEqzE6XhI_plaintext_638360686971356252.jpg?fit=1280%2C720&ssl=1","jetpack_sharing_enabled":true,"jetpack_shortlink":"https:\/\/wp.me\/pdaBmi-Fsq","jetpack_likes_enabled":true,"_links":{"self":[{"href":"https:\/\/www.claret.org\/pt-pt\/wp-json\/wp\/v2\/posts\/159366","targetHints":{"allow":["GET"]}}],"collection":[{"href":"https:\/\/www.claret.org\/pt-pt\/wp-json\/wp\/v2\/posts"}],"about":[{"href":"https:\/\/www.claret.org\/pt-pt\/wp-json\/wp\/v2\/types\/post"}],"author":[{"embeddable":true,"href":"https:\/\/www.claret.org\/pt-pt\/wp-json\/wp\/v2\/users\/69"}],"replies":[{"embeddable":true,"href":"https:\/\/www.claret.org\/pt-pt\/wp-json\/wp\/v2\/comments?post=159366"}],"version-history":[{"count":0,"href":"https:\/\/www.claret.org\/pt-pt\/wp-json\/wp\/v2\/posts\/159366\/revisions"}],"wp:featuredmedia":[{"embeddable":true,"href":"https:\/\/www.claret.org\/pt-pt\/wp-json\/wp\/v2\/media\/159285"}],"wp:attachment":[{"href":"https:\/\/www.claret.org\/pt-pt\/wp-json\/wp\/v2\/media?parent=159366"}],"wp:term":[{"taxonomy":"category","embeddable":true,"href":"https:\/\/www.claret.org\/pt-pt\/wp-json\/wp\/v2\/categories?post=159366"},{"taxonomy":"post_tag","embeddable":true,"href":"https:\/\/www.claret.org\/pt-pt\/wp-json\/wp\/v2\/tags?post=159366"}],"curies":[{"name":"wp","href":"https:\/\/api.w.org\/{rel}","templated":true}]}}