{"id":163241,"date":"2024-02-08T19:05:22","date_gmt":"2024-02-08T18:05:22","guid":{"rendered":"https:\/\/www.claret.org\/abracando-a-chamada-de-mergulho-ordenacoes-em-camaroes-e-na-india\/"},"modified":"2024-02-09T14:24:54","modified_gmt":"2024-02-09T13:24:54","slug":"abracando-a-chamada-de-mergulho-ordenacoes-em-camaroes-e-na-india","status":"publish","type":"post","link":"https:\/\/www.claret.org\/pt-pt\/abracando-a-chamada-de-mergulho-ordenacoes-em-camaroes-e-na-india\/","title":{"rendered":"Abra\u00e7ando a Chamada de Mergulho: Ordena\u00e7\u00f5es em Camar\u00f5es e na \u00cdndia"},"content":{"rendered":"\n<p class=\"has-drop-cap\">A Par\u00f3quia S\u00e3o Pio X de Ngoya, na Diocese de Obala, nos Camar\u00f5es, testemunhou um momento importante no dia 1\u00ba de fevereiro de 2024, quando a Comemora\u00e7\u00e3o dos Beatos M\u00e1rtires Claretianos se tornou o pano de fundo para uma s\u00e9rie de ordena\u00e7\u00f5es. A solene celebra\u00e7\u00e3o eucar\u00edstica marcou as ordena\u00e7\u00f5es diaconais e presbiterais dos claretianos. Dom Sosth\u00e8ne Bayemi Matjei, Bispo da Diocese de Obala, presidiu a sagrada eucaristia, enchendo a ocasi\u00e3o de solenidade e gra\u00e7a.<\/p>\n\n<p>Num compromisso fiel com a Igreja e a sua miss\u00e3o, quatro claretianos foram ordenados ao diaconato: Albert Pascal Embolo, Norbert Doulani, Simon Armel Essomba e Wilson Tim Ankiambom.<\/p>\n\n<p><\/p>\n\n<p><\/p>\n\n<figure class=\"wp-block-gallery has-nested-images columns-default is-cropped wp-block-gallery-1 is-layout-flex wp-block-gallery-is-layout-flex\">\n<figure class=\"wp-block-image size-large\"><img data-recalc-dims=\"1\" loading=\"lazy\" decoding=\"async\" width=\"1024\" height=\"684\" data-id=\"163040\" src=\"https:\/\/i0.wp.com\/www.claret.org\/wp-content\/uploads\/2024\/02\/Cameroun-Diaconate-Ordination-2024-17.jpg?resize=1024%2C684&#038;ssl=1\" alt=\"\" class=\"wp-image-163040\" title=\"\" srcset=\"https:\/\/www.claret.org\/wp-content\/uploads\/2024\/02\/Cameroun-Diaconate-Ordination-2024-17-980x654.jpg 980w, https:\/\/www.claret.org\/wp-content\/uploads\/2024\/02\/Cameroun-Diaconate-Ordination-2024-17-480x321.jpg 480w\" sizes=\"(min-width: 0px) and (max-width: 480px) 480px, (min-width: 481px) and (max-width: 980px) 980px, (min-width: 981px) 1024px, 100vw\" \/><\/figure>\n\n\n\n<figure class=\"wp-block-image size-large\"><img data-recalc-dims=\"1\" loading=\"lazy\" decoding=\"async\" width=\"1024\" height=\"684\" data-id=\"163022\" src=\"https:\/\/i0.wp.com\/www.claret.org\/wp-content\/uploads\/2024\/02\/Cameroun-Diaconate-Ordination-2024-1.jpg?resize=1024%2C684&#038;ssl=1\" alt=\"\" class=\"wp-image-163022\" title=\"\" srcset=\"https:\/\/www.claret.org\/wp-content\/uploads\/2024\/02\/Cameroun-Diaconate-Ordination-2024-1-980x654.jpg 980w, https:\/\/www.claret.org\/wp-content\/uploads\/2024\/02\/Cameroun-Diaconate-Ordination-2024-1-480x321.jpg 480w\" sizes=\"(min-width: 0px) and (max-width: 480px) 480px, (min-width: 481px) and (max-width: 980px) 980px, (min-width: 981px) 1024px, 100vw\" \/><\/figure>\n<\/figure>\n\n<p><\/p>\n\n<p><\/p>\n\n<p>Os di\u00e1conos claretianos Bertin Abeng D. Frundi, Casimir Mevoungou, Cedric Raoul Tedongmo, Martin Joel Mboudou, Melvin Ngwakongnwi Neba, Steve Rodrigue Ndomo e Ulrich Mbah Essomba foram ordenados sacerdotes.<\/p>\n\n<p>Na sua homilia, Dom Sosth\u00e8ne Bayemi Matjei sublinhou a import\u00e2ncia da un\u00e7\u00e3o, destacando o seu papel crucial, bem como a investidura divina e a miss\u00e3o espiritual que ela confia a quem a recebe. O bispo encorajou os irm\u00e3os a se tornarem bons servidores, guias e pastores do povo de Deus. Eles precisar\u00e3o buscar ardentemente a compaix\u00e3o, a humildade e serem totalmente dedicados em seu minist\u00e9rio.<\/p>\n\n<blockquote class=\"wp-block-quote is-layout-flow wp-block-quote-is-layout-flow\">\n<p>\u201cConvido-vos a seguir o exemplo de Cristo Jesus nos Evangelhos e tamb\u00e9m o do vosso fundador, Santo Ant\u00f3nio Maria Claret, que ardeu com grande zelo apost\u00f3lico\u201d, disse.<\/p>\n<\/blockquote>\n\n<p>Depois da Missa, o Bispo, os novos sacerdotes e di\u00e1conos, outros confrades, familiares dos ordenandos e outros convidados reuniram-se no Teologado do Cora\u00e7\u00e3o Imaculado de Maria para continuarem a partilhar a alegria durante uma refei\u00e7\u00e3o fraterna oferecida pela Delega\u00e7\u00e3o.<\/p>\n\n<p><\/p>\n\n<p><\/p>\n\n<figure class=\"wp-block-gallery has-nested-images columns-default is-cropped wp-block-gallery-2 is-layout-flex wp-block-gallery-is-layout-flex\">\n<figure class=\"wp-block-image size-large\"><img data-recalc-dims=\"1\" loading=\"lazy\" decoding=\"async\" width=\"1024\" height=\"684\" data-id=\"163046\" src=\"https:\/\/i0.wp.com\/www.claret.org\/wp-content\/uploads\/2024\/02\/Cameroun-Diaconate-Ordination-2024-7.jpg?resize=1024%2C684&#038;ssl=1\" alt=\"\" class=\"wp-image-163046\" title=\"\" srcset=\"https:\/\/www.claret.org\/wp-content\/uploads\/2024\/02\/Cameroun-Diaconate-Ordination-2024-7-980x654.jpg 980w, https:\/\/www.claret.org\/wp-content\/uploads\/2024\/02\/Cameroun-Diaconate-Ordination-2024-7-480x321.jpg 480w\" sizes=\"(min-width: 0px) and (max-width: 480px) 480px, (min-width: 481px) and (max-width: 980px) 980px, (min-width: 981px) 1024px, 100vw\" \/><\/figure>\n\n\n\n<figure class=\"wp-block-image size-large\"><img data-recalc-dims=\"1\" loading=\"lazy\" decoding=\"async\" width=\"1024\" height=\"684\" data-id=\"163052\" src=\"https:\/\/i0.wp.com\/www.claret.org\/wp-content\/uploads\/2024\/02\/Cameroun-Diaconate-Ordination-2024-12.jpg?resize=1024%2C684&#038;ssl=1\" alt=\"\" class=\"wp-image-163052\" title=\"\" srcset=\"https:\/\/www.claret.org\/wp-content\/uploads\/2024\/02\/Cameroun-Diaconate-Ordination-2024-12-980x654.jpg 980w, https:\/\/www.claret.org\/wp-content\/uploads\/2024\/02\/Cameroun-Diaconate-Ordination-2024-12-480x321.jpg 480w\" sizes=\"(min-width: 0px) and (max-width: 480px) 480px, (min-width: 481px) and (max-width: 980px) 980px, (min-width: 981px) 1024px, 100vw\" \/><\/figure>\n\n\n\n<figure class=\"wp-block-image size-large\"><img data-recalc-dims=\"1\" loading=\"lazy\" decoding=\"async\" width=\"1024\" height=\"684\" data-id=\"163058\" src=\"https:\/\/i0.wp.com\/www.claret.org\/wp-content\/uploads\/2024\/02\/Cameroun-Diaconate-Ordination-2024-8-1.jpg?resize=1024%2C684&#038;ssl=1\" alt=\"\" class=\"wp-image-163058\" title=\"\" srcset=\"https:\/\/www.claret.org\/wp-content\/uploads\/2024\/02\/Cameroun-Diaconate-Ordination-2024-8-1-980x654.jpg 980w, https:\/\/www.claret.org\/wp-content\/uploads\/2024\/02\/Cameroun-Diaconate-Ordination-2024-8-1-480x321.jpg 480w\" sizes=\"(min-width: 0px) and (max-width: 480px) 480px, (min-width: 481px) and (max-width: 980px) 980px, (min-width: 981px) 1024px, 100vw\" \/><\/figure>\n\n\n\n<figure class=\"wp-block-image size-large\"><img data-recalc-dims=\"1\" loading=\"lazy\" decoding=\"async\" width=\"1024\" height=\"684\" data-id=\"163064\" src=\"https:\/\/i0.wp.com\/www.claret.org\/wp-content\/uploads\/2024\/02\/Cameroun-Diaconate-Ordination-2024-15.jpg?resize=1024%2C684&#038;ssl=1\" alt=\"\" class=\"wp-image-163064\" title=\"\" srcset=\"https:\/\/www.claret.org\/wp-content\/uploads\/2024\/02\/Cameroun-Diaconate-Ordination-2024-15-980x654.jpg 980w, https:\/\/www.claret.org\/wp-content\/uploads\/2024\/02\/Cameroun-Diaconate-Ordination-2024-15-480x321.jpg 480w\" sizes=\"(min-width: 0px) and (max-width: 480px) 480px, (min-width: 481px) and (max-width: 980px) 980px, (min-width: 981px) 1024px, 100vw\" \/><\/figure>\n\n\n\n<figure class=\"wp-block-image size-large\"><img data-recalc-dims=\"1\" loading=\"lazy\" decoding=\"async\" width=\"1024\" height=\"684\" data-id=\"163070\" src=\"https:\/\/i0.wp.com\/www.claret.org\/wp-content\/uploads\/2024\/02\/Cameroun-Diaconate-Ordination-2024-24.jpg?resize=1024%2C684&#038;ssl=1\" alt=\"\" class=\"wp-image-163070\" title=\"\" srcset=\"https:\/\/www.claret.org\/wp-content\/uploads\/2024\/02\/Cameroun-Diaconate-Ordination-2024-24-980x654.jpg 980w, https:\/\/www.claret.org\/wp-content\/uploads\/2024\/02\/Cameroun-Diaconate-Ordination-2024-24-480x321.jpg 480w\" sizes=\"(min-width: 0px) and (max-width: 480px) 480px, (min-width: 481px) and (max-width: 980px) 980px, (min-width: 981px) 1024px, 100vw\" \/><\/figure>\n\n\n\n<figure class=\"wp-block-image size-large\"><img data-recalc-dims=\"1\" loading=\"lazy\" decoding=\"async\" width=\"1024\" height=\"684\" data-id=\"163076\" src=\"https:\/\/i0.wp.com\/www.claret.org\/wp-content\/uploads\/2024\/02\/Cameroun-Diaconate-Ordination-2024-31.jpg?resize=1024%2C684&#038;ssl=1\" alt=\"\" class=\"wp-image-163076\" title=\"\" srcset=\"https:\/\/www.claret.org\/wp-content\/uploads\/2024\/02\/Cameroun-Diaconate-Ordination-2024-31-980x654.jpg 980w, https:\/\/www.claret.org\/wp-content\/uploads\/2024\/02\/Cameroun-Diaconate-Ordination-2024-31-480x321.jpg 480w\" sizes=\"(min-width: 0px) and (max-width: 480px) 480px, (min-width: 481px) and (max-width: 980px) 980px, (min-width: 981px) 1024px, 100vw\" \/><\/figure>\n<\/figure>\n\n<p><\/p>\n\n<p><\/p>\n\n<p>Por outro lado, em Charal, na \u00cdndia, numa celebra\u00e7\u00e3o realizada na Par\u00f3quia de S\u00e3o Sebasti\u00e3o, o di\u00e1cono indiano Dayas Vazhakalaputhenpura, CMF, da Prov\u00edncia de Santiago (Espanha), foi ordenado sacerdote. A importante ocasi\u00e3o ocorreu no dia 3 de fevereiro de 2024, atrav\u00e9s da imposi\u00e7\u00e3o de m\u00e3os de Dom Joseph Pamplany, Bispo da Arquidiocese de Thalassery, \u00cdndia.<\/p>\n\n<p>A cerim\u00f4nia de ordena\u00e7\u00e3o contou com a presen\u00e7a de delegados da Prov\u00edncia de Santiago, claretianos da Prov\u00edncia de St. Thomas, clero local, familiares, parentes e amigos do Pe. Dayas.<\/p>\n\n<p><\/p>\n\n<p><\/p>\n\n<figure class=\"wp-block-gallery has-nested-images columns-default is-cropped wp-block-gallery-3 is-layout-flex wp-block-gallery-is-layout-flex\">\n<figure class=\"wp-block-image size-large\"><img data-recalc-dims=\"1\" loading=\"lazy\" decoding=\"async\" width=\"1024\" height=\"682\" data-id=\"163198\" src=\"https:\/\/i0.wp.com\/www.claret.org\/wp-content\/uploads\/2024\/02\/IMG-20240209-WA0035-1.jpg?resize=1024%2C682&#038;ssl=1\" alt=\"\" class=\"wp-image-163198\" title=\"\" srcset=\"https:\/\/www.claret.org\/wp-content\/uploads\/2024\/02\/IMG-20240209-WA0035-1-1024x682.jpg 1024w, https:\/\/www.claret.org\/wp-content\/uploads\/2024\/02\/IMG-20240209-WA0035-1-980x653.jpg 980w, https:\/\/www.claret.org\/wp-content\/uploads\/2024\/02\/IMG-20240209-WA0035-1-480x320.jpg 480w\" sizes=\"(min-width: 0px) and (max-width: 480px) 480px, (min-width: 481px) and (max-width: 980px) 980px, (min-width: 981px) 1024px, 100vw\" \/><\/figure>\n\n\n\n<figure class=\"wp-block-image size-large\"><img data-recalc-dims=\"1\" loading=\"lazy\" decoding=\"async\" width=\"1024\" height=\"462\" data-id=\"163082\" src=\"https:\/\/i0.wp.com\/www.claret.org\/wp-content\/uploads\/2024\/02\/ordination-of-Dayas-Vazhakalaputhenpura-2024-7.jpg?resize=1024%2C462&#038;ssl=1\" alt=\"\" class=\"wp-image-163082\" title=\"\" srcset=\"https:\/\/www.claret.org\/wp-content\/uploads\/2024\/02\/ordination-of-Dayas-Vazhakalaputhenpura-2024-7-1024x462.jpg 1024w, https:\/\/www.claret.org\/wp-content\/uploads\/2024\/02\/ordination-of-Dayas-Vazhakalaputhenpura-2024-7-980x442.jpg 980w, https:\/\/www.claret.org\/wp-content\/uploads\/2024\/02\/ordination-of-Dayas-Vazhakalaputhenpura-2024-7-480x217.jpg 480w\" sizes=\"(min-width: 0px) and (max-width: 480px) 480px, (min-width: 481px) and (max-width: 980px) 980px, (min-width: 981px) 1024px, 100vw\" \/><\/figure>\n\n\n\n<figure class=\"wp-block-image size-large\"><img data-recalc-dims=\"1\" loading=\"lazy\" decoding=\"async\" width=\"1080\" height=\"720\" data-id=\"163168\" src=\"https:\/\/i0.wp.com\/www.claret.org\/wp-content\/uploads\/2024\/02\/IMG-20240209-WA0035.jpg?resize=1080%2C720&#038;ssl=1\" alt=\"\" class=\"wp-image-163168\" title=\"\" srcset=\"https:\/\/www.claret.org\/wp-content\/uploads\/2024\/02\/IMG-20240209-WA0035.jpg 1280w, https:\/\/www.claret.org\/wp-content\/uploads\/2024\/02\/IMG-20240209-WA0035-980x653.jpg 980w, https:\/\/www.claret.org\/wp-content\/uploads\/2024\/02\/IMG-20240209-WA0035-480x320.jpg 480w\" sizes=\"(min-width: 0px) and (max-width: 480px) 480px, (min-width: 481px) and (max-width: 980px) 980px, (min-width: 981px) 1280px, 100vw\" \/><\/figure>\n\n\n\n<figure class=\"wp-block-image size-large\"><img data-recalc-dims=\"1\" loading=\"lazy\" decoding=\"async\" width=\"1080\" height=\"720\" data-id=\"163174\" src=\"https:\/\/i0.wp.com\/www.claret.org\/wp-content\/uploads\/2024\/02\/IMG-20240209-WA0028.jpg?resize=1080%2C720&#038;ssl=1\" alt=\"\" class=\"wp-image-163174\" title=\"\" srcset=\"https:\/\/www.claret.org\/wp-content\/uploads\/2024\/02\/IMG-20240209-WA0028.jpg 1500w, https:\/\/www.claret.org\/wp-content\/uploads\/2024\/02\/IMG-20240209-WA0028-1280x853.jpg 1280w, https:\/\/www.claret.org\/wp-content\/uploads\/2024\/02\/IMG-20240209-WA0028-980x653.jpg 980w, https:\/\/www.claret.org\/wp-content\/uploads\/2024\/02\/IMG-20240209-WA0028-480x320.jpg 480w\" sizes=\"(min-width: 0px) and (max-width: 480px) 480px, (min-width: 481px) and (max-width: 980px) 980px, (min-width: 981px) and (max-width: 1280px) 1280px, (min-width: 1281px) 1500px, 100vw\" \/><\/figure>\n\n\n\n<figure class=\"wp-block-image size-large\"><img data-recalc-dims=\"1\" loading=\"lazy\" decoding=\"async\" width=\"1080\" height=\"720\" data-id=\"163180\" src=\"https:\/\/i0.wp.com\/www.claret.org\/wp-content\/uploads\/2024\/02\/IMG-20240209-WA0023.jpg?resize=1080%2C720&#038;ssl=1\" alt=\"\" class=\"wp-image-163180\" title=\"\" srcset=\"https:\/\/www.claret.org\/wp-content\/uploads\/2024\/02\/IMG-20240209-WA0023.jpg 1500w, https:\/\/www.claret.org\/wp-content\/uploads\/2024\/02\/IMG-20240209-WA0023-1280x853.jpg 1280w, https:\/\/www.claret.org\/wp-content\/uploads\/2024\/02\/IMG-20240209-WA0023-980x653.jpg 980w, https:\/\/www.claret.org\/wp-content\/uploads\/2024\/02\/IMG-20240209-WA0023-480x320.jpg 480w\" sizes=\"(min-width: 0px) and (max-width: 480px) 480px, (min-width: 481px) and (max-width: 980px) 980px, (min-width: 981px) and (max-width: 1280px) 1280px, (min-width: 1281px) 1500px, 100vw\" \/><\/figure>\n\n\n\n<figure class=\"wp-block-image size-large\"><img data-recalc-dims=\"1\" loading=\"lazy\" decoding=\"async\" width=\"1080\" height=\"720\" data-id=\"163192\" src=\"https:\/\/i0.wp.com\/www.claret.org\/wp-content\/uploads\/2024\/02\/IMG-20240209-WA0017.jpg?resize=1080%2C720&#038;ssl=1\" alt=\"\" class=\"wp-image-163192\" title=\"\" srcset=\"https:\/\/www.claret.org\/wp-content\/uploads\/2024\/02\/IMG-20240209-WA0017.jpg 1500w, https:\/\/www.claret.org\/wp-content\/uploads\/2024\/02\/IMG-20240209-WA0017-1280x853.jpg 1280w, https:\/\/www.claret.org\/wp-content\/uploads\/2024\/02\/IMG-20240209-WA0017-980x653.jpg 980w, https:\/\/www.claret.org\/wp-content\/uploads\/2024\/02\/IMG-20240209-WA0017-480x320.jpg 480w\" sizes=\"(min-width: 0px) and (max-width: 480px) 480px, (min-width: 481px) and (max-width: 980px) 980px, (min-width: 981px) and (max-width: 1280px) 1280px, (min-width: 1281px) 1500px, 100vw\" \/><\/figure>\n\n\n\n<figure class=\"wp-block-image size-large\"><img data-recalc-dims=\"1\" loading=\"lazy\" decoding=\"async\" width=\"1024\" height=\"683\" data-id=\"163204\" src=\"https:\/\/i0.wp.com\/www.claret.org\/wp-content\/uploads\/2024\/02\/IMG-20240209-WA0026.jpg?resize=1024%2C683&#038;ssl=1\" alt=\"\" class=\"wp-image-163204\" title=\"\" srcset=\"https:\/\/www.claret.org\/wp-content\/uploads\/2024\/02\/IMG-20240209-WA0026-980x653.jpg 980w, https:\/\/www.claret.org\/wp-content\/uploads\/2024\/02\/IMG-20240209-WA0026-480x320.jpg 480w\" sizes=\"(min-width: 0px) and (max-width: 480px) 480px, (min-width: 481px) and (max-width: 980px) 980px, (min-width: 981px) 1024px, 100vw\" \/><\/figure>\n<\/figure>\n","protected":false},"excerpt":{"rendered":"<p>A Par\u00f3quia S\u00e3o Pio X de Ngoya, na Diocese de Obala, nos Camar\u00f5es, testemunhou um momento importante no dia 1\u00ba de fevereiro de 2024, quando a Comemora\u00e7\u00e3o dos Beatos M\u00e1rtires Claretianos se tornou o pano de fundo para uma s\u00e9rie de ordena\u00e7\u00f5es. A solene celebra\u00e7\u00e3o eucar\u00edstica marcou as ordena\u00e7\u00f5es diaconais e presbiterais dos claretianos. Dom [&hellip;]<\/p>\n","protected":false},"author":69,"featured_media":163118,"comment_status":"closed","ping_status":"closed","sticky":false,"template":"","format":"standard","meta":{"_et_pb_use_builder":"","_et_pb_old_content":"","_et_gb_content_width":"","footnotes":""},"categories":[135,574,339],"tags":[],"class_list":["post-163241","post","type-post","status-publish","format-standard","has-post-thumbnail","hentry","category-cameroun-pt-pt","category-ordenacoes","category-santiago-pt-pt"],"jetpack_featured_media_url":"https:\/\/i0.wp.com\/www.claret.org\/wp-content\/uploads\/2024\/02\/Cameroun-Diaconate-Ordination-2024-19-scaled.jpg?fit=2880%2C1923&ssl=1","jetpack_sharing_enabled":true,"jetpack_shortlink":"https:\/\/wp.me\/pdaBmi-GsV","jetpack_likes_enabled":true,"_links":{"self":[{"href":"https:\/\/www.claret.org\/pt-pt\/wp-json\/wp\/v2\/posts\/163241","targetHints":{"allow":["GET"]}}],"collection":[{"href":"https:\/\/www.claret.org\/pt-pt\/wp-json\/wp\/v2\/posts"}],"about":[{"href":"https:\/\/www.claret.org\/pt-pt\/wp-json\/wp\/v2\/types\/post"}],"author":[{"embeddable":true,"href":"https:\/\/www.claret.org\/pt-pt\/wp-json\/wp\/v2\/users\/69"}],"replies":[{"embeddable":true,"href":"https:\/\/www.claret.org\/pt-pt\/wp-json\/wp\/v2\/comments?post=163241"}],"version-history":[{"count":0,"href":"https:\/\/www.claret.org\/pt-pt\/wp-json\/wp\/v2\/posts\/163241\/revisions"}],"wp:featuredmedia":[{"embeddable":true,"href":"https:\/\/www.claret.org\/pt-pt\/wp-json\/wp\/v2\/media\/163118"}],"wp:attachment":[{"href":"https:\/\/www.claret.org\/pt-pt\/wp-json\/wp\/v2\/media?parent=163241"}],"wp:term":[{"taxonomy":"category","embeddable":true,"href":"https:\/\/www.claret.org\/pt-pt\/wp-json\/wp\/v2\/categories?post=163241"},{"taxonomy":"post_tag","embeddable":true,"href":"https:\/\/www.claret.org\/pt-pt\/wp-json\/wp\/v2\/tags?post=163241"}],"curies":[{"name":"wp","href":"https:\/\/api.w.org\/{rel}","templated":true}]}}