{"id":163868,"date":"2024-02-29T12:53:51","date_gmt":"2024-02-29T11:53:51","guid":{"rendered":"https:\/\/www.claret.org\/nomeacao-do-pe-aitor-jimenez-cmf-como-subsecretario-da-diclsal\/"},"modified":"2024-03-02T13:20:09","modified_gmt":"2024-03-02T12:20:09","slug":"nomeacao-do-pe-aitor-jimenez-cmf-como-subsecretario-da-diclsal","status":"publish","type":"post","link":"https:\/\/www.claret.org\/pt-pt\/nomeacao-do-pe-aitor-jimenez-cmf-como-subsecretario-da-diclsal\/","title":{"rendered":"Nomea\u00e7\u00e3o do Pe. Aitor Jim\u00e9nez CMF como subsecret\u00e1rio da DICLSAL"},"content":{"rendered":"\n<p class=\"has-drop-cap\"><p><strong>Roma.<\/strong> O Santo Padre nomeou o Padre Aitor Jim\u00e9nez CMF como subsecret\u00e1rio do Dicast\u00e9rio para os Institutos de Vida Consagrada e as Sociedades de Vida Apost\u00f3lica (DICLSAL). Regozijamo-nos com o nosso irm\u00e3o pela merecida confian\u00e7a, desejamos-lhe um excelente trabalho em favor da vida consagrada e oferecemos-lhe o nosso apoio e ora\u00e7\u00f5es. \u00c9 uma alegria e uma honra para toda a Congrega\u00e7\u00e3o.<\/p><\/p>\n\n<p><p><strong>Curriculum vitae<\/strong><\/p>&#13;\n<p>Jim\u00e9nez Echave, CMF, nasceu em 29 de dezembro de 1962 em Luchana-Baracaldo (Espanha). Em 13 de setembro de 1987 fez a Profiss\u00e3o Perp\u00e9tua na Congrega\u00e7\u00e3o dos Mission\u00e1rios Filhos do Imaculado Cora\u00e7\u00e3o de Maria e em 30 de abril de 1989 foi ordenado sacerdote. Fez o Doutorado em Utroque Iure e o Doutorado em Teologia da Vida Consagrada pela Pontif\u00edcia Universidade Lateranense de Roma (It\u00e1lia). Possui v\u00e1rios Diplomas, incluindo um em Direito Can\u00f4nico Oriental. Desde 2006 \u00e9 Oficial do Dicast\u00e9rio para os Institutos de Vida Consagrada e as Sociedades de Vida Apost\u00f3lica.<\/p><\/p>\n","protected":false},"excerpt":{"rendered":"<p>Roma. O Santo Padre nomeou o Padre Aitor Jim\u00e9nez CMF como subsecret\u00e1rio do Dicast\u00e9rio para os Institutos de Vida Consagrada e as Sociedades de Vida Apost\u00f3lica (DICLSAL). Regozijamo-nos com o nosso irm\u00e3o pela merecida confian\u00e7a, desejamos-lhe um excelente trabalho em favor da vida consagrada e oferecemos-lhe o nosso apoio e ora\u00e7\u00f5es. \u00c9 uma alegria e [&hellip;]<\/p>\n","protected":false},"author":69,"featured_media":163821,"comment_status":"closed","ping_status":"closed","sticky":false,"template":"","format":"standard","meta":{"_et_pb_use_builder":"","_et_pb_old_content":"","_et_gb_content_width":"","footnotes":""},"categories":[1099],"tags":[],"class_list":["post-163868","post","type-post","status-publish","format-standard","has-post-thumbnail","hentry","category-congregacao"],"jetpack_featured_media_url":"https:\/\/i0.wp.com\/www.claret.org\/wp-content\/uploads\/2024\/02\/Fr-Aitur.jpg?fit=1890%2C1200&ssl=1","jetpack_sharing_enabled":true,"jetpack_shortlink":"https:\/\/wp.me\/pdaBmi-GD2","jetpack_likes_enabled":true,"_links":{"self":[{"href":"https:\/\/www.claret.org\/pt-pt\/wp-json\/wp\/v2\/posts\/163868","targetHints":{"allow":["GET"]}}],"collection":[{"href":"https:\/\/www.claret.org\/pt-pt\/wp-json\/wp\/v2\/posts"}],"about":[{"href":"https:\/\/www.claret.org\/pt-pt\/wp-json\/wp\/v2\/types\/post"}],"author":[{"embeddable":true,"href":"https:\/\/www.claret.org\/pt-pt\/wp-json\/wp\/v2\/users\/69"}],"replies":[{"embeddable":true,"href":"https:\/\/www.claret.org\/pt-pt\/wp-json\/wp\/v2\/comments?post=163868"}],"version-history":[{"count":0,"href":"https:\/\/www.claret.org\/pt-pt\/wp-json\/wp\/v2\/posts\/163868\/revisions"}],"wp:featuredmedia":[{"embeddable":true,"href":"https:\/\/www.claret.org\/pt-pt\/wp-json\/wp\/v2\/media\/163821"}],"wp:attachment":[{"href":"https:\/\/www.claret.org\/pt-pt\/wp-json\/wp\/v2\/media?parent=163868"}],"wp:term":[{"taxonomy":"category","embeddable":true,"href":"https:\/\/www.claret.org\/pt-pt\/wp-json\/wp\/v2\/categories?post=163868"},{"taxonomy":"post_tag","embeddable":true,"href":"https:\/\/www.claret.org\/pt-pt\/wp-json\/wp\/v2\/tags?post=163868"}],"curies":[{"name":"wp","href":"https:\/\/api.w.org\/{rel}","templated":true}]}}