{"id":164756,"date":"2024-03-29T09:56:41","date_gmt":"2024-03-29T08:56:41","guid":{"rendered":"https:\/\/www.claret.org\/icl-sanyasa-realiza-22a-cerimonia-de-convocacao\/"},"modified":"2024-04-01T21:40:48","modified_gmt":"2024-04-01T19:40:48","slug":"icl-sanyasa-realiza-22a-cerimonia-de-convocacao","status":"publish","type":"post","link":"https:\/\/www.claret.org\/pt-pt\/icl-sanyasa-realiza-22a-cerimonia-de-convocacao\/","title":{"rendered":"ICL-SANYASA REALIZA 22\u00aa CERIM\u00d4NIA DE CONVOCA\u00c7\u00c3O"},"content":{"rendered":"\n<p class=\"has-drop-cap\"><p><strong>Bangalore, \u00cdndia<\/strong>. O Instituto de Vida Consagrada \u2013 Sanyasa realizou sua vig\u00e9sima segunda cerim\u00f4nia de convoca\u00e7\u00e3o em 20 de mar\u00e7o de 2024. O evento foi agraciado por Dom Charles Leon, secret\u00e1rio executivo da Comiss\u00e3o CCBI (Confer\u00eancia dos Bispos Cat\u00f3licos da \u00cdndia) para voca\u00e7\u00f5es, semin\u00e1rios, clero e religiosos.<\/p><\/p>\n\n<p>Na Convoca\u00e7\u00e3o foram felicitados tr\u00eas estudantes de licenciatura que cumpriram todos os requisitos para a atribui\u00e7\u00e3o do grau. Doze alunos receberam diploma em teologia da vida consagrada. Vinte e tr\u00eas estudantes que completaram os tr\u00eas meses de prepara\u00e7\u00e3o intensiva para a profiss\u00e3o perp\u00e9tua receberam seus certificados. A Irm\u00e3 Rose Beena, SCSM foi premiada com o rec\u00e9m-institu\u00eddo Smt. V. Pr\u00eamio de M\u00e9rito Esther Stanley pelo melhor aluna no curso de teologia da vida consagrada. O pr\u00eamio foi institu\u00eddo pela Sra. Beulah Vennela, psic\u00f3loga de reabilita\u00e7\u00e3o, em homenagem a sua m\u00e3e que era professora, ativista e cat\u00f3lica praticante.<\/p>\n\n<p><p>Em seu discurso de convoca\u00e7\u00e3o, o Dr. Charles Leon lembrou aos formandos que devem honrar os fundamentos da vida consagrada e ser uma terapia espiritual para o mundo, ecoando o convite da Vita Consecrata, n\u00ba 87. O diretor do ICLS, Pe. Paulson Veliyannoor, CMF administrou o juramento de formatura para a turma de 2024.<\/p><\/p>\n\n<p>Source: Pe. Paulson Veliyannoor, CMF, Sanyasa (ICLS), Bangalore<\/p>\n\n<p><\/p>\n\n<figure class=\"wp-block-gallery has-nested-images columns-default is-cropped wp-block-gallery-1 is-layout-flex wp-block-gallery-is-layout-flex\">\n<figure class=\"wp-block-image size-large\"><img data-recalc-dims=\"1\" loading=\"lazy\" decoding=\"async\" width=\"1024\" height=\"681\" data-id=\"164705\" src=\"https:\/\/i0.wp.com\/www.claret.org\/wp-content\/uploads\/2024\/03\/Guests.jpg?resize=1024%2C681&#038;ssl=1\" alt=\"\" class=\"wp-image-164705\" title=\"\" srcset=\"https:\/\/www.claret.org\/wp-content\/uploads\/2024\/03\/Guests-980x652.jpg 980w, https:\/\/www.claret.org\/wp-content\/uploads\/2024\/03\/Guests-480x319.jpg 480w\" sizes=\"(min-width: 0px) and (max-width: 480px) 480px, (min-width: 481px) and (max-width: 980px) 980px, (min-width: 981px) 1024px, 100vw\" \/><\/figure>\n\n\n\n<figure class=\"wp-block-image size-large\"><img data-recalc-dims=\"1\" loading=\"lazy\" decoding=\"async\" width=\"1024\" height=\"681\" data-id=\"164717\" src=\"https:\/\/i0.wp.com\/www.claret.org\/wp-content\/uploads\/2024\/03\/Award.jpg?resize=1024%2C681&#038;ssl=1\" alt=\"\" class=\"wp-image-164717\" title=\"\" srcset=\"https:\/\/www.claret.org\/wp-content\/uploads\/2024\/03\/Award-980x652.jpg 980w, https:\/\/www.claret.org\/wp-content\/uploads\/2024\/03\/Award-480x319.jpg 480w\" sizes=\"(min-width: 0px) and (max-width: 480px) 480px, (min-width: 481px) and (max-width: 980px) 980px, (min-width: 981px) 1024px, 100vw\" \/><\/figure>\n\n\n\n<figure class=\"wp-block-image size-large\"><img data-recalc-dims=\"1\" loading=\"lazy\" decoding=\"async\" width=\"1024\" height=\"681\" data-id=\"164723\" src=\"https:\/\/i0.wp.com\/www.claret.org\/wp-content\/uploads\/2024\/03\/LicentiateStudents.jpg?resize=1024%2C681&#038;ssl=1\" alt=\"\" class=\"wp-image-164723\" title=\"\" srcset=\"https:\/\/www.claret.org\/wp-content\/uploads\/2024\/03\/LicentiateStudents-980x652.jpg 980w, https:\/\/www.claret.org\/wp-content\/uploads\/2024\/03\/LicentiateStudents-480x319.jpg 480w\" sizes=\"(min-width: 0px) and (max-width: 480px) 480px, (min-width: 481px) and (max-width: 980px) 980px, (min-width: 981px) 1024px, 100vw\" \/><\/figure>\n\n\n\n<figure class=\"wp-block-image size-large\"><img data-recalc-dims=\"1\" loading=\"lazy\" decoding=\"async\" width=\"1024\" height=\"681\" data-id=\"164711\" src=\"https:\/\/i0.wp.com\/www.claret.org\/wp-content\/uploads\/2024\/03\/Oath-Taking.jpg?resize=1024%2C681&#038;ssl=1\" alt=\"\" class=\"wp-image-164711\" title=\"\" srcset=\"https:\/\/www.claret.org\/wp-content\/uploads\/2024\/03\/Oath-Taking-980x652.jpg 980w, https:\/\/www.claret.org\/wp-content\/uploads\/2024\/03\/Oath-Taking-480x319.jpg 480w\" sizes=\"(min-width: 0px) and (max-width: 480px) 480px, (min-width: 481px) and (max-width: 980px) 980px, (min-width: 981px) 1024px, 100vw\" \/><\/figure>\n<\/figure>\n","protected":false},"excerpt":{"rendered":"<p>Bangalore, \u00cdndia. O Instituto de Vida Consagrada \u2013 Sanyasa realizou sua vig\u00e9sima segunda cerim\u00f4nia de convoca\u00e7\u00e3o em 20 de mar\u00e7o de 2024. O evento foi agraciado por Dom Charles Leon, secret\u00e1rio executivo da Comiss\u00e3o CCBI (Confer\u00eancia dos Bispos Cat\u00f3licos da \u00cdndia) para voca\u00e7\u00f5es, semin\u00e1rios, clero e religiosos. Na Convoca\u00e7\u00e3o foram felicitados tr\u00eas estudantes de licenciatura [&hellip;]<\/p>\n","protected":false},"author":69,"featured_media":164733,"comment_status":"closed","ping_status":"closed","sticky":false,"template":"","format":"standard","meta":{"_et_pb_use_builder":"","_et_pb_old_content":"","_et_gb_content_width":"","footnotes":""},"categories":[222,418],"tags":[],"class_list":["post-164756","post","type-post","status-publish","format-standard","has-post-thumbnail","hentry","category-bangalore-pt-pt","category-vida-consagrada-pt-pt"],"jetpack_featured_media_url":"https:\/\/i0.wp.com\/www.claret.org\/wp-content\/uploads\/2024\/03\/Group-Photo-scaled.jpg?fit=2880%2C1407&ssl=1","jetpack_sharing_enabled":true,"jetpack_shortlink":"https:\/\/wp.me\/pdaBmi-GRm","jetpack_likes_enabled":true,"_links":{"self":[{"href":"https:\/\/www.claret.org\/pt-pt\/wp-json\/wp\/v2\/posts\/164756","targetHints":{"allow":["GET"]}}],"collection":[{"href":"https:\/\/www.claret.org\/pt-pt\/wp-json\/wp\/v2\/posts"}],"about":[{"href":"https:\/\/www.claret.org\/pt-pt\/wp-json\/wp\/v2\/types\/post"}],"author":[{"embeddable":true,"href":"https:\/\/www.claret.org\/pt-pt\/wp-json\/wp\/v2\/users\/69"}],"replies":[{"embeddable":true,"href":"https:\/\/www.claret.org\/pt-pt\/wp-json\/wp\/v2\/comments?post=164756"}],"version-history":[{"count":0,"href":"https:\/\/www.claret.org\/pt-pt\/wp-json\/wp\/v2\/posts\/164756\/revisions"}],"wp:featuredmedia":[{"embeddable":true,"href":"https:\/\/www.claret.org\/pt-pt\/wp-json\/wp\/v2\/media\/164733"}],"wp:attachment":[{"href":"https:\/\/www.claret.org\/pt-pt\/wp-json\/wp\/v2\/media?parent=164756"}],"wp:term":[{"taxonomy":"category","embeddable":true,"href":"https:\/\/www.claret.org\/pt-pt\/wp-json\/wp\/v2\/categories?post=164756"},{"taxonomy":"post_tag","embeddable":true,"href":"https:\/\/www.claret.org\/pt-pt\/wp-json\/wp\/v2\/tags?post=164756"}],"curies":[{"name":"wp","href":"https:\/\/api.w.org\/{rel}","templated":true}]}}