{"id":164956,"date":"2024-04-10T11:09:00","date_gmt":"2024-04-10T09:09:00","guid":{"rendered":"https:\/\/www.claret.org\/claretianos-do-congo-iluminam-175o-aniversario-com-sessao-de-formacao\/"},"modified":"2024-04-10T11:09:00","modified_gmt":"2024-04-10T09:09:00","slug":"claretianos-do-congo-iluminam-175o-aniversario-com-sessao-de-formacao","status":"publish","type":"post","link":"https:\/\/www.claret.org\/pt-pt\/claretianos-do-congo-iluminam-175o-aniversario-com-sessao-de-formacao\/","title":{"rendered":"Claretianos do Congo iluminam 175\u00ba anivers\u00e1rio com sess\u00e3o de forma\u00e7\u00e3o"},"content":{"rendered":"<p><strong>Kikwit, Congo.<\/strong> A Delega\u00e7\u00e3o Independente do Congo organizou recentemente uma sess\u00e3o sobre forma\u00e7\u00e3o permanente para a etapa do Quinqu\u00eanio, realizada de 2 a 6 de abril de 2024, na sua resid\u00eancia em Kikwit. Tendo como pano de fundo a celebra\u00e7\u00e3o do 175\u00ba anivers\u00e1rio da funda\u00e7\u00e3o da congrega\u00e7\u00e3o, a sess\u00e3o centrou-se no tema \u201cEspalhando a Chama do Esp\u00edrito\u201d.<\/p>\n<p>&nbsp;<\/p>\n<p>Sob a orienta\u00e7\u00e3o dos Padres Placide Sumbula, Tryphon Bimbangu e Alexandre-Fran\u00e7ois Mwanza, CMFF, a sess\u00e3o mergulhou em tr\u00eas subtemas convincentes. Em primeiro lugar, explorou a jornada de cinco anos de Santo Ant\u00f4nio Maria Claret, oferecendo profundas reflex\u00f5es sobre suas experi\u00eancias not\u00e1veis. Em segundo lugar, o papel da Palavra de Deus na miss\u00e3o de Claret e dos Claretianos. Por \u00faltimo, a sess\u00e3o assumiu o desafio contempor\u00e2neo de ser ouvinte e servidor da Palavra, enfatizando as dimens\u00f5es psico-s\u00f3cio-espirituais deste empreendimento vital.<\/p>\n<p>&nbsp;<\/p>\n<p>O compromisso foi enriquecido pela participa\u00e7\u00e3o ativa de dez claretianos, cada um nos primeiros cinco anos do seu sacerd\u00f3cio ministerial. Suas contribui\u00e7\u00f5es agregaram profundidade e dinamismo \u00e0s discuss\u00f5es, promovendo um clima colaborativo voltado ao crescimento e \u00e0 reflex\u00e3o coletiva.<\/p>\n","protected":false},"excerpt":{"rendered":"<p>Kikwit, Congo. A Delega\u00e7\u00e3o Independente do Congo organizou recentemente uma sess\u00e3o sobre forma\u00e7\u00e3o permanente para a etapa do Quinqu\u00eanio, realizada de 2 a 6 de abril de 2024, na sua resid\u00eancia em Kikwit. Tendo como pano de fundo a celebra\u00e7\u00e3o do 175\u00ba anivers\u00e1rio da funda\u00e7\u00e3o da congrega\u00e7\u00e3o, a sess\u00e3o centrou-se no tema \u201cEspalhando a Chama [&hellip;]<\/p>\n","protected":false},"author":69,"featured_media":164933,"comment_status":"closed","ping_status":"closed","sticky":false,"template":"","format":"standard","meta":{"_et_pb_use_builder":"","_et_pb_old_content":"","_et_gb_content_width":"","footnotes":""},"categories":[137,624],"tags":[],"class_list":["post-164956","post","type-post","status-publish","format-standard","has-post-thumbnail","hentry","category-congo-pt-pt","category-formacao-permanente"],"jetpack_featured_media_url":"https:\/\/i0.wp.com\/www.claret.org\/wp-content\/uploads\/2024\/04\/WhatsApp-Image-2024-04-05-at-19.22.01_c6c224e6.jpg?fit=1080%2C810&ssl=1","jetpack_sharing_enabled":true,"jetpack_shortlink":"https:\/\/wp.me\/pdaBmi-GUA","jetpack_likes_enabled":true,"_links":{"self":[{"href":"https:\/\/www.claret.org\/pt-pt\/wp-json\/wp\/v2\/posts\/164956","targetHints":{"allow":["GET"]}}],"collection":[{"href":"https:\/\/www.claret.org\/pt-pt\/wp-json\/wp\/v2\/posts"}],"about":[{"href":"https:\/\/www.claret.org\/pt-pt\/wp-json\/wp\/v2\/types\/post"}],"author":[{"embeddable":true,"href":"https:\/\/www.claret.org\/pt-pt\/wp-json\/wp\/v2\/users\/69"}],"replies":[{"embeddable":true,"href":"https:\/\/www.claret.org\/pt-pt\/wp-json\/wp\/v2\/comments?post=164956"}],"version-history":[{"count":0,"href":"https:\/\/www.claret.org\/pt-pt\/wp-json\/wp\/v2\/posts\/164956\/revisions"}],"wp:featuredmedia":[{"embeddable":true,"href":"https:\/\/www.claret.org\/pt-pt\/wp-json\/wp\/v2\/media\/164933"}],"wp:attachment":[{"href":"https:\/\/www.claret.org\/pt-pt\/wp-json\/wp\/v2\/media?parent=164956"}],"wp:term":[{"taxonomy":"category","embeddable":true,"href":"https:\/\/www.claret.org\/pt-pt\/wp-json\/wp\/v2\/categories?post=164956"},{"taxonomy":"post_tag","embeddable":true,"href":"https:\/\/www.claret.org\/pt-pt\/wp-json\/wp\/v2\/tags?post=164956"}],"curies":[{"name":"wp","href":"https:\/\/api.w.org\/{rel}","templated":true}]}}