{"id":165084,"date":"2024-04-10T13:40:00","date_gmt":"2024-04-10T11:40:00","guid":{"rendered":"https:\/\/www.claret.org\/atos-academicos-um-banquete-intelectual-na-delegacao-independente-dos-camaroes\/"},"modified":"2024-04-10T13:40:00","modified_gmt":"2024-04-10T11:40:00","slug":"atos-academicos-um-banquete-intelectual-na-delegacao-independente-dos-camaroes","status":"publish","type":"post","link":"https:\/\/www.claret.org\/pt-pt\/atos-academicos-um-banquete-intelectual-na-delegacao-independente-dos-camaroes\/","title":{"rendered":"Atos Acad\u00eamicos, um banquete intelectual na Delega\u00e7\u00e3o Independente dos Camar\u00f5es"},"content":{"rendered":"<p><strong>Casa Claret, Yaound\u00e9.<\/strong> Na tentativa de continuar a espalhar a chama na Congrega\u00e7\u00e3o, especialmente neste ano jubilar, a prefeitura de forma\u00e7\u00e3o da Delega\u00e7\u00e3o Independente dos Camar\u00f5es, sob o apoio do Pe. Theophile Parfet Yene, CMF, reuniu cerca de 100 estudantes na C\u00faria \u2013 Casa Claret em Nkolbisson no dia 1\u00ba de abril de 2024, para um banquete intelectual.<\/p>\n<p>&nbsp;<\/p>\n<p>Este encontro, que ocorre duas vezes por ano, tornou-se uma tradi\u00e7\u00e3o nos Camar\u00f5es desde 2017. Provenientes de tr\u00eas centros de forma\u00e7\u00e3o: o Filosofado M\u00e1rtires de Barbastro, o Noviciado Anton Probst e o Teologado Imaculado Cora\u00e7\u00e3o de Maria, os alunos reuniram-se para um momento de reflex\u00e3o e comunh\u00e3o, baseado na exorta\u00e7\u00e3o apost\u00f3lica Verbum Domini do Papa Bento XVI. Como claretianos, chamados a ser ouvintes e servos da Palavra de Deus, as confer\u00eancias em torno do tema: \u201cA Palavra de Deus na Vida e Miss\u00e3o da Igreja\u201d, revelaram-se muito fecundas para todos os participantes.<\/p>\n<p>&nbsp;<\/p>\n<p>A presen\u00e7a do Superior Maior, Pe. Jude Thaddeus Langeh, CMF e de todos os membros do conselho da delega\u00e7\u00e3o destacou ainda mais a import\u00e2ncia desta atividade. Ao dirigir-se aos estudantes, o Padre Jude insistiu na necessidade de estarmos enraizados na Palavra de Deus e n\u00e3o apenas tomarmos a B\u00edblia como um dos muitos livros da nossa biblioteca. Para tanto, apontou tr\u00eas compromissos fundamentais:<\/p>\n<p>&nbsp;<\/p>\n<p>&#8220;Primeiro, precisamos aprofundar o nosso pr\u00f3prio conhecimento da B\u00edblia. Isto significa ler regularmente a Palavra de Deus, meditar nela e participar em estudos b\u00edblicos. Em segundo lugar, precisamos partilhar a Palavra de Deus com outros. Isto pode ser feito de v\u00e1rias maneiras. Formas, como ensinar catecismo, liderar grupos de partilha da B\u00edblia ou simplesmente testemunhar o impacto que a Palavra de Deus teve nas nossas vidas. Em terceiro lugar, precisamos de viver a Palavra de Deus. Isto significa colocar os ensinamentos de Jesus em pr\u00e1tica nas nossas vidas di\u00e1rias, por &#8220;amar a Deus e ao pr\u00f3ximo&#8221;.<\/p>\n<p>&nbsp;<\/p>\n<p>Foi tamb\u00e9m uma oportunidade para os irm\u00e3os se encontrarem na continua\u00e7\u00e3o da alegria da P\u00e1scoa. Postulantes, novi\u00e7os, estudantes professos, di\u00e1conos e sacerdotes, estavam todos felizes por se reverem e partilharem a alegria de toda a Congrega\u00e7\u00e3o \u00e0 luz da celebra\u00e7\u00e3o do 175\u00ba anivers\u00e1rio da sua exist\u00eancia. Estiveram presentes os seguintes formadores:<\/p>\n<p>&nbsp;<\/p>\n<p>Pe. Theophile Okala, CMF, Pe. Gideon Kometah, CMF e o Pe, Martin Herve Ndi Nkoumou, CMF do Filosofado M\u00e1rtires de Barbastro, em Nkolbisson.<\/p>\n<p>&nbsp;<\/p>\n<p>Pe. Rodolf Mbida, CMF e Pe. Casimir Mevoungou, CMF do Noviciado Anton Probst, em Ekali.<\/p>\n<p>&nbsp;<\/p>\n<p>Pe. Theophile Parfet Yene, CMF, Pe. Octave Soh Fonkou, CMF e Ir. Maurice Ndong, CMF do Teologado Imaculado Cora\u00e7\u00e3o de Maria, Ngoya.<\/p>\n<p>&nbsp;<\/p>\n<p>Fonte: Pe. Melvin Ngwakongnwi Neba, CMF, respons\u00e1vel pela comunica\u00e7\u00e3o audiovisual.<\/p>\n","protected":false},"excerpt":{"rendered":"<p>Casa Claret, Yaound\u00e9. Na tentativa de continuar a espalhar a chama na Congrega\u00e7\u00e3o, especialmente neste ano jubilar, a prefeitura de forma\u00e7\u00e3o da Delega\u00e7\u00e3o Independente dos Camar\u00f5es, sob o apoio do Pe. Theophile Parfet Yene, CMF, reuniu cerca de 100 estudantes na C\u00faria \u2013 Casa Claret em Nkolbisson no dia 1\u00ba de abril de 2024, para [&hellip;]<\/p>\n","protected":false},"author":69,"featured_media":165079,"comment_status":"closed","ping_status":"closed","sticky":false,"template":"","format":"standard","meta":{"_et_pb_use_builder":"","_et_pb_old_content":"","_et_gb_content_width":"","footnotes":""},"categories":[135,501],"tags":[],"class_list":["post-165084","post","type-post","status-publish","format-standard","has-post-thumbnail","hentry","category-cameroun-pt-pt","category-formacao"],"jetpack_featured_media_url":"https:\/\/i0.wp.com\/www.claret.org\/wp-content\/uploads\/2024\/04\/P4100246-1.jpg?fit=1920%2C1080&ssl=1","jetpack_sharing_enabled":true,"jetpack_shortlink":"https:\/\/wp.me\/pdaBmi-GWE","jetpack_likes_enabled":true,"_links":{"self":[{"href":"https:\/\/www.claret.org\/pt-pt\/wp-json\/wp\/v2\/posts\/165084","targetHints":{"allow":["GET"]}}],"collection":[{"href":"https:\/\/www.claret.org\/pt-pt\/wp-json\/wp\/v2\/posts"}],"about":[{"href":"https:\/\/www.claret.org\/pt-pt\/wp-json\/wp\/v2\/types\/post"}],"author":[{"embeddable":true,"href":"https:\/\/www.claret.org\/pt-pt\/wp-json\/wp\/v2\/users\/69"}],"replies":[{"embeddable":true,"href":"https:\/\/www.claret.org\/pt-pt\/wp-json\/wp\/v2\/comments?post=165084"}],"version-history":[{"count":0,"href":"https:\/\/www.claret.org\/pt-pt\/wp-json\/wp\/v2\/posts\/165084\/revisions"}],"wp:featuredmedia":[{"embeddable":true,"href":"https:\/\/www.claret.org\/pt-pt\/wp-json\/wp\/v2\/media\/165079"}],"wp:attachment":[{"href":"https:\/\/www.claret.org\/pt-pt\/wp-json\/wp\/v2\/media?parent=165084"}],"wp:term":[{"taxonomy":"category","embeddable":true,"href":"https:\/\/www.claret.org\/pt-pt\/wp-json\/wp\/v2\/categories?post=165084"},{"taxonomy":"post_tag","embeddable":true,"href":"https:\/\/www.claret.org\/pt-pt\/wp-json\/wp\/v2\/tags?post=165084"}],"curies":[{"name":"wp","href":"https:\/\/api.w.org\/{rel}","templated":true}]}}