{"id":165447,"date":"2024-04-23T09:56:46","date_gmt":"2024-04-23T07:56:46","guid":{"rendered":"https:\/\/www.claret.org\/abertura-do-primeiro-capitulo-provincial-da-provincia-do-nordeste-da-india\/"},"modified":"2024-04-23T09:56:46","modified_gmt":"2024-04-23T07:56:46","slug":"abertura-do-primeiro-capitulo-provincial-da-provincia-do-nordeste-da-india","status":"publish","type":"post","link":"https:\/\/www.claret.org\/pt-pt\/abertura-do-primeiro-capitulo-provincial-da-provincia-do-nordeste-da-india\/","title":{"rendered":"Abertura do primeiro Cap\u00edtulo Provincial da Prov\u00edncia do Nordeste da \u00cdndia"},"content":{"rendered":"<p><strong>Shilong, \u00cdndia<\/strong>. A Prov\u00edncia do Nordeste da \u00cdndia celebra seu Primeiro Cap\u00edtulo Provincial de 22 a 28 de abril de 2024 no Instituto Moreau de Forma\u00e7\u00e3o Integral (MIIT), Shillong, com o tema &#8216;Irradiando o Amor de Deus&#8217;.<\/p>\n<p>&nbsp;<\/p>\n<p>A inaugura\u00e7\u00e3o do Primeiro Cap\u00edtulo Provincial determina um marco significativo no caminho da Prov\u00edncia do Nordeste da \u00cdndia. Simboliza n\u00e3o apenas um momento de reuni\u00e3o formal de uma entidade estabelecida, mas tamb\u00e9m uma experi\u00eancia de unidade, colabora\u00e7\u00e3o e vis\u00e3o para o futuro. A inaugura\u00e7\u00e3o do Primeiro Cap\u00edtulo Provincial representa um novo come\u00e7o para a Prov\u00edncia e encarna o seu compromisso com o crescimento coletivo, a colabora\u00e7\u00e3o e o servi\u00e7o \u00e0 comunidade.<\/p>\n<p>&nbsp;<\/p>\n<p>A cerim\u00f4nia de abertura foi uma mistura de tradi\u00e7\u00e3o, solenidade e celebra\u00e7\u00e3o. Stanislaus Chinliankhup, Reitor do Oriens Theological College, Pe. Richard Majaw, Vig\u00e1rio Geral da Arquidiocese de Shillong e Pe. Anthony Bhyju CMF, Presidente da ASCLA West, partilhou as suas ideias e aspira\u00e7\u00f5es para o futuro da Prov\u00edncia. As suas palavras ressoaram profundamente com o apre\u00e7o pelo minist\u00e9rio dos Claretianos e das suas queridas associa\u00e7\u00f5es, o que deu impulso a renovados esfor\u00e7os mission\u00e1rios e pastorais.<\/p>\n<p>&nbsp;<\/p>\n<p>No meio de uma reuni\u00e3o de ilustres convidados, dignit\u00e1rios e membros do Cap\u00edtulo, o clima era de excita\u00e7\u00e3o e expectativa. A presen\u00e7a do Pe. Mathew Vattamattam, CMF, Superior Geral dos Claretianos, sublinhou a import\u00e2ncia deste evento tanto a n\u00edvel provincial como congregacional. No seu discurso inaugural, convidou o p\u00fablico e os membros do Cap\u00edtulo a<\/p>\n<p>&nbsp;<\/p>\n<p>apaixar-se por Deus; voc\u00eas far\u00e3o coisas maiores, enfatizou tamb\u00e9m o caminho sinodal de trabalhar juntos no jardim da Igreja. Ele tamb\u00e9m enfatizou a necessidade de retornar ao esp\u00edrito original do Evangelho.<\/p>\n<p>&nbsp;<\/p>\n<p>As observa\u00e7\u00f5es do Padre Geral despertaram este sentimento, enfatizando a import\u00e2ncia do trabalho mission\u00e1rio e a necessidade de unidade entre os membros da nossa Congrega\u00e7\u00e3o. As suas palavras serviram como um apelo \u00e0 a\u00e7\u00e3o, exortando-os a abra\u00e7ar o seu papel como embaixadores da Congrega\u00e7\u00e3o Claretiana e a difundir a sua mensagem por toda parte.<\/p>\n<p>&nbsp;<\/p>\n<p>O programa cultural que se seguiu foi uma vibrante exibi\u00e7\u00e3o de dan\u00e7a tradicional Khasi pela Par\u00f3quia Imaculado Cora\u00e7\u00e3o de Maria Mawpat e pelos alunos da Escola Secund\u00e1ria Santo Claret, Nongmensong, que apresentaram a rica diversidade e a heran\u00e7a do Nordeste da \u00cdndia. Atrav\u00e9s da m\u00fasica e da dan\u00e7a, celebraram n\u00e3o s\u00f3 a inaugura\u00e7\u00e3o, mas tamb\u00e9m a identidade e o esp\u00edrito \u00fanicos da Prov\u00edncia.<\/p>\n<p>&nbsp;<\/p>\n<p>A abertura do Primeiro Cap\u00edtulo Provincial marca o in\u00edcio de uma jornada emocionante para a Prov\u00edncia &#8211; uma jornada alimentada pela paix\u00e3o, dedica\u00e7\u00e3o e uma vis\u00e3o compartilhada para o futuro.<\/p>\n","protected":false},"excerpt":{"rendered":"<p>Shilong, \u00cdndia. A Prov\u00edncia do Nordeste da \u00cdndia celebra seu Primeiro Cap\u00edtulo Provincial de 22 a 28 de abril de 2024 no Instituto Moreau de Forma\u00e7\u00e3o Integral (MIIT), Shillong, com o tema &#8216;Irradiando o Amor de Deus&#8217;. &nbsp; A inaugura\u00e7\u00e3o do Primeiro Cap\u00edtulo Provincial determina um marco significativo no caminho da Prov\u00edncia do Nordeste da [&hellip;]<\/p>\n","protected":false},"author":69,"featured_media":165394,"comment_status":"closed","ping_status":"closed","sticky":false,"template":"","format":"standard","meta":{"_et_pb_use_builder":"","_et_pb_old_content":"","_et_gb_content_width":"","footnotes":""},"categories":[241],"tags":[],"class_list":["post-165447","post","type-post","status-publish","format-standard","has-post-thumbnail","hentry","category-northeast-india-pt-pt"],"jetpack_featured_media_url":"https:\/\/i0.wp.com\/www.claret.org\/wp-content\/uploads\/2024\/04\/IMG-20240423-WA0069-1.jpg?fit=1600%2C1066&ssl=1","jetpack_sharing_enabled":true,"jetpack_shortlink":"https:\/\/wp.me\/pdaBmi-H2v","jetpack_likes_enabled":true,"_links":{"self":[{"href":"https:\/\/www.claret.org\/pt-pt\/wp-json\/wp\/v2\/posts\/165447","targetHints":{"allow":["GET"]}}],"collection":[{"href":"https:\/\/www.claret.org\/pt-pt\/wp-json\/wp\/v2\/posts"}],"about":[{"href":"https:\/\/www.claret.org\/pt-pt\/wp-json\/wp\/v2\/types\/post"}],"author":[{"embeddable":true,"href":"https:\/\/www.claret.org\/pt-pt\/wp-json\/wp\/v2\/users\/69"}],"replies":[{"embeddable":true,"href":"https:\/\/www.claret.org\/pt-pt\/wp-json\/wp\/v2\/comments?post=165447"}],"version-history":[{"count":0,"href":"https:\/\/www.claret.org\/pt-pt\/wp-json\/wp\/v2\/posts\/165447\/revisions"}],"wp:featuredmedia":[{"embeddable":true,"href":"https:\/\/www.claret.org\/pt-pt\/wp-json\/wp\/v2\/media\/165394"}],"wp:attachment":[{"href":"https:\/\/www.claret.org\/pt-pt\/wp-json\/wp\/v2\/media?parent=165447"}],"wp:term":[{"taxonomy":"category","embeddable":true,"href":"https:\/\/www.claret.org\/pt-pt\/wp-json\/wp\/v2\/categories?post=165447"},{"taxonomy":"post_tag","embeddable":true,"href":"https:\/\/www.claret.org\/pt-pt\/wp-json\/wp\/v2\/tags?post=165447"}],"curies":[{"name":"wp","href":"https:\/\/api.w.org\/{rel}","templated":true}]}}